{"id":509,"date":"2025-04-06T06:23:56","date_gmt":"2025-04-06T06:23:56","guid":{"rendered":"https:\/\/kmkszisz.com\/?p=509"},"modified":"2025-05-13T06:28:28","modified_gmt":"2025-05-13T06:28:28","slug":"megalakult-a-kmksz-isz-tiszaujlaki-kistersegi-szervezte","status":"publish","type":"post","link":"https:\/\/kmkszisz.com\/ua\/megalakult-a-kmksz-isz-tiszaujlaki-kistersegi-szervezte\/","title":{"rendered":"Megalakult a KMKSZ ISZ Tisza\u00fajlaki kist\u00e9rs\u00e9gi szervezte"},"content":{"rendered":"<p>A KMKSZ Ifj\u00fas\u00e1gi Szervezet\u00e9nek c\u00e9lja, hogy \u00f6sszefogja a k\u00e1rp\u00e1taljai magyar fiatals\u00e1got. A h\u00e1bor\u00fas helyzet azonban \u00faj kih\u00edv\u00e1sok el\u00e9 \u00e1ll\u00edtotta mind az ifj\u00fas\u00e1got, mind a szervezetet vid\u00e9k\u00fcnk\u00f6n, ez\u00e9rt sz\u00fcks\u00e9ges, hogy az egyes\u00fclet \u00faj lend\u00fcletet vegyen \u00e9s sorait fiatal, tettre k\u00e9sz tagokkal b\u0151v\u00edts\u00e9k, akik k\u00e9szen \u00e1llnak a k\u00f6z\u00f6ss\u00e9g\u00e9p\u00edt\u00e9sre \u00e9s az \u00faj \u00f6tletek megval\u00f3s\u00edt\u00e1s\u00e1ra. Ennek f\u00e9ny\u00e9ben ker\u00fclt sor Verb\u0151c\u00f6n a Tisza\u00fajlaki Kist\u00e9rs\u00e9g alapszervezet\u00e9nek alakul\u00f3 \u00fcl\u00e9s\u00e9re.<\/p>\n\n\n\n<figure class=\"wp-block-embed is-type-video is-provider-youtube wp-block-embed-youtube wp-embed-aspect-16-9 wp-has-aspect-ratio\"><div class=\"wp-block-embed__wrapper\">\n<iframe loading=\"lazy\" title=\"KMKSZ ISZ alakul\u00f3 \u00fcl\u00e9s Verb\u0151c\u00f6n\" width=\"500\" height=\"281\" src=\"https:\/\/www.youtube.com\/embed\/rCOihGeC2yM?feature=oembed\" frameborder=\"0\" allow=\"accelerometer; autoplay; clipboard-write; encrypted-media; gyroscope; picture-in-picture; web-share\" referrerpolicy=\"strict-origin-when-cross-origin\" allowfullscreen><\/iframe>\n<\/div><\/figure>","protected":false},"excerpt":{"rendered":"<p>A KMKSZ Ifj\u00fas\u00e1gi Szervezet\u00e9nek c\u00e9lja, hogy \u00f6sszefogja a k\u00e1rp\u00e1taljai magyar fiatals\u00e1got. A h\u00e1bor\u00fas helyzet azonban \u00faj kih\u00edv\u00e1sok el\u00e9 \u00e1ll\u00edtotta mind [&hellip;]<\/p>","protected":false},"author":4,"featured_media":510,"comment_status":"open","ping_status":"open","sticky":false,"template":"","format":"standard","meta":{"_uag_custom_page_level_css":"","site-sidebar-layout":"default","site-content-layout":"","ast-site-content-layout":"default","site-content-style":"default","site-sidebar-style":"default","ast-global-header-display":"","ast-banner-title-visibility":"","ast-main-header-display":"","ast-hfb-above-header-display":"","ast-hfb-below-header-display":"","ast-hfb-mobile-header-display":"","site-post-title":"","ast-breadcrumbs-content":"","ast-featured-img":"","footer-sml-layout":"","ast-disable-related-posts":"","theme-transparent-header-meta":"","adv-header-id-meta":"","stick-header-meta":"","header-above-stick-meta":"","header-main-stick-meta":"","header-below-stick-meta":"","astra-migrate-meta-layouts":"default","ast-page-background-enabled":"default","ast-page-background-meta":{"desktop":{"background-color":"var(--ast-global-color-4)","background-image":"","background-repeat":"repeat","background-position":"center center","background-size":"auto","background-attachment":"scroll","background-type":"","background-media":"","overlay-type":"","overlay-color":"","overlay-opacity":"","overlay-gradient":""},"tablet":{"background-color":"","background-image":"","background-repeat":"repeat","background-position":"center center","background-size":"auto","background-attachment":"scroll","background-type":"","background-media":"","overlay-type":"","overlay-color":"","overlay-opacity":"","overlay-gradient":""},"mobile":{"background-color":"","background-image":"","background-repeat":"repeat","background-position":"center center","background-size":"auto","background-attachment":"scroll","background-type":"","background-media":"","overlay-type":"","overlay-color":"","overlay-opacity":"","overlay-gradient":""}},"ast-content-background-meta":{"desktop":{"background-color":"var(--ast-global-color-5)","background-image":"","background-repeat":"repeat","background-position":"center center","background-size":"auto","background-attachment":"scroll","background-type":"","background-media":"","overlay-type":"","overlay-color":"","overlay-opacity":"","overlay-gradient":""},"tablet":{"background-color":"var(--ast-global-color-5)","background-image":"","background-repeat":"repeat","background-position":"center center","background-size":"auto","background-attachment":"scroll","background-type":"","background-media":"","overlay-type":"","overlay-color":"","overlay-opacity":"","overlay-gradient":""},"mobile":{"background-color":"var(--ast-global-color-5)","background-image":"","background-repeat":"repeat","background-position":"center center","background-size":"auto","background-attachment":"scroll","background-type":"","background-media":"","overlay-type":"","overlay-color":"","overlay-opacity":"","overlay-gradient":""}},"footnotes":""},"categories":[1],"tags":[],"class_list":["post-509","post","type-post","status-publish","format-standard","has-post-thumbnail","hentry","category-uncategorized"],"yoast_head":"<!-- This site is optimized with the Yoast SEO plugin v25.2 - https:\/\/yoast.com\/wordpress\/plugins\/seo\/ -->\n<title>Megalakult a KMKSZ ISZ Tisza\u00fajlaki kist\u00e9rs\u00e9gi szervezte - K\u00e1rp\u00e1taljai Magyar Kultur\u00e1lis Sz\u00f6vegs\u00e9g Ifj\u00fas\u00e1gi Szervezete<\/title>\n<meta name=\"robots\" content=\"index, follow, max-snippet:-1, max-image-preview:large, max-video-preview:-1\" \/>\n<link rel=\"canonical\" href=\"https:\/\/kmkszisz.com\/ua\/megalakult-a-kmksz-isz-tiszaujlaki-kistersegi-szervezte\/\" \/>\n<meta property=\"og:locale\" content=\"uk_UA\" \/>\n<meta property=\"og:type\" content=\"article\" \/>\n<meta property=\"og:title\" content=\"Megalakult a KMKSZ ISZ Tisza\u00fajlaki kist\u00e9rs\u00e9gi szervezte - K\u00e1rp\u00e1taljai Magyar Kultur\u00e1lis Sz\u00f6vegs\u00e9g Ifj\u00fas\u00e1gi Szervezete\" \/>\n<meta property=\"og:description\" content=\"A KMKSZ Ifj\u00fas\u00e1gi Szervezet\u00e9nek c\u00e9lja, hogy \u00f6sszefogja a k\u00e1rp\u00e1taljai magyar fiatals\u00e1got. A h\u00e1bor\u00fas helyzet azonban \u00faj kih\u00edv\u00e1sok el\u00e9 \u00e1ll\u00edtotta mind [&hellip;]\" \/>\n<meta property=\"og:url\" content=\"https:\/\/kmkszisz.com\/ua\/megalakult-a-kmksz-isz-tiszaujlaki-kistersegi-szervezte\/\" \/>\n<meta property=\"og:site_name\" content=\"K\u00e1rp\u00e1taljai Magyar Kultur\u00e1lis Sz\u00f6vegs\u00e9g Ifj\u00fas\u00e1gi Szervezete\" \/>\n<meta property=\"article:published_time\" content=\"2025-04-06T06:23:56+00:00\" \/>\n<meta property=\"article:modified_time\" content=\"2025-05-13T06:28:28+00:00\" \/>\n<meta property=\"og:image\" content=\"https:\/\/kmkszisz.com\/wp-content\/uploads\/2025\/05\/Screenshot-2025-05-13-082709.png\" \/>\n\t<meta property=\"og:image:width\" content=\"1081\" \/>\n\t<meta property=\"og:image:height\" content=\"626\" \/>\n\t<meta property=\"og:image:type\" content=\"image\/png\" \/>\n<meta name=\"author\" content=\"zbocx6n7zj65\" \/>\n<meta name=\"twitter:card\" content=\"summary_large_image\" \/>\n<meta name=\"twitter:label1\" content=\"\u041d\u0430\u043f\u0438\u0441\u0430\u043d\u043e\" \/>\n\t<meta name=\"twitter:data1\" content=\"zbocx6n7zj65\" \/>\n\t<meta name=\"twitter:label2\" content=\"\u041f\u0440\u0438\u0431\u043b. \u0447\u0430\u0441 \u0447\u0438\u0442\u0430\u043d\u043d\u044f\" \/>\n\t<meta name=\"twitter:data2\" content=\"1 \u0445\u0432\u0438\u043b\u0438\u043d\u0430\" \/>\n<script type=\"application\/ld+json\" class=\"yoast-schema-graph\">{\"@context\":\"https:\/\/schema.org\",\"@graph\":[{\"@type\":\"Article\",\"@id\":\"https:\/\/kmkszisz.com\/megalakult-a-kmksz-isz-tiszaujlaki-kistersegi-szervezte\/#article\",\"isPartOf\":{\"@id\":\"https:\/\/kmkszisz.com\/megalakult-a-kmksz-isz-tiszaujlaki-kistersegi-szervezte\/\"},\"author\":{\"name\":\"zbocx6n7zj65\",\"@id\":\"https:\/\/kmkszisz.com\/#\/schema\/person\/65627e728e4eb8a7da6351356bcdbbd2\"},\"headline\":\"Megalakult a KMKSZ ISZ Tisza\u00fajlaki kist\u00e9rs\u00e9gi szervezte\",\"datePublished\":\"2025-04-06T06:23:56+00:00\",\"dateModified\":\"2025-05-13T06:28:28+00:00\",\"mainEntityOfPage\":{\"@id\":\"https:\/\/kmkszisz.com\/megalakult-a-kmksz-isz-tiszaujlaki-kistersegi-szervezte\/\"},\"wordCount\":125,\"commentCount\":0,\"publisher\":{\"@id\":\"https:\/\/kmkszisz.com\/#organization\"},\"image\":{\"@id\":\"https:\/\/kmkszisz.com\/megalakult-a-kmksz-isz-tiszaujlaki-kistersegi-szervezte\/#primaryimage\"},\"thumbnailUrl\":\"https:\/\/kmkszisz.com\/wp-content\/uploads\/2025\/05\/Screenshot-2025-05-13-082709.png\",\"articleSection\":[\"Uncategorized\"],\"inLanguage\":\"uk\",\"potentialAction\":[{\"@type\":\"CommentAction\",\"name\":\"Comment\",\"target\":[\"https:\/\/kmkszisz.com\/megalakult-a-kmksz-isz-tiszaujlaki-kistersegi-szervezte\/#respond\"]}]},{\"@type\":\"WebPage\",\"@id\":\"https:\/\/kmkszisz.com\/megalakult-a-kmksz-isz-tiszaujlaki-kistersegi-szervezte\/\",\"url\":\"https:\/\/kmkszisz.com\/megalakult-a-kmksz-isz-tiszaujlaki-kistersegi-szervezte\/\",\"name\":\"Megalakult a KMKSZ ISZ Tisza\u00fajlaki kist\u00e9rs\u00e9gi szervezte - K\u00e1rp\u00e1taljai Magyar Kultur\u00e1lis Sz\u00f6vegs\u00e9g Ifj\u00fas\u00e1gi Szervezete\",\"isPartOf\":{\"@id\":\"https:\/\/kmkszisz.com\/#website\"},\"primaryImageOfPage\":{\"@id\":\"https:\/\/kmkszisz.com\/megalakult-a-kmksz-isz-tiszaujlaki-kistersegi-szervezte\/#primaryimage\"},\"image\":{\"@id\":\"https:\/\/kmkszisz.com\/megalakult-a-kmksz-isz-tiszaujlaki-kistersegi-szervezte\/#primaryimage\"},\"thumbnailUrl\":\"https:\/\/kmkszisz.com\/wp-content\/uploads\/2025\/05\/Screenshot-2025-05-13-082709.png\",\"datePublished\":\"2025-04-06T06:23:56+00:00\",\"dateModified\":\"2025-05-13T06:28:28+00:00\",\"breadcrumb\":{\"@id\":\"https:\/\/kmkszisz.com\/megalakult-a-kmksz-isz-tiszaujlaki-kistersegi-szervezte\/#breadcrumb\"},\"inLanguage\":\"uk\",\"potentialAction\":[{\"@type\":\"ReadAction\",\"target\":[\"https:\/\/kmkszisz.com\/megalakult-a-kmksz-isz-tiszaujlaki-kistersegi-szervezte\/\"]}]},{\"@type\":\"ImageObject\",\"inLanguage\":\"uk\",\"@id\":\"https:\/\/kmkszisz.com\/megalakult-a-kmksz-isz-tiszaujlaki-kistersegi-szervezte\/#primaryimage\",\"url\":\"https:\/\/kmkszisz.com\/wp-content\/uploads\/2025\/05\/Screenshot-2025-05-13-082709.png\",\"contentUrl\":\"https:\/\/kmkszisz.com\/wp-content\/uploads\/2025\/05\/Screenshot-2025-05-13-082709.png\",\"width\":1081,\"height\":626,\"caption\":\"KMKSZ ISZ Tisza\u00fajlaki alapszervezet tagjai.\"},{\"@type\":\"BreadcrumbList\",\"@id\":\"https:\/\/kmkszisz.com\/megalakult-a-kmksz-isz-tiszaujlaki-kistersegi-szervezte\/#breadcrumb\",\"itemListElement\":[{\"@type\":\"ListItem\",\"position\":1,\"name\":\"Kezd\u0151lap\",\"item\":\"https:\/\/kmkszisz.com\/\"},{\"@type\":\"ListItem\",\"position\":2,\"name\":\"Megalakult a KMKSZ ISZ Tisza\u00fajlaki kist\u00e9rs\u00e9gi szervezte\"}]},{\"@type\":\"WebSite\",\"@id\":\"https:\/\/kmkszisz.com\/#website\",\"url\":\"https:\/\/kmkszisz.com\/\",\"name\":\"K\u00e1rp\u00e1taljai Magyar Kultur\u00e1lis Sz\u00f6vegs\u00e9g Ifj\u00fas\u00e1gi Szervezete\",\"description\":\"Ez az oldal a KMKSZISZ hivatalos weblapja.\",\"publisher\":{\"@id\":\"https:\/\/kmkszisz.com\/#organization\"},\"potentialAction\":[{\"@type\":\"SearchAction\",\"target\":{\"@type\":\"EntryPoint\",\"urlTemplate\":\"https:\/\/kmkszisz.com\/?s={search_term_string}\"},\"query-input\":{\"@type\":\"PropertyValueSpecification\",\"valueRequired\":true,\"valueName\":\"search_term_string\"}}],\"inLanguage\":\"uk\"},{\"@type\":\"Organization\",\"@id\":\"https:\/\/kmkszisz.com\/#organization\",\"name\":\"K\u00e1rp\u00e1taljai Magyar Kultur\u00e1lis Sz\u00f6vegs\u00e9g Ifj\u00fas\u00e1gi Szervezete\",\"url\":\"https:\/\/kmkszisz.com\/\",\"logo\":{\"@type\":\"ImageObject\",\"inLanguage\":\"uk\",\"@id\":\"https:\/\/kmkszisz.com\/#\/schema\/logo\/image\/\",\"url\":\"https:\/\/kmkszisz.com\/wp-content\/uploads\/2025\/03\/cropped-KMKSZ-ISZ-logo-szines-hatternelkul-1-scaled.png\",\"contentUrl\":\"https:\/\/kmkszisz.com\/wp-content\/uploads\/2025\/03\/cropped-KMKSZ-ISZ-logo-szines-hatternelkul-1-scaled.png\",\"width\":2560,\"height\":2230,\"caption\":\"K\u00e1rp\u00e1taljai Magyar Kultur\u00e1lis Sz\u00f6vegs\u00e9g Ifj\u00fas\u00e1gi Szervezete\"},\"image\":{\"@id\":\"https:\/\/kmkszisz.com\/#\/schema\/logo\/image\/\"}},{\"@type\":\"Person\",\"@id\":\"https:\/\/kmkszisz.com\/#\/schema\/person\/65627e728e4eb8a7da6351356bcdbbd2\",\"name\":\"zbocx6n7zj65\",\"image\":{\"@type\":\"ImageObject\",\"inLanguage\":\"uk\",\"@id\":\"https:\/\/kmkszisz.com\/#\/schema\/person\/image\/\",\"url\":\"https:\/\/secure.gravatar.com\/avatar\/8a15a507d04ef98009579dd2a80305aa411710be28eabbfe8b948e9a2687f6ad?s=96&d=mm&r=g\",\"contentUrl\":\"https:\/\/secure.gravatar.com\/avatar\/8a15a507d04ef98009579dd2a80305aa411710be28eabbfe8b948e9a2687f6ad?s=96&d=mm&r=g\",\"caption\":\"zbocx6n7zj65\"},\"url\":\"https:\/\/kmkszisz.com\/ua\/author\/zbocx6n7zj65\/\"}]}<\/script>\n<!-- \/ Yoast SEO plugin. -->","yoast_head_json":{"title":"Megalakult a KMKSZ ISZ Tisza\u00fajlaki kist\u00e9rs\u00e9gi szervezte - K\u00e1rp\u00e1taljai Magyar Kultur\u00e1lis Sz\u00f6vegs\u00e9g Ifj\u00fas\u00e1gi Szervezete","robots":{"index":"index","follow":"follow","max-snippet":"max-snippet:-1","max-image-preview":"max-image-preview:large","max-video-preview":"max-video-preview:-1"},"canonical":"https:\/\/kmkszisz.com\/ua\/megalakult-a-kmksz-isz-tiszaujlaki-kistersegi-szervezte\/","og_locale":"uk_UA","og_type":"article","og_title":"Megalakult a KMKSZ ISZ Tisza\u00fajlaki kist\u00e9rs\u00e9gi szervezte - K\u00e1rp\u00e1taljai Magyar Kultur\u00e1lis Sz\u00f6vegs\u00e9g Ifj\u00fas\u00e1gi Szervezete","og_description":"A KMKSZ Ifj\u00fas\u00e1gi Szervezet\u00e9nek c\u00e9lja, hogy \u00f6sszefogja a k\u00e1rp\u00e1taljai magyar fiatals\u00e1got. A h\u00e1bor\u00fas helyzet azonban \u00faj kih\u00edv\u00e1sok el\u00e9 \u00e1ll\u00edtotta mind [&hellip;]","og_url":"https:\/\/kmkszisz.com\/ua\/megalakult-a-kmksz-isz-tiszaujlaki-kistersegi-szervezte\/","og_site_name":"K\u00e1rp\u00e1taljai Magyar Kultur\u00e1lis Sz\u00f6vegs\u00e9g Ifj\u00fas\u00e1gi Szervezete","article_published_time":"2025-04-06T06:23:56+00:00","article_modified_time":"2025-05-13T06:28:28+00:00","og_image":[{"width":1081,"height":626,"url":"https:\/\/kmkszisz.com\/wp-content\/uploads\/2025\/05\/Screenshot-2025-05-13-082709.png","type":"image\/png"}],"author":"zbocx6n7zj65","twitter_card":"summary_large_image","twitter_misc":{"\u041d\u0430\u043f\u0438\u0441\u0430\u043d\u043e":"zbocx6n7zj65","\u041f\u0440\u0438\u0431\u043b. \u0447\u0430\u0441 \u0447\u0438\u0442\u0430\u043d\u043d\u044f":"1 \u0445\u0432\u0438\u043b\u0438\u043d\u0430"},"schema":{"@context":"https:\/\/schema.org","@graph":[{"@type":"Article","@id":"https:\/\/kmkszisz.com\/megalakult-a-kmksz-isz-tiszaujlaki-kistersegi-szervezte\/#article","isPartOf":{"@id":"https:\/\/kmkszisz.com\/megalakult-a-kmksz-isz-tiszaujlaki-kistersegi-szervezte\/"},"author":{"name":"zbocx6n7zj65","@id":"https:\/\/kmkszisz.com\/#\/schema\/person\/65627e728e4eb8a7da6351356bcdbbd2"},"headline":"Megalakult a KMKSZ ISZ Tisza\u00fajlaki kist\u00e9rs\u00e9gi szervezte","datePublished":"2025-04-06T06:23:56+00:00","dateModified":"2025-05-13T06:28:28+00:00","mainEntityOfPage":{"@id":"https:\/\/kmkszisz.com\/megalakult-a-kmksz-isz-tiszaujlaki-kistersegi-szervezte\/"},"wordCount":125,"commentCount":0,"publisher":{"@id":"https:\/\/kmkszisz.com\/#organization"},"image":{"@id":"https:\/\/kmkszisz.com\/megalakult-a-kmksz-isz-tiszaujlaki-kistersegi-szervezte\/#primaryimage"},"thumbnailUrl":"https:\/\/kmkszisz.com\/wp-content\/uploads\/2025\/05\/Screenshot-2025-05-13-082709.png","articleSection":["Uncategorized"],"inLanguage":"uk","potentialAction":[{"@type":"CommentAction","name":"Comment","target":["https:\/\/kmkszisz.com\/megalakult-a-kmksz-isz-tiszaujlaki-kistersegi-szervezte\/#respond"]}]},{"@type":"WebPage","@id":"https:\/\/kmkszisz.com\/megalakult-a-kmksz-isz-tiszaujlaki-kistersegi-szervezte\/","url":"https:\/\/kmkszisz.com\/megalakult-a-kmksz-isz-tiszaujlaki-kistersegi-szervezte\/","name":"Megalakult a KMKSZ ISZ Tisza\u00fajlaki kist\u00e9rs\u00e9gi szervezte - K\u00e1rp\u00e1taljai Magyar Kultur\u00e1lis Sz\u00f6vegs\u00e9g Ifj\u00fas\u00e1gi Szervezete","isPartOf":{"@id":"https:\/\/kmkszisz.com\/#website"},"primaryImageOfPage":{"@id":"https:\/\/kmkszisz.com\/megalakult-a-kmksz-isz-tiszaujlaki-kistersegi-szervezte\/#primaryimage"},"image":{"@id":"https:\/\/kmkszisz.com\/megalakult-a-kmksz-isz-tiszaujlaki-kistersegi-szervezte\/#primaryimage"},"thumbnailUrl":"https:\/\/kmkszisz.com\/wp-content\/uploads\/2025\/05\/Screenshot-2025-05-13-082709.png","datePublished":"2025-04-06T06:23:56+00:00","dateModified":"2025-05-13T06:28:28+00:00","breadcrumb":{"@id":"https:\/\/kmkszisz.com\/megalakult-a-kmksz-isz-tiszaujlaki-kistersegi-szervezte\/#breadcrumb"},"inLanguage":"uk","potentialAction":[{"@type":"ReadAction","target":["https:\/\/kmkszisz.com\/megalakult-a-kmksz-isz-tiszaujlaki-kistersegi-szervezte\/"]}]},{"@type":"ImageObject","inLanguage":"uk","@id":"https:\/\/kmkszisz.com\/megalakult-a-kmksz-isz-tiszaujlaki-kistersegi-szervezte\/#primaryimage","url":"https:\/\/kmkszisz.com\/wp-content\/uploads\/2025\/05\/Screenshot-2025-05-13-082709.png","contentUrl":"https:\/\/kmkszisz.com\/wp-content\/uploads\/2025\/05\/Screenshot-2025-05-13-082709.png","width":1081,"height":626,"caption":"KMKSZ ISZ Tisza\u00fajlaki alapszervezet tagjai."},{"@type":"BreadcrumbList","@id":"https:\/\/kmkszisz.com\/megalakult-a-kmksz-isz-tiszaujlaki-kistersegi-szervezte\/#breadcrumb","itemListElement":[{"@type":"ListItem","position":1,"name":"Kezd\u0151lap","item":"https:\/\/kmkszisz.com\/"},{"@type":"ListItem","position":2,"name":"Megalakult a KMKSZ ISZ Tisza\u00fajlaki kist\u00e9rs\u00e9gi szervezte"}]},{"@type":"WebSite","@id":"https:\/\/kmkszisz.com\/#website","url":"https:\/\/kmkszisz.com\/","name":"K\u00e1rp\u00e1taljai Magyar Kultur\u00e1lis Sz\u00f6vegs\u00e9g Ifj\u00fas\u00e1gi Szervezete","description":"Ez az oldal a KMKSZISZ hivatalos weblapja.","publisher":{"@id":"https:\/\/kmkszisz.com\/#organization"},"potentialAction":[{"@type":"SearchAction","target":{"@type":"EntryPoint","urlTemplate":"https:\/\/kmkszisz.com\/?s={search_term_string}"},"query-input":{"@type":"PropertyValueSpecification","valueRequired":true,"valueName":"search_term_string"}}],"inLanguage":"uk"},{"@type":"Organization","@id":"https:\/\/kmkszisz.com\/#organization","name":"K\u00e1rp\u00e1taljai Magyar Kultur\u00e1lis Sz\u00f6vegs\u00e9g Ifj\u00fas\u00e1gi Szervezete","url":"https:\/\/kmkszisz.com\/","logo":{"@type":"ImageObject","inLanguage":"uk","@id":"https:\/\/kmkszisz.com\/#\/schema\/logo\/image\/","url":"https:\/\/kmkszisz.com\/wp-content\/uploads\/2025\/03\/cropped-KMKSZ-ISZ-logo-szines-hatternelkul-1-scaled.png","contentUrl":"https:\/\/kmkszisz.com\/wp-content\/uploads\/2025\/03\/cropped-KMKSZ-ISZ-logo-szines-hatternelkul-1-scaled.png","width":2560,"height":2230,"caption":"K\u00e1rp\u00e1taljai Magyar Kultur\u00e1lis Sz\u00f6vegs\u00e9g Ifj\u00fas\u00e1gi Szervezete"},"image":{"@id":"https:\/\/kmkszisz.com\/#\/schema\/logo\/image\/"}},{"@type":"Person","@id":"https:\/\/kmkszisz.com\/#\/schema\/person\/65627e728e4eb8a7da6351356bcdbbd2","name":"zbocx6n7zj65","image":{"@type":"ImageObject","inLanguage":"uk","@id":"https:\/\/kmkszisz.com\/#\/schema\/person\/image\/","url":"https:\/\/secure.gravatar.com\/avatar\/8a15a507d04ef98009579dd2a80305aa411710be28eabbfe8b948e9a2687f6ad?s=96&d=mm&r=g","contentUrl":"https:\/\/secure.gravatar.com\/avatar\/8a15a507d04ef98009579dd2a80305aa411710be28eabbfe8b948e9a2687f6ad?s=96&d=mm&r=g","caption":"zbocx6n7zj65"},"url":"https:\/\/kmkszisz.com\/ua\/author\/zbocx6n7zj65\/"}]}},"uagb_featured_image_src":{"full":["https:\/\/kmkszisz.com\/wp-content\/uploads\/2025\/05\/Screenshot-2025-05-13-082709.png",1081,626,false],"thumbnail":["https:\/\/kmkszisz.com\/wp-content\/uploads\/2025\/05\/Screenshot-2025-05-13-082709-150x150.png",150,150,true],"medium":["https:\/\/kmkszisz.com\/wp-content\/uploads\/2025\/05\/Screenshot-2025-05-13-082709-300x174.png",300,174,true],"medium_large":["https:\/\/kmkszisz.com\/wp-content\/uploads\/2025\/05\/Screenshot-2025-05-13-082709-768x445.png",768,445,true],"large":["https:\/\/kmkszisz.com\/wp-content\/uploads\/2025\/05\/Screenshot-2025-05-13-082709-1024x593.png",1024,593,true],"1536x1536":["https:\/\/kmkszisz.com\/wp-content\/uploads\/2025\/05\/Screenshot-2025-05-13-082709.png",1081,626,false],"2048x2048":["https:\/\/kmkszisz.com\/wp-content\/uploads\/2025\/05\/Screenshot-2025-05-13-082709.png",1081,626,false],"trp-custom-language-flag":["https:\/\/kmkszisz.com\/wp-content\/uploads\/2025\/05\/Screenshot-2025-05-13-082709-18x10.png",18,10,true]},"uagb_author_info":{"display_name":"zbocx6n7zj65","author_link":"https:\/\/kmkszisz.com\/ua\/author\/zbocx6n7zj65\/"},"uagb_comment_info":19,"uagb_excerpt":"A KMKSZ Ifj\u00fas\u00e1gi Szervezet\u00e9nek c\u00e9lja, hogy \u00f6sszefogja a k\u00e1rp\u00e1taljai magyar fiatals\u00e1got. A h\u00e1bor\u00fas helyzet azonban \u00faj kih\u00edv\u00e1sok el\u00e9 \u00e1ll\u00edtotta mind [&hellip;]","brizy_media":[],"_links":{"self":[{"href":"https:\/\/kmkszisz.com\/ua\/wp-json\/wp\/v2\/posts\/509","targetHints":{"allow":["GET"]}}],"collection":[{"href":"https:\/\/kmkszisz.com\/ua\/wp-json\/wp\/v2\/posts"}],"about":[{"href":"https:\/\/kmkszisz.com\/ua\/wp-json\/wp\/v2\/types\/post"}],"author":[{"embeddable":true,"href":"https:\/\/kmkszisz.com\/ua\/wp-json\/wp\/v2\/users\/4"}],"replies":[{"embeddable":true,"href":"https:\/\/kmkszisz.com\/ua\/wp-json\/wp\/v2\/comments?post=509"}],"version-history":[{"count":1,"href":"https:\/\/kmkszisz.com\/ua\/wp-json\/wp\/v2\/posts\/509\/revisions"}],"predecessor-version":[{"id":511,"href":"https:\/\/kmkszisz.com\/ua\/wp-json\/wp\/v2\/posts\/509\/revisions\/511"}],"wp:featuredmedia":[{"embeddable":true,"href":"https:\/\/kmkszisz.com\/ua\/wp-json\/wp\/v2\/media\/510"}],"wp:attachment":[{"href":"https:\/\/kmkszisz.com\/ua\/wp-json\/wp\/v2\/media?parent=509"}],"wp:term":[{"taxonomy":"category","embeddable":true,"href":"https:\/\/kmkszisz.com\/ua\/wp-json\/wp\/v2\/categories?post=509"},{"taxonomy":"post_tag","embeddable":true,"href":"https:\/\/kmkszisz.com\/ua\/wp-json\/wp\/v2\/tags?post=509"}],"curies":[{"name":"wp","href":"https:\/\/api.w.org\/{rel}","templated":true}]}}