{"id":537,"date":"2025-05-05T06:52:38","date_gmt":"2025-05-05T06:52:38","guid":{"rendered":"https:\/\/kmkszisz.com\/?p=537"},"modified":"2025-05-13T07:06:06","modified_gmt":"2025-05-13T07:06:06","slug":"kozeledik-a-stand-up-budapest-karpataljai-turne","status":"publish","type":"post","link":"https:\/\/kmkszisz.com\/ua\/kozeledik-a-stand-up-budapest-karpataljai-turne\/","title":{"rendered":"K\u00f6zeledik a Stand-UP Budapest: K\u00e1rp\u00e1taljai turn\u00e9!"},"content":{"rendered":"<p><\/p>\n\n\n\n<p>\u27a1\ufe0fK\u00e1rp\u00e1talja t\u00f6bb helysz\u00edn\u00e9n a Stand-UP Budapest fiatal humorist\u00e1i l\u00e9pnek sz\u00ednpadra. Az el\u0151ad\u00e1s t\u00e9m\u00e1i k\u00f6z\u00f6tt a humorist\u00e1k mindennapi t\u00f6rt\u00e9netekr\u0151l mes\u00e9lnek, 12 \u00e9ven fel\u00fcli koroszt\u00e1ly sz\u00e1m\u00e1ra.<br>\ud83d\ude4fAz esem\u00e9ny ingyenes, de j\u00f3t\u00e9konys\u00e1gi c\u00e9lt szolg\u00e1l: a helysz\u00ednen elhelyezett adom\u00e1nyokat teljes eg\u00e9sz\u00e9ben az \u00d6sszefogunk \u00c1di\u00e9rt Alap\u00edtv\u00e1ny jav\u00e1ra aj\u00e1nljuk fel.<br>\u27a1\ufe0fA g\u00f6rd\u00fcl\u00e9keny szervez\u00e9s \u00e9rdek\u00e9ben k\u00e9rj\u00fck, hogy r\u00e9szv\u00e9teli sz\u00e1nd\u00e9kukat regisztr\u00e1ci\u00f3val jelezz\u00e9k, a megadott linkek valamelyik\u00e9n:<\/p>\n\n\n\n<p>m\u00e1jus 16 Munk\u00e1cs: <a href=\"https:\/\/docs.google.com\/forms\/d\/e\/1FAIpQLSdS8gJoe7XOq15DF4dJpxRS8E2XwjAkoCDaaIST5Mt8SLpIpQ\/viewform\">STUND-UP BUDAPEST &#8211; K\u00e1rp\u00e1taljai turn\u00e9, Munk\u00e1cs<\/a><\/p>\n\n\n\n<p>m\u00e1jus 17 Beregsz\u00e1sz: <a href=\"https:\/\/docs.google.com\/forms\/d\/e\/1FAIpQLSe6jJ6tR8EcVrWidi3Hd0xbwR0imQtlJLD8pJo-WjJSPVm0Vw\/viewform\">STUND-UP BUDAPEST &#8211; K\u00e1rp\u00e1taljai turn\u00e9, Beregsz\u00e1sz<\/a><\/p>\n\n\n\n<p>m\u00e1jus 18 Nagysz\u0151l\u0151s: <a href=\"https:\/\/docs.google.com\/forms\/d\/e\/1FAIpQLSdtpHM5aPjmEKmSmUpil6dPJ_CWuOZS_-raDpWRvgV5WHSqhw\/viewform\">STUND-UP BUDAPEST &#8211; K\u00e1rp\u00e1taljai turn\u00e9, Nagysz\u0151l\u0151s<\/a><\/p>\n\n\n\n<div class=\"wp-block-buttons is-layout-flex wp-block-buttons-is-layout-flex\"><\/div>\n\n\n\n<p><\/p>","protected":false},"excerpt":{"rendered":"<p>\u27a1\ufe0fK\u00e1rp\u00e1talja t\u00f6bb helysz\u00edn\u00e9n a Stand-UP Budapest fiatal humorist\u00e1i l\u00e9pnek sz\u00ednpadra. Az el\u0151ad\u00e1s t\u00e9m\u00e1i k\u00f6z\u00f6tt a humorist\u00e1k mindennapi t\u00f6rt\u00e9netekr\u0151l mes\u00e9lnek, 12 [&hellip;]<\/p>","protected":false},"author":4,"featured_media":538,"comment_status":"open","ping_status":"open","sticky":false,"template":"","format":"standard","meta":{"_uag_custom_page_level_css":"","site-sidebar-layout":"default","site-content-layout":"","ast-site-content-layout":"default","site-content-style":"default","site-sidebar-style":"default","ast-global-header-display":"","ast-banner-title-visibility":"","ast-main-header-display":"","ast-hfb-above-header-display":"","ast-hfb-below-header-display":"","ast-hfb-mobile-header-display":"","site-post-title":"","ast-breadcrumbs-content":"","ast-featured-img":"","footer-sml-layout":"","ast-disable-related-posts":"","theme-transparent-header-meta":"","adv-header-id-meta":"","stick-header-meta":"","header-above-stick-meta":"","header-main-stick-meta":"","header-below-stick-meta":"","astra-migrate-meta-layouts":"default","ast-page-background-enabled":"default","ast-page-background-meta":{"desktop":{"background-color":"var(--ast-global-color-4)","background-image":"","background-repeat":"repeat","background-position":"center center","background-size":"auto","background-attachment":"scroll","background-type":"","background-media":"","overlay-type":"","overlay-color":"","overlay-opacity":"","overlay-gradient":""},"tablet":{"background-color":"","background-image":"","background-repeat":"repeat","background-position":"center center","background-size":"auto","background-attachment":"scroll","background-type":"","background-media":"","overlay-type":"","overlay-color":"","overlay-opacity":"","overlay-gradient":""},"mobile":{"background-color":"","background-image":"","background-repeat":"repeat","background-position":"center center","background-size":"auto","background-attachment":"scroll","background-type":"","background-media":"","overlay-type":"","overlay-color":"","overlay-opacity":"","overlay-gradient":""}},"ast-content-background-meta":{"desktop":{"background-color":"var(--ast-global-color-5)","background-image":"","background-repeat":"repeat","background-position":"center center","background-size":"auto","background-attachment":"scroll","background-type":"","background-media":"","overlay-type":"","overlay-color":"","overlay-opacity":"","overlay-gradient":""},"tablet":{"background-color":"var(--ast-global-color-5)","background-image":"","background-repeat":"repeat","background-position":"center center","background-size":"auto","background-attachment":"scroll","background-type":"","background-media":"","overlay-type":"","overlay-color":"","overlay-opacity":"","overlay-gradient":""},"mobile":{"background-color":"var(--ast-global-color-5)","background-image":"","background-repeat":"repeat","background-position":"center center","background-size":"auto","background-attachment":"scroll","background-type":"","background-media":"","overlay-type":"","overlay-color":"","overlay-opacity":"","overlay-gradient":""}},"footnotes":""},"categories":[1],"tags":[],"class_list":["post-537","post","type-post","status-publish","format-standard","has-post-thumbnail","hentry","category-uncategorized"],"yoast_head":"<!-- This site is optimized with the Yoast SEO plugin v25.2 - https:\/\/yoast.com\/wordpress\/plugins\/seo\/ -->\n<title>K\u00f6zeledik a Stand-UP Budapest: K\u00e1rp\u00e1taljai turn\u00e9! - K\u00e1rp\u00e1taljai Magyar Kultur\u00e1lis Sz\u00f6vegs\u00e9g Ifj\u00fas\u00e1gi Szervezete<\/title>\n<meta name=\"robots\" content=\"index, follow, max-snippet:-1, max-image-preview:large, max-video-preview:-1\" \/>\n<link rel=\"canonical\" href=\"https:\/\/kmkszisz.com\/ua\/kozeledik-a-stand-up-budapest-karpataljai-turne\/\" \/>\n<meta property=\"og:locale\" content=\"uk_UA\" \/>\n<meta property=\"og:type\" content=\"article\" \/>\n<meta property=\"og:title\" content=\"K\u00f6zeledik a Stand-UP Budapest: K\u00e1rp\u00e1taljai turn\u00e9! - K\u00e1rp\u00e1taljai Magyar Kultur\u00e1lis Sz\u00f6vegs\u00e9g Ifj\u00fas\u00e1gi Szervezete\" \/>\n<meta property=\"og:description\" content=\"\u27a1\ufe0fK\u00e1rp\u00e1talja t\u00f6bb helysz\u00edn\u00e9n a Stand-UP Budapest fiatal humorist\u00e1i l\u00e9pnek sz\u00ednpadra. Az el\u0151ad\u00e1s t\u00e9m\u00e1i k\u00f6z\u00f6tt a humorist\u00e1k mindennapi t\u00f6rt\u00e9netekr\u0151l mes\u00e9lnek, 12 [&hellip;]\" \/>\n<meta property=\"og:url\" content=\"https:\/\/kmkszisz.com\/ua\/kozeledik-a-stand-up-budapest-karpataljai-turne\/\" \/>\n<meta property=\"og:site_name\" content=\"K\u00e1rp\u00e1taljai Magyar Kultur\u00e1lis Sz\u00f6vegs\u00e9g Ifj\u00fas\u00e1gi Szervezete\" \/>\n<meta property=\"article:published_time\" content=\"2025-05-05T06:52:38+00:00\" \/>\n<meta property=\"article:modified_time\" content=\"2025-05-13T07:06:06+00:00\" \/>\n<meta property=\"og:image\" content=\"https:\/\/kmkszisz.com\/wp-content\/uploads\/2025\/05\/495700637_1146448300860498_7924543432066801277_n.jpg\" \/>\n\t<meta property=\"og:image:width\" content=\"1152\" \/>\n\t<meta property=\"og:image:height\" content=\"2048\" \/>\n\t<meta property=\"og:image:type\" content=\"image\/jpeg\" \/>\n<meta name=\"author\" content=\"zbocx6n7zj65\" \/>\n<meta name=\"twitter:card\" content=\"summary_large_image\" \/>\n<meta name=\"twitter:label1\" content=\"\u041d\u0430\u043f\u0438\u0441\u0430\u043d\u043e\" \/>\n\t<meta name=\"twitter:data1\" content=\"zbocx6n7zj65\" \/>\n\t<meta name=\"twitter:label2\" content=\"\u041f\u0440\u0438\u0431\u043b. \u0447\u0430\u0441 \u0447\u0438\u0442\u0430\u043d\u043d\u044f\" \/>\n\t<meta name=\"twitter:data2\" content=\"1 \u0445\u0432\u0438\u043b\u0438\u043d\u0430\" \/>\n<script type=\"application\/ld+json\" class=\"yoast-schema-graph\">{\"@context\":\"https:\/\/schema.org\",\"@graph\":[{\"@type\":\"Article\",\"@id\":\"https:\/\/kmkszisz.com\/kozeledik-a-stand-up-budapest-karpataljai-turne\/#article\",\"isPartOf\":{\"@id\":\"https:\/\/kmkszisz.com\/kozeledik-a-stand-up-budapest-karpataljai-turne\/\"},\"author\":{\"name\":\"zbocx6n7zj65\",\"@id\":\"https:\/\/kmkszisz.com\/#\/schema\/person\/65627e728e4eb8a7da6351356bcdbbd2\"},\"headline\":\"K\u00f6zeledik a Stand-UP Budapest: K\u00e1rp\u00e1taljai turn\u00e9!\",\"datePublished\":\"2025-05-05T06:52:38+00:00\",\"dateModified\":\"2025-05-13T07:06:06+00:00\",\"mainEntityOfPage\":{\"@id\":\"https:\/\/kmkszisz.com\/kozeledik-a-stand-up-budapest-karpataljai-turne\/\"},\"wordCount\":160,\"commentCount\":0,\"publisher\":{\"@id\":\"https:\/\/kmkszisz.com\/#organization\"},\"image\":{\"@id\":\"https:\/\/kmkszisz.com\/kozeledik-a-stand-up-budapest-karpataljai-turne\/#primaryimage\"},\"thumbnailUrl\":\"https:\/\/kmkszisz.com\/wp-content\/uploads\/2025\/05\/495700637_1146448300860498_7924543432066801277_n.jpg\",\"articleSection\":[\"Uncategorized\"],\"inLanguage\":\"uk\",\"potentialAction\":[{\"@type\":\"CommentAction\",\"name\":\"Comment\",\"target\":[\"https:\/\/kmkszisz.com\/kozeledik-a-stand-up-budapest-karpataljai-turne\/#respond\"]}]},{\"@type\":\"WebPage\",\"@id\":\"https:\/\/kmkszisz.com\/kozeledik-a-stand-up-budapest-karpataljai-turne\/\",\"url\":\"https:\/\/kmkszisz.com\/kozeledik-a-stand-up-budapest-karpataljai-turne\/\",\"name\":\"K\u00f6zeledik a Stand-UP Budapest: K\u00e1rp\u00e1taljai turn\u00e9! - K\u00e1rp\u00e1taljai Magyar Kultur\u00e1lis Sz\u00f6vegs\u00e9g Ifj\u00fas\u00e1gi Szervezete\",\"isPartOf\":{\"@id\":\"https:\/\/kmkszisz.com\/#website\"},\"primaryImageOfPage\":{\"@id\":\"https:\/\/kmkszisz.com\/kozeledik-a-stand-up-budapest-karpataljai-turne\/#primaryimage\"},\"image\":{\"@id\":\"https:\/\/kmkszisz.com\/kozeledik-a-stand-up-budapest-karpataljai-turne\/#primaryimage\"},\"thumbnailUrl\":\"https:\/\/kmkszisz.com\/wp-content\/uploads\/2025\/05\/495700637_1146448300860498_7924543432066801277_n.jpg\",\"datePublished\":\"2025-05-05T06:52:38+00:00\",\"dateModified\":\"2025-05-13T07:06:06+00:00\",\"breadcrumb\":{\"@id\":\"https:\/\/kmkszisz.com\/kozeledik-a-stand-up-budapest-karpataljai-turne\/#breadcrumb\"},\"inLanguage\":\"uk\",\"potentialAction\":[{\"@type\":\"ReadAction\",\"target\":[\"https:\/\/kmkszisz.com\/kozeledik-a-stand-up-budapest-karpataljai-turne\/\"]}]},{\"@type\":\"ImageObject\",\"inLanguage\":\"uk\",\"@id\":\"https:\/\/kmkszisz.com\/kozeledik-a-stand-up-budapest-karpataljai-turne\/#primaryimage\",\"url\":\"https:\/\/kmkszisz.com\/wp-content\/uploads\/2025\/05\/495700637_1146448300860498_7924543432066801277_n.jpg\",\"contentUrl\":\"https:\/\/kmkszisz.com\/wp-content\/uploads\/2025\/05\/495700637_1146448300860498_7924543432066801277_n.jpg\",\"width\":1152,\"height\":2048},{\"@type\":\"BreadcrumbList\",\"@id\":\"https:\/\/kmkszisz.com\/kozeledik-a-stand-up-budapest-karpataljai-turne\/#breadcrumb\",\"itemListElement\":[{\"@type\":\"ListItem\",\"position\":1,\"name\":\"Kezd\u0151lap\",\"item\":\"https:\/\/kmkszisz.com\/\"},{\"@type\":\"ListItem\",\"position\":2,\"name\":\"K\u00f6zeledik a Stand-UP Budapest: K\u00e1rp\u00e1taljai turn\u00e9!\"}]},{\"@type\":\"WebSite\",\"@id\":\"https:\/\/kmkszisz.com\/#website\",\"url\":\"https:\/\/kmkszisz.com\/\",\"name\":\"K\u00e1rp\u00e1taljai Magyar Kultur\u00e1lis Sz\u00f6vegs\u00e9g Ifj\u00fas\u00e1gi Szervezete\",\"description\":\"Ez az oldal a KMKSZISZ hivatalos weblapja.\",\"publisher\":{\"@id\":\"https:\/\/kmkszisz.com\/#organization\"},\"potentialAction\":[{\"@type\":\"SearchAction\",\"target\":{\"@type\":\"EntryPoint\",\"urlTemplate\":\"https:\/\/kmkszisz.com\/?s={search_term_string}\"},\"query-input\":{\"@type\":\"PropertyValueSpecification\",\"valueRequired\":true,\"valueName\":\"search_term_string\"}}],\"inLanguage\":\"uk\"},{\"@type\":\"Organization\",\"@id\":\"https:\/\/kmkszisz.com\/#organization\",\"name\":\"K\u00e1rp\u00e1taljai Magyar Kultur\u00e1lis Sz\u00f6vegs\u00e9g Ifj\u00fas\u00e1gi Szervezete\",\"url\":\"https:\/\/kmkszisz.com\/\",\"logo\":{\"@type\":\"ImageObject\",\"inLanguage\":\"uk\",\"@id\":\"https:\/\/kmkszisz.com\/#\/schema\/logo\/image\/\",\"url\":\"https:\/\/kmkszisz.com\/wp-content\/uploads\/2025\/03\/cropped-KMKSZ-ISZ-logo-szines-hatternelkul-1-scaled.png\",\"contentUrl\":\"https:\/\/kmkszisz.com\/wp-content\/uploads\/2025\/03\/cropped-KMKSZ-ISZ-logo-szines-hatternelkul-1-scaled.png\",\"width\":2560,\"height\":2230,\"caption\":\"K\u00e1rp\u00e1taljai Magyar Kultur\u00e1lis Sz\u00f6vegs\u00e9g Ifj\u00fas\u00e1gi Szervezete\"},\"image\":{\"@id\":\"https:\/\/kmkszisz.com\/#\/schema\/logo\/image\/\"}},{\"@type\":\"Person\",\"@id\":\"https:\/\/kmkszisz.com\/#\/schema\/person\/65627e728e4eb8a7da6351356bcdbbd2\",\"name\":\"zbocx6n7zj65\",\"image\":{\"@type\":\"ImageObject\",\"inLanguage\":\"uk\",\"@id\":\"https:\/\/kmkszisz.com\/#\/schema\/person\/image\/\",\"url\":\"https:\/\/secure.gravatar.com\/avatar\/8a15a507d04ef98009579dd2a80305aa411710be28eabbfe8b948e9a2687f6ad?s=96&d=mm&r=g\",\"contentUrl\":\"https:\/\/secure.gravatar.com\/avatar\/8a15a507d04ef98009579dd2a80305aa411710be28eabbfe8b948e9a2687f6ad?s=96&d=mm&r=g\",\"caption\":\"zbocx6n7zj65\"},\"url\":\"https:\/\/kmkszisz.com\/ua\/author\/zbocx6n7zj65\/\"}]}<\/script>\n<!-- \/ Yoast SEO plugin. -->","yoast_head_json":{"title":"K\u00f6zeledik a Stand-UP Budapest: K\u00e1rp\u00e1taljai turn\u00e9! - K\u00e1rp\u00e1taljai Magyar Kultur\u00e1lis Sz\u00f6vegs\u00e9g Ifj\u00fas\u00e1gi Szervezete","robots":{"index":"index","follow":"follow","max-snippet":"max-snippet:-1","max-image-preview":"max-image-preview:large","max-video-preview":"max-video-preview:-1"},"canonical":"https:\/\/kmkszisz.com\/ua\/kozeledik-a-stand-up-budapest-karpataljai-turne\/","og_locale":"uk_UA","og_type":"article","og_title":"K\u00f6zeledik a Stand-UP Budapest: K\u00e1rp\u00e1taljai turn\u00e9! - K\u00e1rp\u00e1taljai Magyar Kultur\u00e1lis Sz\u00f6vegs\u00e9g Ifj\u00fas\u00e1gi Szervezete","og_description":"\u27a1\ufe0fK\u00e1rp\u00e1talja t\u00f6bb helysz\u00edn\u00e9n a Stand-UP Budapest fiatal humorist\u00e1i l\u00e9pnek sz\u00ednpadra. Az el\u0151ad\u00e1s t\u00e9m\u00e1i k\u00f6z\u00f6tt a humorist\u00e1k mindennapi t\u00f6rt\u00e9netekr\u0151l mes\u00e9lnek, 12 [&hellip;]","og_url":"https:\/\/kmkszisz.com\/ua\/kozeledik-a-stand-up-budapest-karpataljai-turne\/","og_site_name":"K\u00e1rp\u00e1taljai Magyar Kultur\u00e1lis Sz\u00f6vegs\u00e9g Ifj\u00fas\u00e1gi Szervezete","article_published_time":"2025-05-05T06:52:38+00:00","article_modified_time":"2025-05-13T07:06:06+00:00","og_image":[{"width":1152,"height":2048,"url":"https:\/\/kmkszisz.com\/wp-content\/uploads\/2025\/05\/495700637_1146448300860498_7924543432066801277_n.jpg","type":"image\/jpeg"}],"author":"zbocx6n7zj65","twitter_card":"summary_large_image","twitter_misc":{"\u041d\u0430\u043f\u0438\u0441\u0430\u043d\u043e":"zbocx6n7zj65","\u041f\u0440\u0438\u0431\u043b. \u0447\u0430\u0441 \u0447\u0438\u0442\u0430\u043d\u043d\u044f":"1 \u0445\u0432\u0438\u043b\u0438\u043d\u0430"},"schema":{"@context":"https:\/\/schema.org","@graph":[{"@type":"Article","@id":"https:\/\/kmkszisz.com\/kozeledik-a-stand-up-budapest-karpataljai-turne\/#article","isPartOf":{"@id":"https:\/\/kmkszisz.com\/kozeledik-a-stand-up-budapest-karpataljai-turne\/"},"author":{"name":"zbocx6n7zj65","@id":"https:\/\/kmkszisz.com\/#\/schema\/person\/65627e728e4eb8a7da6351356bcdbbd2"},"headline":"K\u00f6zeledik a Stand-UP Budapest: K\u00e1rp\u00e1taljai turn\u00e9!","datePublished":"2025-05-05T06:52:38+00:00","dateModified":"2025-05-13T07:06:06+00:00","mainEntityOfPage":{"@id":"https:\/\/kmkszisz.com\/kozeledik-a-stand-up-budapest-karpataljai-turne\/"},"wordCount":160,"commentCount":0,"publisher":{"@id":"https:\/\/kmkszisz.com\/#organization"},"image":{"@id":"https:\/\/kmkszisz.com\/kozeledik-a-stand-up-budapest-karpataljai-turne\/#primaryimage"},"thumbnailUrl":"https:\/\/kmkszisz.com\/wp-content\/uploads\/2025\/05\/495700637_1146448300860498_7924543432066801277_n.jpg","articleSection":["Uncategorized"],"inLanguage":"uk","potentialAction":[{"@type":"CommentAction","name":"Comment","target":["https:\/\/kmkszisz.com\/kozeledik-a-stand-up-budapest-karpataljai-turne\/#respond"]}]},{"@type":"WebPage","@id":"https:\/\/kmkszisz.com\/kozeledik-a-stand-up-budapest-karpataljai-turne\/","url":"https:\/\/kmkszisz.com\/kozeledik-a-stand-up-budapest-karpataljai-turne\/","name":"K\u00f6zeledik a Stand-UP Budapest: K\u00e1rp\u00e1taljai turn\u00e9! - K\u00e1rp\u00e1taljai Magyar Kultur\u00e1lis Sz\u00f6vegs\u00e9g Ifj\u00fas\u00e1gi Szervezete","isPartOf":{"@id":"https:\/\/kmkszisz.com\/#website"},"primaryImageOfPage":{"@id":"https:\/\/kmkszisz.com\/kozeledik-a-stand-up-budapest-karpataljai-turne\/#primaryimage"},"image":{"@id":"https:\/\/kmkszisz.com\/kozeledik-a-stand-up-budapest-karpataljai-turne\/#primaryimage"},"thumbnailUrl":"https:\/\/kmkszisz.com\/wp-content\/uploads\/2025\/05\/495700637_1146448300860498_7924543432066801277_n.jpg","datePublished":"2025-05-05T06:52:38+00:00","dateModified":"2025-05-13T07:06:06+00:00","breadcrumb":{"@id":"https:\/\/kmkszisz.com\/kozeledik-a-stand-up-budapest-karpataljai-turne\/#breadcrumb"},"inLanguage":"uk","potentialAction":[{"@type":"ReadAction","target":["https:\/\/kmkszisz.com\/kozeledik-a-stand-up-budapest-karpataljai-turne\/"]}]},{"@type":"ImageObject","inLanguage":"uk","@id":"https:\/\/kmkszisz.com\/kozeledik-a-stand-up-budapest-karpataljai-turne\/#primaryimage","url":"https:\/\/kmkszisz.com\/wp-content\/uploads\/2025\/05\/495700637_1146448300860498_7924543432066801277_n.jpg","contentUrl":"https:\/\/kmkszisz.com\/wp-content\/uploads\/2025\/05\/495700637_1146448300860498_7924543432066801277_n.jpg","width":1152,"height":2048},{"@type":"BreadcrumbList","@id":"https:\/\/kmkszisz.com\/kozeledik-a-stand-up-budapest-karpataljai-turne\/#breadcrumb","itemListElement":[{"@type":"ListItem","position":1,"name":"Kezd\u0151lap","item":"https:\/\/kmkszisz.com\/"},{"@type":"ListItem","position":2,"name":"K\u00f6zeledik a Stand-UP Budapest: K\u00e1rp\u00e1taljai turn\u00e9!"}]},{"@type":"WebSite","@id":"https:\/\/kmkszisz.com\/#website","url":"https:\/\/kmkszisz.com\/","name":"K\u00e1rp\u00e1taljai Magyar Kultur\u00e1lis Sz\u00f6vegs\u00e9g Ifj\u00fas\u00e1gi Szervezete","description":"Ez az oldal a KMKSZISZ hivatalos weblapja.","publisher":{"@id":"https:\/\/kmkszisz.com\/#organization"},"potentialAction":[{"@type":"SearchAction","target":{"@type":"EntryPoint","urlTemplate":"https:\/\/kmkszisz.com\/?s={search_term_string}"},"query-input":{"@type":"PropertyValueSpecification","valueRequired":true,"valueName":"search_term_string"}}],"inLanguage":"uk"},{"@type":"Organization","@id":"https:\/\/kmkszisz.com\/#organization","name":"K\u00e1rp\u00e1taljai Magyar Kultur\u00e1lis Sz\u00f6vegs\u00e9g Ifj\u00fas\u00e1gi Szervezete","url":"https:\/\/kmkszisz.com\/","logo":{"@type":"ImageObject","inLanguage":"uk","@id":"https:\/\/kmkszisz.com\/#\/schema\/logo\/image\/","url":"https:\/\/kmkszisz.com\/wp-content\/uploads\/2025\/03\/cropped-KMKSZ-ISZ-logo-szines-hatternelkul-1-scaled.png","contentUrl":"https:\/\/kmkszisz.com\/wp-content\/uploads\/2025\/03\/cropped-KMKSZ-ISZ-logo-szines-hatternelkul-1-scaled.png","width":2560,"height":2230,"caption":"K\u00e1rp\u00e1taljai Magyar Kultur\u00e1lis Sz\u00f6vegs\u00e9g Ifj\u00fas\u00e1gi Szervezete"},"image":{"@id":"https:\/\/kmkszisz.com\/#\/schema\/logo\/image\/"}},{"@type":"Person","@id":"https:\/\/kmkszisz.com\/#\/schema\/person\/65627e728e4eb8a7da6351356bcdbbd2","name":"zbocx6n7zj65","image":{"@type":"ImageObject","inLanguage":"uk","@id":"https:\/\/kmkszisz.com\/#\/schema\/person\/image\/","url":"https:\/\/secure.gravatar.com\/avatar\/8a15a507d04ef98009579dd2a80305aa411710be28eabbfe8b948e9a2687f6ad?s=96&d=mm&r=g","contentUrl":"https:\/\/secure.gravatar.com\/avatar\/8a15a507d04ef98009579dd2a80305aa411710be28eabbfe8b948e9a2687f6ad?s=96&d=mm&r=g","caption":"zbocx6n7zj65"},"url":"https:\/\/kmkszisz.com\/ua\/author\/zbocx6n7zj65\/"}]}},"uagb_featured_image_src":{"full":["https:\/\/kmkszisz.com\/wp-content\/uploads\/2025\/05\/495700637_1146448300860498_7924543432066801277_n.jpg",1152,2048,false],"thumbnail":["https:\/\/kmkszisz.com\/wp-content\/uploads\/2025\/05\/495700637_1146448300860498_7924543432066801277_n-150x150.jpg",150,150,true],"medium":["https:\/\/kmkszisz.com\/wp-content\/uploads\/2025\/05\/495700637_1146448300860498_7924543432066801277_n-169x300.jpg",169,300,true],"medium_large":["https:\/\/kmkszisz.com\/wp-content\/uploads\/2025\/05\/495700637_1146448300860498_7924543432066801277_n-768x1365.jpg",768,1365,true],"large":["https:\/\/kmkszisz.com\/wp-content\/uploads\/2025\/05\/495700637_1146448300860498_7924543432066801277_n-576x1024.jpg",576,1024,true],"1536x1536":["https:\/\/kmkszisz.com\/wp-content\/uploads\/2025\/05\/495700637_1146448300860498_7924543432066801277_n-864x1536.jpg",864,1536,true],"2048x2048":["https:\/\/kmkszisz.com\/wp-content\/uploads\/2025\/05\/495700637_1146448300860498_7924543432066801277_n.jpg",1152,2048,false],"trp-custom-language-flag":["https:\/\/kmkszisz.com\/wp-content\/uploads\/2025\/05\/495700637_1146448300860498_7924543432066801277_n-7x12.jpg",7,12,true]},"uagb_author_info":{"display_name":"zbocx6n7zj65","author_link":"https:\/\/kmkszisz.com\/ua\/author\/zbocx6n7zj65\/"},"uagb_comment_info":13,"uagb_excerpt":"\u27a1\ufe0fK\u00e1rp\u00e1talja t\u00f6bb helysz\u00edn\u00e9n a Stand-UP Budapest fiatal humorist\u00e1i l\u00e9pnek sz\u00ednpadra. Az el\u0151ad\u00e1s t\u00e9m\u00e1i k\u00f6z\u00f6tt a humorist\u00e1k mindennapi t\u00f6rt\u00e9netekr\u0151l mes\u00e9lnek, 12 [&hellip;]","brizy_media":[],"_links":{"self":[{"href":"https:\/\/kmkszisz.com\/ua\/wp-json\/wp\/v2\/posts\/537","targetHints":{"allow":["GET"]}}],"collection":[{"href":"https:\/\/kmkszisz.com\/ua\/wp-json\/wp\/v2\/posts"}],"about":[{"href":"https:\/\/kmkszisz.com\/ua\/wp-json\/wp\/v2\/types\/post"}],"author":[{"embeddable":true,"href":"https:\/\/kmkszisz.com\/ua\/wp-json\/wp\/v2\/users\/4"}],"replies":[{"embeddable":true,"href":"https:\/\/kmkszisz.com\/ua\/wp-json\/wp\/v2\/comments?post=537"}],"version-history":[{"count":1,"href":"https:\/\/kmkszisz.com\/ua\/wp-json\/wp\/v2\/posts\/537\/revisions"}],"predecessor-version":[{"id":539,"href":"https:\/\/kmkszisz.com\/ua\/wp-json\/wp\/v2\/posts\/537\/revisions\/539"}],"wp:featuredmedia":[{"embeddable":true,"href":"https:\/\/kmkszisz.com\/ua\/wp-json\/wp\/v2\/media\/538"}],"wp:attachment":[{"href":"https:\/\/kmkszisz.com\/ua\/wp-json\/wp\/v2\/media?parent=537"}],"wp:term":[{"taxonomy":"category","embeddable":true,"href":"https:\/\/kmkszisz.com\/ua\/wp-json\/wp\/v2\/categories?post=537"},{"taxonomy":"post_tag","embeddable":true,"href":"https:\/\/kmkszisz.com\/ua\/wp-json\/wp\/v2\/tags?post=537"}],"curies":[{"name":"wp","href":"https:\/\/api.w.org\/{rel}","templated":true}]}}