{"id":541,"date":"2025-05-22T11:44:21","date_gmt":"2025-05-22T11:44:21","guid":{"rendered":"https:\/\/kmkszisz.com\/?p=541"},"modified":"2025-05-27T11:50:06","modified_gmt":"2025-05-27T11:50:06","slug":"vegetert-a-stand-up-budapest-karpataljai-turneja","status":"publish","type":"post","link":"https:\/\/kmkszisz.com\/ua\/vegetert-a-stand-up-budapest-karpataljai-turneja\/","title":{"rendered":"V\u00e9get\u00e9rt a Stand-up Budapest K\u00e1rp\u00e1taljai t\u00farn\u00e9ja"},"content":{"rendered":"<p>H\u00e9tv\u00e9g\u00e9n K\u00e1rp\u00e1talj\u00e1n turn\u00e9zott Stand-up Budapest csapat. A KMKSZ ISZ \u00e1ltal szervez\u00e9s\u00e9ben a 4 fiatal humorista Munk\u00e1cson, Beregsz\u00e1szban \u00e9s Nagysz\u0151l\u0151s\u00f6n sz\u00f3rakoztatta a nagy\u00e9rdem\u0171t. Az alkalmak egyben j\u00f3t\u00e9konys\u00e1gi c\u00e9lt is szolg\u00e1ltak: mindh\u00e1rom est bev\u00e9tel\u00e9t a Major \u00c1d\u00e1m gy\u00f3gykezel\u00e9s\u00e9t t\u00e1mogat\u00f3 \u00d6sszefogunk \u00c1di\u00e9rt Alap\u00edtv\u00e1ny jav\u00e1ra aj\u00e1nlott\u00e1k.<\/p>\n\n\n\n<p>Forr\u00e1s: <a href=\"https:\/\/www.facebook.com\/profile.php?id=100093820355142#\">Tv21 Ungv\u00e1r<\/a><\/p>\n\n\n\n<figure class=\"wp-block-embed is-type-video is-provider-youtube wp-block-embed-youtube wp-embed-aspect-16-9 wp-has-aspect-ratio\"><div class=\"wp-block-embed__wrapper\">\n<iframe loading=\"lazy\" title=\"Aktu\u00e1lis (2025.05.22) H\u00e9tv\u00e9g\u00e9n K\u00e1rp\u00e1talj\u00e1n turn\u00e9zott a Stand-up Budapest csapata\" width=\"500\" height=\"281\" src=\"https:\/\/www.youtube.com\/embed\/z99rhF50Zrc?feature=oembed\" frameborder=\"0\" allow=\"accelerometer; autoplay; clipboard-write; encrypted-media; gyroscope; picture-in-picture; web-share\" referrerpolicy=\"strict-origin-when-cross-origin\" allowfullscreen><\/iframe>\n<\/div><\/figure>","protected":false},"excerpt":{"rendered":"<p>H\u00e9tv\u00e9g\u00e9n K\u00e1rp\u00e1talj\u00e1n turn\u00e9zott Stand-up Budapest csapat. A KMKSZ ISZ \u00e1ltal szervez\u00e9s\u00e9ben a 4 fiatal humorista Munk\u00e1cson, Beregsz\u00e1szban \u00e9s Nagysz\u0151l\u0151s\u00f6n sz\u00f3rakoztatta [&hellip;]<\/p>","protected":false},"author":4,"featured_media":542,"comment_status":"open","ping_status":"open","sticky":false,"template":"","format":"standard","meta":{"_uag_custom_page_level_css":"","site-sidebar-layout":"default","site-content-layout":"","ast-site-content-layout":"default","site-content-style":"default","site-sidebar-style":"default","ast-global-header-display":"","ast-banner-title-visibility":"","ast-main-header-display":"","ast-hfb-above-header-display":"","ast-hfb-below-header-display":"","ast-hfb-mobile-header-display":"","site-post-title":"","ast-breadcrumbs-content":"","ast-featured-img":"","footer-sml-layout":"","ast-disable-related-posts":"","theme-transparent-header-meta":"","adv-header-id-meta":"","stick-header-meta":"","header-above-stick-meta":"","header-main-stick-meta":"","header-below-stick-meta":"","astra-migrate-meta-layouts":"default","ast-page-background-enabled":"default","ast-page-background-meta":{"desktop":{"background-color":"var(--ast-global-color-4)","background-image":"","background-repeat":"repeat","background-position":"center center","background-size":"auto","background-attachment":"scroll","background-type":"","background-media":"","overlay-type":"","overlay-color":"","overlay-opacity":"","overlay-gradient":""},"tablet":{"background-color":"","background-image":"","background-repeat":"repeat","background-position":"center center","background-size":"auto","background-attachment":"scroll","background-type":"","background-media":"","overlay-type":"","overlay-color":"","overlay-opacity":"","overlay-gradient":""},"mobile":{"background-color":"","background-image":"","background-repeat":"repeat","background-position":"center center","background-size":"auto","background-attachment":"scroll","background-type":"","background-media":"","overlay-type":"","overlay-color":"","overlay-opacity":"","overlay-gradient":""}},"ast-content-background-meta":{"desktop":{"background-color":"var(--ast-global-color-5)","background-image":"","background-repeat":"repeat","background-position":"center center","background-size":"auto","background-attachment":"scroll","background-type":"","background-media":"","overlay-type":"","overlay-color":"","overlay-opacity":"","overlay-gradient":""},"tablet":{"background-color":"var(--ast-global-color-5)","background-image":"","background-repeat":"repeat","background-position":"center center","background-size":"auto","background-attachment":"scroll","background-type":"","background-media":"","overlay-type":"","overlay-color":"","overlay-opacity":"","overlay-gradient":""},"mobile":{"background-color":"var(--ast-global-color-5)","background-image":"","background-repeat":"repeat","background-position":"center center","background-size":"auto","background-attachment":"scroll","background-type":"","background-media":"","overlay-type":"","overlay-color":"","overlay-opacity":"","overlay-gradient":""}},"footnotes":""},"categories":[1],"tags":[],"class_list":["post-541","post","type-post","status-publish","format-standard","has-post-thumbnail","hentry","category-uncategorized"],"yoast_head":"<!-- This site is optimized with the Yoast SEO plugin v25.2 - https:\/\/yoast.com\/wordpress\/plugins\/seo\/ -->\n<title>V\u00e9get\u00e9rt a Stand-up Budapest K\u00e1rp\u00e1taljai t\u00farn\u00e9ja - K\u00e1rp\u00e1taljai Magyar Kultur\u00e1lis Sz\u00f6vegs\u00e9g Ifj\u00fas\u00e1gi Szervezete<\/title>\n<meta name=\"robots\" content=\"index, follow, max-snippet:-1, max-image-preview:large, max-video-preview:-1\" \/>\n<link rel=\"canonical\" href=\"https:\/\/kmkszisz.com\/ua\/vegetert-a-stand-up-budapest-karpataljai-turneja\/\" \/>\n<meta property=\"og:locale\" content=\"uk_UA\" \/>\n<meta property=\"og:type\" content=\"article\" \/>\n<meta property=\"og:title\" content=\"V\u00e9get\u00e9rt a Stand-up Budapest K\u00e1rp\u00e1taljai t\u00farn\u00e9ja - K\u00e1rp\u00e1taljai Magyar Kultur\u00e1lis Sz\u00f6vegs\u00e9g Ifj\u00fas\u00e1gi Szervezete\" \/>\n<meta property=\"og:description\" content=\"H\u00e9tv\u00e9g\u00e9n K\u00e1rp\u00e1talj\u00e1n turn\u00e9zott Stand-up Budapest csapat. A KMKSZ ISZ \u00e1ltal szervez\u00e9s\u00e9ben a 4 fiatal humorista Munk\u00e1cson, Beregsz\u00e1szban \u00e9s Nagysz\u0151l\u0151s\u00f6n sz\u00f3rakoztatta [&hellip;]\" \/>\n<meta property=\"og:url\" content=\"https:\/\/kmkszisz.com\/ua\/vegetert-a-stand-up-budapest-karpataljai-turneja\/\" \/>\n<meta property=\"og:site_name\" content=\"K\u00e1rp\u00e1taljai Magyar Kultur\u00e1lis Sz\u00f6vegs\u00e9g Ifj\u00fas\u00e1gi Szervezete\" \/>\n<meta property=\"article:published_time\" content=\"2025-05-22T11:44:21+00:00\" \/>\n<meta property=\"article:modified_time\" content=\"2025-05-27T11:50:06+00:00\" \/>\n<meta property=\"og:image\" content=\"https:\/\/kmkszisz.com\/wp-content\/uploads\/2025\/05\/Screenshot-2025-05-27-134911.png\" \/>\n\t<meta property=\"og:image:width\" content=\"1461\" \/>\n\t<meta property=\"og:image:height\" content=\"820\" \/>\n\t<meta property=\"og:image:type\" content=\"image\/png\" \/>\n<meta name=\"author\" content=\"zbocx6n7zj65\" \/>\n<meta name=\"twitter:card\" content=\"summary_large_image\" \/>\n<meta name=\"twitter:label1\" content=\"\u041d\u0430\u043f\u0438\u0441\u0430\u043d\u043e\" \/>\n\t<meta name=\"twitter:data1\" content=\"zbocx6n7zj65\" \/>\n<script type=\"application\/ld+json\" class=\"yoast-schema-graph\">{\"@context\":\"https:\/\/schema.org\",\"@graph\":[{\"@type\":\"Article\",\"@id\":\"https:\/\/kmkszisz.com\/vegetert-a-stand-up-budapest-karpataljai-turneja\/#article\",\"isPartOf\":{\"@id\":\"https:\/\/kmkszisz.com\/vegetert-a-stand-up-budapest-karpataljai-turneja\/\"},\"author\":{\"name\":\"zbocx6n7zj65\",\"@id\":\"https:\/\/kmkszisz.com\/#\/schema\/person\/65627e728e4eb8a7da6351356bcdbbd2\"},\"headline\":\"V\u00e9get\u00e9rt a Stand-up Budapest K\u00e1rp\u00e1taljai t\u00farn\u00e9ja\",\"datePublished\":\"2025-05-22T11:44:21+00:00\",\"dateModified\":\"2025-05-27T11:50:06+00:00\",\"mainEntityOfPage\":{\"@id\":\"https:\/\/kmkszisz.com\/vegetert-a-stand-up-budapest-karpataljai-turneja\/\"},\"wordCount\":100,\"commentCount\":0,\"publisher\":{\"@id\":\"https:\/\/kmkszisz.com\/#organization\"},\"image\":{\"@id\":\"https:\/\/kmkszisz.com\/vegetert-a-stand-up-budapest-karpataljai-turneja\/#primaryimage\"},\"thumbnailUrl\":\"https:\/\/kmkszisz.com\/wp-content\/uploads\/2025\/05\/Screenshot-2025-05-27-134911.png\",\"articleSection\":[\"Uncategorized\"],\"inLanguage\":\"uk\",\"potentialAction\":[{\"@type\":\"CommentAction\",\"name\":\"Comment\",\"target\":[\"https:\/\/kmkszisz.com\/vegetert-a-stand-up-budapest-karpataljai-turneja\/#respond\"]}]},{\"@type\":\"WebPage\",\"@id\":\"https:\/\/kmkszisz.com\/vegetert-a-stand-up-budapest-karpataljai-turneja\/\",\"url\":\"https:\/\/kmkszisz.com\/vegetert-a-stand-up-budapest-karpataljai-turneja\/\",\"name\":\"V\u00e9get\u00e9rt a Stand-up Budapest K\u00e1rp\u00e1taljai t\u00farn\u00e9ja - K\u00e1rp\u00e1taljai Magyar Kultur\u00e1lis Sz\u00f6vegs\u00e9g Ifj\u00fas\u00e1gi Szervezete\",\"isPartOf\":{\"@id\":\"https:\/\/kmkszisz.com\/#website\"},\"primaryImageOfPage\":{\"@id\":\"https:\/\/kmkszisz.com\/vegetert-a-stand-up-budapest-karpataljai-turneja\/#primaryimage\"},\"image\":{\"@id\":\"https:\/\/kmkszisz.com\/vegetert-a-stand-up-budapest-karpataljai-turneja\/#primaryimage\"},\"thumbnailUrl\":\"https:\/\/kmkszisz.com\/wp-content\/uploads\/2025\/05\/Screenshot-2025-05-27-134911.png\",\"datePublished\":\"2025-05-22T11:44:21+00:00\",\"dateModified\":\"2025-05-27T11:50:06+00:00\",\"breadcrumb\":{\"@id\":\"https:\/\/kmkszisz.com\/vegetert-a-stand-up-budapest-karpataljai-turneja\/#breadcrumb\"},\"inLanguage\":\"uk\",\"potentialAction\":[{\"@type\":\"ReadAction\",\"target\":[\"https:\/\/kmkszisz.com\/vegetert-a-stand-up-budapest-karpataljai-turneja\/\"]}]},{\"@type\":\"ImageObject\",\"inLanguage\":\"uk\",\"@id\":\"https:\/\/kmkszisz.com\/vegetert-a-stand-up-budapest-karpataljai-turneja\/#primaryimage\",\"url\":\"https:\/\/kmkszisz.com\/wp-content\/uploads\/2025\/05\/Screenshot-2025-05-27-134911.png\",\"contentUrl\":\"https:\/\/kmkszisz.com\/wp-content\/uploads\/2025\/05\/Screenshot-2025-05-27-134911.png\",\"width\":1461,\"height\":820,\"caption\":\"Budapest Stand-up K\u00e1rp\u00e1taljai t\u00farn\u00e9\"},{\"@type\":\"BreadcrumbList\",\"@id\":\"https:\/\/kmkszisz.com\/vegetert-a-stand-up-budapest-karpataljai-turneja\/#breadcrumb\",\"itemListElement\":[{\"@type\":\"ListItem\",\"position\":1,\"name\":\"Kezd\u0151lap\",\"item\":\"https:\/\/kmkszisz.com\/\"},{\"@type\":\"ListItem\",\"position\":2,\"name\":\"V\u00e9get\u00e9rt a Stand-up Budapest K\u00e1rp\u00e1taljai t\u00farn\u00e9ja\"}]},{\"@type\":\"WebSite\",\"@id\":\"https:\/\/kmkszisz.com\/#website\",\"url\":\"https:\/\/kmkszisz.com\/\",\"name\":\"K\u00e1rp\u00e1taljai Magyar Kultur\u00e1lis Sz\u00f6vegs\u00e9g Ifj\u00fas\u00e1gi Szervezete\",\"description\":\"Ez az oldal a KMKSZISZ hivatalos weblapja.\",\"publisher\":{\"@id\":\"https:\/\/kmkszisz.com\/#organization\"},\"potentialAction\":[{\"@type\":\"SearchAction\",\"target\":{\"@type\":\"EntryPoint\",\"urlTemplate\":\"https:\/\/kmkszisz.com\/?s={search_term_string}\"},\"query-input\":{\"@type\":\"PropertyValueSpecification\",\"valueRequired\":true,\"valueName\":\"search_term_string\"}}],\"inLanguage\":\"uk\"},{\"@type\":\"Organization\",\"@id\":\"https:\/\/kmkszisz.com\/#organization\",\"name\":\"K\u00e1rp\u00e1taljai Magyar Kultur\u00e1lis Sz\u00f6vegs\u00e9g Ifj\u00fas\u00e1gi Szervezete\",\"url\":\"https:\/\/kmkszisz.com\/\",\"logo\":{\"@type\":\"ImageObject\",\"inLanguage\":\"uk\",\"@id\":\"https:\/\/kmkszisz.com\/#\/schema\/logo\/image\/\",\"url\":\"https:\/\/kmkszisz.com\/wp-content\/uploads\/2025\/03\/cropped-KMKSZ-ISZ-logo-szines-hatternelkul-1-scaled.png\",\"contentUrl\":\"https:\/\/kmkszisz.com\/wp-content\/uploads\/2025\/03\/cropped-KMKSZ-ISZ-logo-szines-hatternelkul-1-scaled.png\",\"width\":2560,\"height\":2230,\"caption\":\"K\u00e1rp\u00e1taljai Magyar Kultur\u00e1lis Sz\u00f6vegs\u00e9g Ifj\u00fas\u00e1gi Szervezete\"},\"image\":{\"@id\":\"https:\/\/kmkszisz.com\/#\/schema\/logo\/image\/\"}},{\"@type\":\"Person\",\"@id\":\"https:\/\/kmkszisz.com\/#\/schema\/person\/65627e728e4eb8a7da6351356bcdbbd2\",\"name\":\"zbocx6n7zj65\",\"image\":{\"@type\":\"ImageObject\",\"inLanguage\":\"uk\",\"@id\":\"https:\/\/kmkszisz.com\/#\/schema\/person\/image\/\",\"url\":\"https:\/\/secure.gravatar.com\/avatar\/8a15a507d04ef98009579dd2a80305aa411710be28eabbfe8b948e9a2687f6ad?s=96&d=mm&r=g\",\"contentUrl\":\"https:\/\/secure.gravatar.com\/avatar\/8a15a507d04ef98009579dd2a80305aa411710be28eabbfe8b948e9a2687f6ad?s=96&d=mm&r=g\",\"caption\":\"zbocx6n7zj65\"},\"url\":\"https:\/\/kmkszisz.com\/ua\/author\/zbocx6n7zj65\/\"}]}<\/script>\n<!-- \/ Yoast SEO plugin. -->","yoast_head_json":{"title":"V\u00e9get\u00e9rt a Stand-up Budapest K\u00e1rp\u00e1taljai t\u00farn\u00e9ja - K\u00e1rp\u00e1taljai Magyar Kultur\u00e1lis Sz\u00f6vegs\u00e9g Ifj\u00fas\u00e1gi Szervezete","robots":{"index":"index","follow":"follow","max-snippet":"max-snippet:-1","max-image-preview":"max-image-preview:large","max-video-preview":"max-video-preview:-1"},"canonical":"https:\/\/kmkszisz.com\/ua\/vegetert-a-stand-up-budapest-karpataljai-turneja\/","og_locale":"uk_UA","og_type":"article","og_title":"V\u00e9get\u00e9rt a Stand-up Budapest K\u00e1rp\u00e1taljai t\u00farn\u00e9ja - K\u00e1rp\u00e1taljai Magyar Kultur\u00e1lis Sz\u00f6vegs\u00e9g Ifj\u00fas\u00e1gi Szervezete","og_description":"H\u00e9tv\u00e9g\u00e9n K\u00e1rp\u00e1talj\u00e1n turn\u00e9zott Stand-up Budapest csapat. A KMKSZ ISZ \u00e1ltal szervez\u00e9s\u00e9ben a 4 fiatal humorista Munk\u00e1cson, Beregsz\u00e1szban \u00e9s Nagysz\u0151l\u0151s\u00f6n sz\u00f3rakoztatta [&hellip;]","og_url":"https:\/\/kmkszisz.com\/ua\/vegetert-a-stand-up-budapest-karpataljai-turneja\/","og_site_name":"K\u00e1rp\u00e1taljai Magyar Kultur\u00e1lis Sz\u00f6vegs\u00e9g Ifj\u00fas\u00e1gi Szervezete","article_published_time":"2025-05-22T11:44:21+00:00","article_modified_time":"2025-05-27T11:50:06+00:00","og_image":[{"width":1461,"height":820,"url":"https:\/\/kmkszisz.com\/wp-content\/uploads\/2025\/05\/Screenshot-2025-05-27-134911.png","type":"image\/png"}],"author":"zbocx6n7zj65","twitter_card":"summary_large_image","twitter_misc":{"\u041d\u0430\u043f\u0438\u0441\u0430\u043d\u043e":"zbocx6n7zj65"},"schema":{"@context":"https:\/\/schema.org","@graph":[{"@type":"Article","@id":"https:\/\/kmkszisz.com\/vegetert-a-stand-up-budapest-karpataljai-turneja\/#article","isPartOf":{"@id":"https:\/\/kmkszisz.com\/vegetert-a-stand-up-budapest-karpataljai-turneja\/"},"author":{"name":"zbocx6n7zj65","@id":"https:\/\/kmkszisz.com\/#\/schema\/person\/65627e728e4eb8a7da6351356bcdbbd2"},"headline":"V\u00e9get\u00e9rt a Stand-up Budapest K\u00e1rp\u00e1taljai t\u00farn\u00e9ja","datePublished":"2025-05-22T11:44:21+00:00","dateModified":"2025-05-27T11:50:06+00:00","mainEntityOfPage":{"@id":"https:\/\/kmkszisz.com\/vegetert-a-stand-up-budapest-karpataljai-turneja\/"},"wordCount":100,"commentCount":0,"publisher":{"@id":"https:\/\/kmkszisz.com\/#organization"},"image":{"@id":"https:\/\/kmkszisz.com\/vegetert-a-stand-up-budapest-karpataljai-turneja\/#primaryimage"},"thumbnailUrl":"https:\/\/kmkszisz.com\/wp-content\/uploads\/2025\/05\/Screenshot-2025-05-27-134911.png","articleSection":["Uncategorized"],"inLanguage":"uk","potentialAction":[{"@type":"CommentAction","name":"Comment","target":["https:\/\/kmkszisz.com\/vegetert-a-stand-up-budapest-karpataljai-turneja\/#respond"]}]},{"@type":"WebPage","@id":"https:\/\/kmkszisz.com\/vegetert-a-stand-up-budapest-karpataljai-turneja\/","url":"https:\/\/kmkszisz.com\/vegetert-a-stand-up-budapest-karpataljai-turneja\/","name":"V\u00e9get\u00e9rt a Stand-up Budapest K\u00e1rp\u00e1taljai t\u00farn\u00e9ja - K\u00e1rp\u00e1taljai Magyar Kultur\u00e1lis Sz\u00f6vegs\u00e9g Ifj\u00fas\u00e1gi Szervezete","isPartOf":{"@id":"https:\/\/kmkszisz.com\/#website"},"primaryImageOfPage":{"@id":"https:\/\/kmkszisz.com\/vegetert-a-stand-up-budapest-karpataljai-turneja\/#primaryimage"},"image":{"@id":"https:\/\/kmkszisz.com\/vegetert-a-stand-up-budapest-karpataljai-turneja\/#primaryimage"},"thumbnailUrl":"https:\/\/kmkszisz.com\/wp-content\/uploads\/2025\/05\/Screenshot-2025-05-27-134911.png","datePublished":"2025-05-22T11:44:21+00:00","dateModified":"2025-05-27T11:50:06+00:00","breadcrumb":{"@id":"https:\/\/kmkszisz.com\/vegetert-a-stand-up-budapest-karpataljai-turneja\/#breadcrumb"},"inLanguage":"uk","potentialAction":[{"@type":"ReadAction","target":["https:\/\/kmkszisz.com\/vegetert-a-stand-up-budapest-karpataljai-turneja\/"]}]},{"@type":"ImageObject","inLanguage":"uk","@id":"https:\/\/kmkszisz.com\/vegetert-a-stand-up-budapest-karpataljai-turneja\/#primaryimage","url":"https:\/\/kmkszisz.com\/wp-content\/uploads\/2025\/05\/Screenshot-2025-05-27-134911.png","contentUrl":"https:\/\/kmkszisz.com\/wp-content\/uploads\/2025\/05\/Screenshot-2025-05-27-134911.png","width":1461,"height":820,"caption":"Budapest Stand-up K\u00e1rp\u00e1taljai t\u00farn\u00e9"},{"@type":"BreadcrumbList","@id":"https:\/\/kmkszisz.com\/vegetert-a-stand-up-budapest-karpataljai-turneja\/#breadcrumb","itemListElement":[{"@type":"ListItem","position":1,"name":"Kezd\u0151lap","item":"https:\/\/kmkszisz.com\/"},{"@type":"ListItem","position":2,"name":"V\u00e9get\u00e9rt a Stand-up Budapest K\u00e1rp\u00e1taljai t\u00farn\u00e9ja"}]},{"@type":"WebSite","@id":"https:\/\/kmkszisz.com\/#website","url":"https:\/\/kmkszisz.com\/","name":"K\u00e1rp\u00e1taljai Magyar Kultur\u00e1lis Sz\u00f6vegs\u00e9g Ifj\u00fas\u00e1gi Szervezete","description":"Ez az oldal a KMKSZISZ hivatalos weblapja.","publisher":{"@id":"https:\/\/kmkszisz.com\/#organization"},"potentialAction":[{"@type":"SearchAction","target":{"@type":"EntryPoint","urlTemplate":"https:\/\/kmkszisz.com\/?s={search_term_string}"},"query-input":{"@type":"PropertyValueSpecification","valueRequired":true,"valueName":"search_term_string"}}],"inLanguage":"uk"},{"@type":"Organization","@id":"https:\/\/kmkszisz.com\/#organization","name":"K\u00e1rp\u00e1taljai Magyar Kultur\u00e1lis Sz\u00f6vegs\u00e9g Ifj\u00fas\u00e1gi Szervezete","url":"https:\/\/kmkszisz.com\/","logo":{"@type":"ImageObject","inLanguage":"uk","@id":"https:\/\/kmkszisz.com\/#\/schema\/logo\/image\/","url":"https:\/\/kmkszisz.com\/wp-content\/uploads\/2025\/03\/cropped-KMKSZ-ISZ-logo-szines-hatternelkul-1-scaled.png","contentUrl":"https:\/\/kmkszisz.com\/wp-content\/uploads\/2025\/03\/cropped-KMKSZ-ISZ-logo-szines-hatternelkul-1-scaled.png","width":2560,"height":2230,"caption":"K\u00e1rp\u00e1taljai Magyar Kultur\u00e1lis Sz\u00f6vegs\u00e9g Ifj\u00fas\u00e1gi Szervezete"},"image":{"@id":"https:\/\/kmkszisz.com\/#\/schema\/logo\/image\/"}},{"@type":"Person","@id":"https:\/\/kmkszisz.com\/#\/schema\/person\/65627e728e4eb8a7da6351356bcdbbd2","name":"zbocx6n7zj65","image":{"@type":"ImageObject","inLanguage":"uk","@id":"https:\/\/kmkszisz.com\/#\/schema\/person\/image\/","url":"https:\/\/secure.gravatar.com\/avatar\/8a15a507d04ef98009579dd2a80305aa411710be28eabbfe8b948e9a2687f6ad?s=96&d=mm&r=g","contentUrl":"https:\/\/secure.gravatar.com\/avatar\/8a15a507d04ef98009579dd2a80305aa411710be28eabbfe8b948e9a2687f6ad?s=96&d=mm&r=g","caption":"zbocx6n7zj65"},"url":"https:\/\/kmkszisz.com\/ua\/author\/zbocx6n7zj65\/"}]}},"uagb_featured_image_src":{"full":["https:\/\/kmkszisz.com\/wp-content\/uploads\/2025\/05\/Screenshot-2025-05-27-134911.png",1461,820,false],"thumbnail":["https:\/\/kmkszisz.com\/wp-content\/uploads\/2025\/05\/Screenshot-2025-05-27-134911-150x150.png",150,150,true],"medium":["https:\/\/kmkszisz.com\/wp-content\/uploads\/2025\/05\/Screenshot-2025-05-27-134911-300x168.png",300,168,true],"medium_large":["https:\/\/kmkszisz.com\/wp-content\/uploads\/2025\/05\/Screenshot-2025-05-27-134911-768x431.png",768,431,true],"large":["https:\/\/kmkszisz.com\/wp-content\/uploads\/2025\/05\/Screenshot-2025-05-27-134911-1024x575.png",1024,575,true],"1536x1536":["https:\/\/kmkszisz.com\/wp-content\/uploads\/2025\/05\/Screenshot-2025-05-27-134911.png",1461,820,false],"2048x2048":["https:\/\/kmkszisz.com\/wp-content\/uploads\/2025\/05\/Screenshot-2025-05-27-134911.png",1461,820,false],"trp-custom-language-flag":["https:\/\/kmkszisz.com\/wp-content\/uploads\/2025\/05\/Screenshot-2025-05-27-134911-18x10.png",18,10,true]},"uagb_author_info":{"display_name":"zbocx6n7zj65","author_link":"https:\/\/kmkszisz.com\/ua\/author\/zbocx6n7zj65\/"},"uagb_comment_info":14,"uagb_excerpt":"H\u00e9tv\u00e9g\u00e9n K\u00e1rp\u00e1talj\u00e1n turn\u00e9zott Stand-up Budapest csapat. A KMKSZ ISZ \u00e1ltal szervez\u00e9s\u00e9ben a 4 fiatal humorista Munk\u00e1cson, Beregsz\u00e1szban \u00e9s Nagysz\u0151l\u0151s\u00f6n sz\u00f3rakoztatta [&hellip;]","brizy_media":[],"_links":{"self":[{"href":"https:\/\/kmkszisz.com\/ua\/wp-json\/wp\/v2\/posts\/541","targetHints":{"allow":["GET"]}}],"collection":[{"href":"https:\/\/kmkszisz.com\/ua\/wp-json\/wp\/v2\/posts"}],"about":[{"href":"https:\/\/kmkszisz.com\/ua\/wp-json\/wp\/v2\/types\/post"}],"author":[{"embeddable":true,"href":"https:\/\/kmkszisz.com\/ua\/wp-json\/wp\/v2\/users\/4"}],"replies":[{"embeddable":true,"href":"https:\/\/kmkszisz.com\/ua\/wp-json\/wp\/v2\/comments?post=541"}],"version-history":[{"count":1,"href":"https:\/\/kmkszisz.com\/ua\/wp-json\/wp\/v2\/posts\/541\/revisions"}],"predecessor-version":[{"id":543,"href":"https:\/\/kmkszisz.com\/ua\/wp-json\/wp\/v2\/posts\/541\/revisions\/543"}],"wp:featuredmedia":[{"embeddable":true,"href":"https:\/\/kmkszisz.com\/ua\/wp-json\/wp\/v2\/media\/542"}],"wp:attachment":[{"href":"https:\/\/kmkszisz.com\/ua\/wp-json\/wp\/v2\/media?parent=541"}],"wp:term":[{"taxonomy":"category","embeddable":true,"href":"https:\/\/kmkszisz.com\/ua\/wp-json\/wp\/v2\/categories?post=541"},{"taxonomy":"post_tag","embeddable":true,"href":"https:\/\/kmkszisz.com\/ua\/wp-json\/wp\/v2\/tags?post=541"}],"curies":[{"name":"wp","href":"https:\/\/api.w.org\/{rel}","templated":true}]}}