{"id":547,"date":"2025-06-13T15:55:24","date_gmt":"2025-06-13T15:55:24","guid":{"rendered":"https:\/\/kmkszisz.com\/?p=547"},"modified":"2025-07-01T15:59:36","modified_gmt":"2025-07-01T15:59:36","slug":"megrendezesre-kerul-a-vi-kmksz-isz-horgaszverseny","status":"publish","type":"post","link":"https:\/\/kmkszisz.com\/ua\/megrendezesre-kerul-a-vi-kmksz-isz-horgaszverseny\/","title":{"rendered":"Megrendez\u00e9sre ker\u00fcl a VI. KMKSZ ISZ HORG\u00c1SZVERSENY"},"content":{"rendered":"<p>A ny\u00e1r egyik legizgalmasabb k\u00f6z\u00f6ss\u00e9gi esem\u00e9nye id\u00e9n is el\u00e9rkezett: <strong>a K\u00e1rp\u00e1taljai Magyar Kultur\u00e1lis Sz\u00f6vets\u00e9g Ifj\u00fas\u00e1gi Szervezete (KMKSZ ISZ)<\/strong> megrendezi imm\u00e1r <strong>hatodik alkalommal<\/strong> a n\u00e9pszer\u0171 horg\u00e1szverseny\u00e9t!<br>A rendezv\u00e9nyre <strong>2025. j\u00fanius 28-\u00e1n, szombaton<\/strong> ker\u00fcl sor, \u00e9s a <strong>Nagydobronyi Horg\u00e1sztanya<\/strong> ad majd otthont a megm\u00e9rettet\u00e9snek, ahol a term\u00e9szet k\u00f6zels\u00e9ge, a friss leveg\u0151 \u00e9s a k\u00f6z\u00f6ss\u00e9g \u00f6sszetart\u00f3 ereje garant\u00e1ltan felejthetetlenn\u00e9 teszi a napot.<\/p>\n\n\n\n<p>A verseny c\u00e9lja nem csup\u00e1n a halfog\u00e1s, hanem a tal\u00e1lkoz\u00e1s, kikapcsol\u00f3d\u00e1s, \u00e9s az, hogy a fiatalok, csal\u00e1dok \u00e9s bar\u00e1ti t\u00e1rsas\u00e1gok egy kellemes, \u00e9lm\u00e9nyd\u00fas napot t\u00f6lthessenek egy\u00fctt. A szervez\u0151k mindenkit szeretettel v\u00e1rnak, hiszen <strong>korhat\u00e1r nincs<\/strong>, a r\u00e9szv\u00e9tel pedig <strong>teljesen ingyenes<\/strong>. R\u00e1ad\u00e1sul a <strong>legeredm\u00e9nyesebb 18 \u00e9v alatti versenyz\u0151 k\u00fcl\u00f6n d\u00edjaz\u00e1sban<\/strong> is r\u00e9szes\u00fcl, \u00edgy a gyerekek \u00e9s fiatalok sz\u00e1m\u00e1ra is meg\u00e9ri botot ragadni!<\/p>\n\n\n\n<h3 class=\"wp-block-heading\">\ud83d\udd53 A program menete:<\/h3>\n\n\n\n<ul class=\"wp-block-list\">\n<li><strong>6:00<\/strong> \u2013 \u00c9rkez\u00e9s, regisztr\u00e1ci\u00f3<\/li>\n\n\n\n<li><strong>6:15<\/strong> \u2013 \u00dcnnep\u00e9lyes megnyit\u00f3, helyek kisorsol\u00e1sa<\/li>\n\n\n\n<li><strong>6:30<\/strong> \u2013 Elfoglal\u00e1s, felk\u00e9sz\u00fcl\u00e9s<\/li>\n\n\n\n<li><strong>7:30<\/strong> \u2013 A verseny hivatalos kezdete<br><em>(a versenyz\u0151k 2 feeder bottal horg\u00e1szhatnak, botonk\u00e9nt 1 horoggal \u2013 a r\u00e9szletes szab\u00e1lyokat a helysz\u00ednen ismertetik)<\/em><\/li>\n\n\n\n<li><strong>13:30<\/strong> \u2013 A verseny v\u00e9ge, m\u00e9rlegel\u00e9s<\/li>\n\n\n\n<li><strong>14:00<\/strong> \u2013 K\u00f6z\u00f6s eb\u00e9d \u00e9s eredm\u00e9nyhirdet\u00e9s, d\u00edjak \u00e1tad\u00e1sa<\/li>\n<\/ul>\n\n\n\n<p>A szervez\u0151k gondoskodnak arr\u00f3l is, hogy senki ne maradjon \u00e9hesen: a versenyt egy <strong>k\u00f6z\u00f6s eb\u00e9d<\/strong> z\u00e1rja, ahol lehet\u0151s\u00e9g lesz ismerked\u00e9sre, besz\u00e9lget\u00e9sre \u00e9s a nap \u00e9lm\u00e9nyeinek megoszt\u00e1s\u00e1ra.<\/p>\n\n\n\n<h3 class=\"wp-block-heading\">\ud83d\udcde Jelentkez\u00e9s:<\/h3>\n\n\n\n<p>A r\u00e9szv\u00e9telhez el\u0151zetes jelentkez\u00e9s sz\u00fcks\u00e9ges, melyet a k\u00f6vetkez\u0151 telefonsz\u00e1mon lehet megtenni:<br>\ud83d\udc49 <strong>+380665071224<\/strong><\/p>\n\n\n\n<h3 class=\"wp-block-heading\">\ud83c\udf81 Nyerem\u00e9nyek \u00e9s k\u00fcl\u00f6n d\u00edjak:<\/h3>\n\n\n\n<p>A leg\u00fcgyesebb horg\u00e1szok term\u00e9szetesen <strong>\u00e9rt\u00e9kes d\u00edjakat<\/strong> vihetnek haza, \u00e9s ahogy m\u00e1r eml\u00edtett\u00fck, a <strong>legjobb 18 \u00e9v alatti indul\u00f3t egy k\u00fcl\u00f6n meglepet\u00e9saj\u00e1nd\u00e9kkal<\/strong> is jutalmazz\u00e1k.<\/p>\n\n\n\n<hr class=\"wp-block-separator has-alpha-channel-opacity\"\/>\n\n\n\n<p>Ne hagyd ki ezt az alkalmat, hogy egy j\u00f3 t\u00e1rsas\u00e1gban, kellemes k\u00f6rnyezetben, vid\u00e1m hangulatban t\u00f6lts el egy napot a term\u00e9szet l\u00e1gy \u00f6l\u00e9n! Hozd magaddal bar\u00e1taidat, csal\u00e1dtagjaidat, \u00e9s legyetek r\u00e9szesei a <strong>VI. KMKSZ ISZ Horg\u00e1szversenynek<\/strong> \u2013 mert a horg\u00e1szat nemcsak sport, hanem \u00e9lm\u00e9ny is!<\/p>","protected":false},"excerpt":{"rendered":"<p>A ny\u00e1r egyik legizgalmasabb k\u00f6z\u00f6ss\u00e9gi esem\u00e9nye id\u00e9n is el\u00e9rkezett: a K\u00e1rp\u00e1taljai Magyar Kultur\u00e1lis Sz\u00f6vets\u00e9g Ifj\u00fas\u00e1gi Szervezete (KMKSZ ISZ) megrendezi imm\u00e1r [&hellip;]<\/p>","protected":false},"author":4,"featured_media":548,"comment_status":"open","ping_status":"open","sticky":false,"template":"","format":"standard","meta":{"_uag_custom_page_level_css":"","site-sidebar-layout":"default","site-content-layout":"","ast-site-content-layout":"default","site-content-style":"default","site-sidebar-style":"default","ast-global-header-display":"","ast-banner-title-visibility":"","ast-main-header-display":"","ast-hfb-above-header-display":"","ast-hfb-below-header-display":"","ast-hfb-mobile-header-display":"","site-post-title":"","ast-breadcrumbs-content":"","ast-featured-img":"","footer-sml-layout":"","ast-disable-related-posts":"","theme-transparent-header-meta":"","adv-header-id-meta":"","stick-header-meta":"","header-above-stick-meta":"","header-main-stick-meta":"","header-below-stick-meta":"","astra-migrate-meta-layouts":"default","ast-page-background-enabled":"default","ast-page-background-meta":{"desktop":{"background-color":"var(--ast-global-color-4)","background-image":"","background-repeat":"repeat","background-position":"center center","background-size":"auto","background-attachment":"scroll","background-type":"","background-media":"","overlay-type":"","overlay-color":"","overlay-opacity":"","overlay-gradient":""},"tablet":{"background-color":"","background-image":"","background-repeat":"repeat","background-position":"center center","background-size":"auto","background-attachment":"scroll","background-type":"","background-media":"","overlay-type":"","overlay-color":"","overlay-opacity":"","overlay-gradient":""},"mobile":{"background-color":"","background-image":"","background-repeat":"repeat","background-position":"center center","background-size":"auto","background-attachment":"scroll","background-type":"","background-media":"","overlay-type":"","overlay-color":"","overlay-opacity":"","overlay-gradient":""}},"ast-content-background-meta":{"desktop":{"background-color":"var(--ast-global-color-5)","background-image":"","background-repeat":"repeat","background-position":"center center","background-size":"auto","background-attachment":"scroll","background-type":"","background-media":"","overlay-type":"","overlay-color":"","overlay-opacity":"","overlay-gradient":""},"tablet":{"background-color":"var(--ast-global-color-5)","background-image":"","background-repeat":"repeat","background-position":"center center","background-size":"auto","background-attachment":"scroll","background-type":"","background-media":"","overlay-type":"","overlay-color":"","overlay-opacity":"","overlay-gradient":""},"mobile":{"background-color":"var(--ast-global-color-5)","background-image":"","background-repeat":"repeat","background-position":"center center","background-size":"auto","background-attachment":"scroll","background-type":"","background-media":"","overlay-type":"","overlay-color":"","overlay-opacity":"","overlay-gradient":""}},"footnotes":""},"categories":[1],"tags":[],"class_list":["post-547","post","type-post","status-publish","format-standard","has-post-thumbnail","hentry","category-uncategorized"],"yoast_head":"<!-- This site is optimized with the Yoast SEO plugin v25.2 - https:\/\/yoast.com\/wordpress\/plugins\/seo\/ -->\n<title>Megrendez\u00e9sre ker\u00fcl a VI. KMKSZ ISZ HORG\u00c1SZVERSENY - K\u00e1rp\u00e1taljai Magyar Kultur\u00e1lis Sz\u00f6vegs\u00e9g Ifj\u00fas\u00e1gi Szervezete<\/title>\n<meta name=\"robots\" content=\"index, follow, max-snippet:-1, max-image-preview:large, max-video-preview:-1\" \/>\n<link rel=\"canonical\" href=\"https:\/\/kmkszisz.com\/ua\/megrendezesre-kerul-a-vi-kmksz-isz-horgaszverseny\/\" \/>\n<meta property=\"og:locale\" content=\"uk_UA\" \/>\n<meta property=\"og:type\" content=\"article\" \/>\n<meta property=\"og:title\" content=\"Megrendez\u00e9sre ker\u00fcl a VI. KMKSZ ISZ HORG\u00c1SZVERSENY - K\u00e1rp\u00e1taljai Magyar Kultur\u00e1lis Sz\u00f6vegs\u00e9g Ifj\u00fas\u00e1gi Szervezete\" \/>\n<meta property=\"og:description\" content=\"A ny\u00e1r egyik legizgalmasabb k\u00f6z\u00f6ss\u00e9gi esem\u00e9nye id\u00e9n is el\u00e9rkezett: a K\u00e1rp\u00e1taljai Magyar Kultur\u00e1lis Sz\u00f6vets\u00e9g Ifj\u00fas\u00e1gi Szervezete (KMKSZ ISZ) megrendezi imm\u00e1r [&hellip;]\" \/>\n<meta property=\"og:url\" content=\"https:\/\/kmkszisz.com\/ua\/megrendezesre-kerul-a-vi-kmksz-isz-horgaszverseny\/\" \/>\n<meta property=\"og:site_name\" content=\"K\u00e1rp\u00e1taljai Magyar Kultur\u00e1lis Sz\u00f6vegs\u00e9g Ifj\u00fas\u00e1gi Szervezete\" \/>\n<meta property=\"article:published_time\" content=\"2025-06-13T15:55:24+00:00\" \/>\n<meta property=\"article:modified_time\" content=\"2025-07-01T15:59:36+00:00\" \/>\n<meta property=\"og:image\" content=\"https:\/\/kmkszisz.com\/wp-content\/uploads\/2025\/07\/506631996_1178744794297515_9052010376598257487_n.jpg\" \/>\n\t<meta property=\"og:image:width\" content=\"1448\" \/>\n\t<meta property=\"og:image:height\" content=\"2048\" \/>\n\t<meta property=\"og:image:type\" content=\"image\/jpeg\" \/>\n<meta name=\"author\" content=\"zbocx6n7zj65\" \/>\n<meta name=\"twitter:card\" content=\"summary_large_image\" \/>\n<meta name=\"twitter:label1\" content=\"\u041d\u0430\u043f\u0438\u0441\u0430\u043d\u043e\" \/>\n\t<meta name=\"twitter:data1\" content=\"zbocx6n7zj65\" \/>\n\t<meta name=\"twitter:label2\" content=\"\u041f\u0440\u0438\u0431\u043b. \u0447\u0430\u0441 \u0447\u0438\u0442\u0430\u043d\u043d\u044f\" \/>\n\t<meta name=\"twitter:data2\" content=\"2 \u0445\u0432\u0438\u043b\u0438\u043d\u0438\" \/>\n<script type=\"application\/ld+json\" class=\"yoast-schema-graph\">{\"@context\":\"https:\/\/schema.org\",\"@graph\":[{\"@type\":\"Article\",\"@id\":\"https:\/\/kmkszisz.com\/megrendezesre-kerul-a-vi-kmksz-isz-horgaszverseny\/#article\",\"isPartOf\":{\"@id\":\"https:\/\/kmkszisz.com\/megrendezesre-kerul-a-vi-kmksz-isz-horgaszverseny\/\"},\"author\":{\"name\":\"zbocx6n7zj65\",\"@id\":\"https:\/\/kmkszisz.com\/#\/schema\/person\/65627e728e4eb8a7da6351356bcdbbd2\"},\"headline\":\"Megrendez\u00e9sre ker\u00fcl a VI. KMKSZ ISZ HORG\u00c1SZVERSENY\",\"datePublished\":\"2025-06-13T15:55:24+00:00\",\"dateModified\":\"2025-07-01T15:59:36+00:00\",\"mainEntityOfPage\":{\"@id\":\"https:\/\/kmkszisz.com\/megrendezesre-kerul-a-vi-kmksz-isz-horgaszverseny\/\"},\"wordCount\":415,\"commentCount\":0,\"publisher\":{\"@id\":\"https:\/\/kmkszisz.com\/#organization\"},\"image\":{\"@id\":\"https:\/\/kmkszisz.com\/megrendezesre-kerul-a-vi-kmksz-isz-horgaszverseny\/#primaryimage\"},\"thumbnailUrl\":\"https:\/\/kmkszisz.com\/wp-content\/uploads\/2025\/07\/506631996_1178744794297515_9052010376598257487_n.jpg\",\"articleSection\":[\"Uncategorized\"],\"inLanguage\":\"uk\",\"potentialAction\":[{\"@type\":\"CommentAction\",\"name\":\"Comment\",\"target\":[\"https:\/\/kmkszisz.com\/megrendezesre-kerul-a-vi-kmksz-isz-horgaszverseny\/#respond\"]}]},{\"@type\":\"WebPage\",\"@id\":\"https:\/\/kmkszisz.com\/megrendezesre-kerul-a-vi-kmksz-isz-horgaszverseny\/\",\"url\":\"https:\/\/kmkszisz.com\/megrendezesre-kerul-a-vi-kmksz-isz-horgaszverseny\/\",\"name\":\"Megrendez\u00e9sre ker\u00fcl a VI. KMKSZ ISZ HORG\u00c1SZVERSENY - K\u00e1rp\u00e1taljai Magyar Kultur\u00e1lis Sz\u00f6vegs\u00e9g Ifj\u00fas\u00e1gi Szervezete\",\"isPartOf\":{\"@id\":\"https:\/\/kmkszisz.com\/#website\"},\"primaryImageOfPage\":{\"@id\":\"https:\/\/kmkszisz.com\/megrendezesre-kerul-a-vi-kmksz-isz-horgaszverseny\/#primaryimage\"},\"image\":{\"@id\":\"https:\/\/kmkszisz.com\/megrendezesre-kerul-a-vi-kmksz-isz-horgaszverseny\/#primaryimage\"},\"thumbnailUrl\":\"https:\/\/kmkszisz.com\/wp-content\/uploads\/2025\/07\/506631996_1178744794297515_9052010376598257487_n.jpg\",\"datePublished\":\"2025-06-13T15:55:24+00:00\",\"dateModified\":\"2025-07-01T15:59:36+00:00\",\"breadcrumb\":{\"@id\":\"https:\/\/kmkszisz.com\/megrendezesre-kerul-a-vi-kmksz-isz-horgaszverseny\/#breadcrumb\"},\"inLanguage\":\"uk\",\"potentialAction\":[{\"@type\":\"ReadAction\",\"target\":[\"https:\/\/kmkszisz.com\/megrendezesre-kerul-a-vi-kmksz-isz-horgaszverseny\/\"]}]},{\"@type\":\"ImageObject\",\"inLanguage\":\"uk\",\"@id\":\"https:\/\/kmkszisz.com\/megrendezesre-kerul-a-vi-kmksz-isz-horgaszverseny\/#primaryimage\",\"url\":\"https:\/\/kmkszisz.com\/wp-content\/uploads\/2025\/07\/506631996_1178744794297515_9052010376598257487_n.jpg\",\"contentUrl\":\"https:\/\/kmkszisz.com\/wp-content\/uploads\/2025\/07\/506631996_1178744794297515_9052010376598257487_n.jpg\",\"width\":1448,\"height\":2048},{\"@type\":\"BreadcrumbList\",\"@id\":\"https:\/\/kmkszisz.com\/megrendezesre-kerul-a-vi-kmksz-isz-horgaszverseny\/#breadcrumb\",\"itemListElement\":[{\"@type\":\"ListItem\",\"position\":1,\"name\":\"Kezd\u0151lap\",\"item\":\"https:\/\/kmkszisz.com\/\"},{\"@type\":\"ListItem\",\"position\":2,\"name\":\"Megrendez\u00e9sre ker\u00fcl a VI. KMKSZ ISZ HORG\u00c1SZVERSENY\"}]},{\"@type\":\"WebSite\",\"@id\":\"https:\/\/kmkszisz.com\/#website\",\"url\":\"https:\/\/kmkszisz.com\/\",\"name\":\"K\u00e1rp\u00e1taljai Magyar Kultur\u00e1lis Sz\u00f6vegs\u00e9g Ifj\u00fas\u00e1gi Szervezete\",\"description\":\"Ez az oldal a KMKSZISZ hivatalos weblapja.\",\"publisher\":{\"@id\":\"https:\/\/kmkszisz.com\/#organization\"},\"potentialAction\":[{\"@type\":\"SearchAction\",\"target\":{\"@type\":\"EntryPoint\",\"urlTemplate\":\"https:\/\/kmkszisz.com\/?s={search_term_string}\"},\"query-input\":{\"@type\":\"PropertyValueSpecification\",\"valueRequired\":true,\"valueName\":\"search_term_string\"}}],\"inLanguage\":\"uk\"},{\"@type\":\"Organization\",\"@id\":\"https:\/\/kmkszisz.com\/#organization\",\"name\":\"K\u00e1rp\u00e1taljai Magyar Kultur\u00e1lis Sz\u00f6vegs\u00e9g Ifj\u00fas\u00e1gi Szervezete\",\"url\":\"https:\/\/kmkszisz.com\/\",\"logo\":{\"@type\":\"ImageObject\",\"inLanguage\":\"uk\",\"@id\":\"https:\/\/kmkszisz.com\/#\/schema\/logo\/image\/\",\"url\":\"https:\/\/kmkszisz.com\/wp-content\/uploads\/2025\/03\/cropped-KMKSZ-ISZ-logo-szines-hatternelkul-1-scaled.png\",\"contentUrl\":\"https:\/\/kmkszisz.com\/wp-content\/uploads\/2025\/03\/cropped-KMKSZ-ISZ-logo-szines-hatternelkul-1-scaled.png\",\"width\":2560,\"height\":2230,\"caption\":\"K\u00e1rp\u00e1taljai Magyar Kultur\u00e1lis Sz\u00f6vegs\u00e9g Ifj\u00fas\u00e1gi Szervezete\"},\"image\":{\"@id\":\"https:\/\/kmkszisz.com\/#\/schema\/logo\/image\/\"}},{\"@type\":\"Person\",\"@id\":\"https:\/\/kmkszisz.com\/#\/schema\/person\/65627e728e4eb8a7da6351356bcdbbd2\",\"name\":\"zbocx6n7zj65\",\"image\":{\"@type\":\"ImageObject\",\"inLanguage\":\"uk\",\"@id\":\"https:\/\/kmkszisz.com\/#\/schema\/person\/image\/\",\"url\":\"https:\/\/secure.gravatar.com\/avatar\/8a15a507d04ef98009579dd2a80305aa411710be28eabbfe8b948e9a2687f6ad?s=96&d=mm&r=g\",\"contentUrl\":\"https:\/\/secure.gravatar.com\/avatar\/8a15a507d04ef98009579dd2a80305aa411710be28eabbfe8b948e9a2687f6ad?s=96&d=mm&r=g\",\"caption\":\"zbocx6n7zj65\"},\"url\":\"https:\/\/kmkszisz.com\/ua\/author\/zbocx6n7zj65\/\"}]}<\/script>\n<!-- \/ Yoast SEO plugin. -->","yoast_head_json":{"title":"Megrendez\u00e9sre ker\u00fcl a VI. KMKSZ ISZ HORG\u00c1SZVERSENY - K\u00e1rp\u00e1taljai Magyar Kultur\u00e1lis Sz\u00f6vegs\u00e9g Ifj\u00fas\u00e1gi Szervezete","robots":{"index":"index","follow":"follow","max-snippet":"max-snippet:-1","max-image-preview":"max-image-preview:large","max-video-preview":"max-video-preview:-1"},"canonical":"https:\/\/kmkszisz.com\/ua\/megrendezesre-kerul-a-vi-kmksz-isz-horgaszverseny\/","og_locale":"uk_UA","og_type":"article","og_title":"Megrendez\u00e9sre ker\u00fcl a VI. KMKSZ ISZ HORG\u00c1SZVERSENY - K\u00e1rp\u00e1taljai Magyar Kultur\u00e1lis Sz\u00f6vegs\u00e9g Ifj\u00fas\u00e1gi Szervezete","og_description":"A ny\u00e1r egyik legizgalmasabb k\u00f6z\u00f6ss\u00e9gi esem\u00e9nye id\u00e9n is el\u00e9rkezett: a K\u00e1rp\u00e1taljai Magyar Kultur\u00e1lis Sz\u00f6vets\u00e9g Ifj\u00fas\u00e1gi Szervezete (KMKSZ ISZ) megrendezi imm\u00e1r [&hellip;]","og_url":"https:\/\/kmkszisz.com\/ua\/megrendezesre-kerul-a-vi-kmksz-isz-horgaszverseny\/","og_site_name":"K\u00e1rp\u00e1taljai Magyar Kultur\u00e1lis Sz\u00f6vegs\u00e9g Ifj\u00fas\u00e1gi Szervezete","article_published_time":"2025-06-13T15:55:24+00:00","article_modified_time":"2025-07-01T15:59:36+00:00","og_image":[{"width":1448,"height":2048,"url":"https:\/\/kmkszisz.com\/wp-content\/uploads\/2025\/07\/506631996_1178744794297515_9052010376598257487_n.jpg","type":"image\/jpeg"}],"author":"zbocx6n7zj65","twitter_card":"summary_large_image","twitter_misc":{"\u041d\u0430\u043f\u0438\u0441\u0430\u043d\u043e":"zbocx6n7zj65","\u041f\u0440\u0438\u0431\u043b. \u0447\u0430\u0441 \u0447\u0438\u0442\u0430\u043d\u043d\u044f":"2 \u0445\u0432\u0438\u043b\u0438\u043d\u0438"},"schema":{"@context":"https:\/\/schema.org","@graph":[{"@type":"Article","@id":"https:\/\/kmkszisz.com\/megrendezesre-kerul-a-vi-kmksz-isz-horgaszverseny\/#article","isPartOf":{"@id":"https:\/\/kmkszisz.com\/megrendezesre-kerul-a-vi-kmksz-isz-horgaszverseny\/"},"author":{"name":"zbocx6n7zj65","@id":"https:\/\/kmkszisz.com\/#\/schema\/person\/65627e728e4eb8a7da6351356bcdbbd2"},"headline":"Megrendez\u00e9sre ker\u00fcl a VI. KMKSZ ISZ HORG\u00c1SZVERSENY","datePublished":"2025-06-13T15:55:24+00:00","dateModified":"2025-07-01T15:59:36+00:00","mainEntityOfPage":{"@id":"https:\/\/kmkszisz.com\/megrendezesre-kerul-a-vi-kmksz-isz-horgaszverseny\/"},"wordCount":415,"commentCount":0,"publisher":{"@id":"https:\/\/kmkszisz.com\/#organization"},"image":{"@id":"https:\/\/kmkszisz.com\/megrendezesre-kerul-a-vi-kmksz-isz-horgaszverseny\/#primaryimage"},"thumbnailUrl":"https:\/\/kmkszisz.com\/wp-content\/uploads\/2025\/07\/506631996_1178744794297515_9052010376598257487_n.jpg","articleSection":["Uncategorized"],"inLanguage":"uk","potentialAction":[{"@type":"CommentAction","name":"Comment","target":["https:\/\/kmkszisz.com\/megrendezesre-kerul-a-vi-kmksz-isz-horgaszverseny\/#respond"]}]},{"@type":"WebPage","@id":"https:\/\/kmkszisz.com\/megrendezesre-kerul-a-vi-kmksz-isz-horgaszverseny\/","url":"https:\/\/kmkszisz.com\/megrendezesre-kerul-a-vi-kmksz-isz-horgaszverseny\/","name":"Megrendez\u00e9sre ker\u00fcl a VI. KMKSZ ISZ HORG\u00c1SZVERSENY - K\u00e1rp\u00e1taljai Magyar Kultur\u00e1lis Sz\u00f6vegs\u00e9g Ifj\u00fas\u00e1gi Szervezete","isPartOf":{"@id":"https:\/\/kmkszisz.com\/#website"},"primaryImageOfPage":{"@id":"https:\/\/kmkszisz.com\/megrendezesre-kerul-a-vi-kmksz-isz-horgaszverseny\/#primaryimage"},"image":{"@id":"https:\/\/kmkszisz.com\/megrendezesre-kerul-a-vi-kmksz-isz-horgaszverseny\/#primaryimage"},"thumbnailUrl":"https:\/\/kmkszisz.com\/wp-content\/uploads\/2025\/07\/506631996_1178744794297515_9052010376598257487_n.jpg","datePublished":"2025-06-13T15:55:24+00:00","dateModified":"2025-07-01T15:59:36+00:00","breadcrumb":{"@id":"https:\/\/kmkszisz.com\/megrendezesre-kerul-a-vi-kmksz-isz-horgaszverseny\/#breadcrumb"},"inLanguage":"uk","potentialAction":[{"@type":"ReadAction","target":["https:\/\/kmkszisz.com\/megrendezesre-kerul-a-vi-kmksz-isz-horgaszverseny\/"]}]},{"@type":"ImageObject","inLanguage":"uk","@id":"https:\/\/kmkszisz.com\/megrendezesre-kerul-a-vi-kmksz-isz-horgaszverseny\/#primaryimage","url":"https:\/\/kmkszisz.com\/wp-content\/uploads\/2025\/07\/506631996_1178744794297515_9052010376598257487_n.jpg","contentUrl":"https:\/\/kmkszisz.com\/wp-content\/uploads\/2025\/07\/506631996_1178744794297515_9052010376598257487_n.jpg","width":1448,"height":2048},{"@type":"BreadcrumbList","@id":"https:\/\/kmkszisz.com\/megrendezesre-kerul-a-vi-kmksz-isz-horgaszverseny\/#breadcrumb","itemListElement":[{"@type":"ListItem","position":1,"name":"Kezd\u0151lap","item":"https:\/\/kmkszisz.com\/"},{"@type":"ListItem","position":2,"name":"Megrendez\u00e9sre ker\u00fcl a VI. KMKSZ ISZ HORG\u00c1SZVERSENY"}]},{"@type":"WebSite","@id":"https:\/\/kmkszisz.com\/#website","url":"https:\/\/kmkszisz.com\/","name":"K\u00e1rp\u00e1taljai Magyar Kultur\u00e1lis Sz\u00f6vegs\u00e9g Ifj\u00fas\u00e1gi Szervezete","description":"Ez az oldal a KMKSZISZ hivatalos weblapja.","publisher":{"@id":"https:\/\/kmkszisz.com\/#organization"},"potentialAction":[{"@type":"SearchAction","target":{"@type":"EntryPoint","urlTemplate":"https:\/\/kmkszisz.com\/?s={search_term_string}"},"query-input":{"@type":"PropertyValueSpecification","valueRequired":true,"valueName":"search_term_string"}}],"inLanguage":"uk"},{"@type":"Organization","@id":"https:\/\/kmkszisz.com\/#organization","name":"K\u00e1rp\u00e1taljai Magyar Kultur\u00e1lis Sz\u00f6vegs\u00e9g Ifj\u00fas\u00e1gi Szervezete","url":"https:\/\/kmkszisz.com\/","logo":{"@type":"ImageObject","inLanguage":"uk","@id":"https:\/\/kmkszisz.com\/#\/schema\/logo\/image\/","url":"https:\/\/kmkszisz.com\/wp-content\/uploads\/2025\/03\/cropped-KMKSZ-ISZ-logo-szines-hatternelkul-1-scaled.png","contentUrl":"https:\/\/kmkszisz.com\/wp-content\/uploads\/2025\/03\/cropped-KMKSZ-ISZ-logo-szines-hatternelkul-1-scaled.png","width":2560,"height":2230,"caption":"K\u00e1rp\u00e1taljai Magyar Kultur\u00e1lis Sz\u00f6vegs\u00e9g Ifj\u00fas\u00e1gi Szervezete"},"image":{"@id":"https:\/\/kmkszisz.com\/#\/schema\/logo\/image\/"}},{"@type":"Person","@id":"https:\/\/kmkszisz.com\/#\/schema\/person\/65627e728e4eb8a7da6351356bcdbbd2","name":"zbocx6n7zj65","image":{"@type":"ImageObject","inLanguage":"uk","@id":"https:\/\/kmkszisz.com\/#\/schema\/person\/image\/","url":"https:\/\/secure.gravatar.com\/avatar\/8a15a507d04ef98009579dd2a80305aa411710be28eabbfe8b948e9a2687f6ad?s=96&d=mm&r=g","contentUrl":"https:\/\/secure.gravatar.com\/avatar\/8a15a507d04ef98009579dd2a80305aa411710be28eabbfe8b948e9a2687f6ad?s=96&d=mm&r=g","caption":"zbocx6n7zj65"},"url":"https:\/\/kmkszisz.com\/ua\/author\/zbocx6n7zj65\/"}]}},"uagb_featured_image_src":{"full":["https:\/\/kmkszisz.com\/wp-content\/uploads\/2025\/07\/506631996_1178744794297515_9052010376598257487_n.jpg",1448,2048,false],"thumbnail":["https:\/\/kmkszisz.com\/wp-content\/uploads\/2025\/07\/506631996_1178744794297515_9052010376598257487_n-150x150.jpg",150,150,true],"medium":["https:\/\/kmkszisz.com\/wp-content\/uploads\/2025\/07\/506631996_1178744794297515_9052010376598257487_n-212x300.jpg",212,300,true],"medium_large":["https:\/\/kmkszisz.com\/wp-content\/uploads\/2025\/07\/506631996_1178744794297515_9052010376598257487_n-768x1086.jpg",768,1086,true],"large":["https:\/\/kmkszisz.com\/wp-content\/uploads\/2025\/07\/506631996_1178744794297515_9052010376598257487_n-724x1024.jpg",724,1024,true],"1536x1536":["https:\/\/kmkszisz.com\/wp-content\/uploads\/2025\/07\/506631996_1178744794297515_9052010376598257487_n-1086x1536.jpg",1086,1536,true],"2048x2048":["https:\/\/kmkszisz.com\/wp-content\/uploads\/2025\/07\/506631996_1178744794297515_9052010376598257487_n.jpg",1448,2048,false],"trp-custom-language-flag":["https:\/\/kmkszisz.com\/wp-content\/uploads\/2025\/07\/506631996_1178744794297515_9052010376598257487_n-8x12.jpg",8,12,true]},"uagb_author_info":{"display_name":"zbocx6n7zj65","author_link":"https:\/\/kmkszisz.com\/ua\/author\/zbocx6n7zj65\/"},"uagb_comment_info":16,"uagb_excerpt":"A ny\u00e1r egyik legizgalmasabb k\u00f6z\u00f6ss\u00e9gi esem\u00e9nye id\u00e9n is el\u00e9rkezett: a K\u00e1rp\u00e1taljai Magyar Kultur\u00e1lis Sz\u00f6vets\u00e9g Ifj\u00fas\u00e1gi Szervezete (KMKSZ ISZ) megrendezi imm\u00e1r [&hellip;]","brizy_media":[],"_links":{"self":[{"href":"https:\/\/kmkszisz.com\/ua\/wp-json\/wp\/v2\/posts\/547","targetHints":{"allow":["GET"]}}],"collection":[{"href":"https:\/\/kmkszisz.com\/ua\/wp-json\/wp\/v2\/posts"}],"about":[{"href":"https:\/\/kmkszisz.com\/ua\/wp-json\/wp\/v2\/types\/post"}],"author":[{"embeddable":true,"href":"https:\/\/kmkszisz.com\/ua\/wp-json\/wp\/v2\/users\/4"}],"replies":[{"embeddable":true,"href":"https:\/\/kmkszisz.com\/ua\/wp-json\/wp\/v2\/comments?post=547"}],"version-history":[{"count":1,"href":"https:\/\/kmkszisz.com\/ua\/wp-json\/wp\/v2\/posts\/547\/revisions"}],"predecessor-version":[{"id":549,"href":"https:\/\/kmkszisz.com\/ua\/wp-json\/wp\/v2\/posts\/547\/revisions\/549"}],"wp:featuredmedia":[{"embeddable":true,"href":"https:\/\/kmkszisz.com\/ua\/wp-json\/wp\/v2\/media\/548"}],"wp:attachment":[{"href":"https:\/\/kmkszisz.com\/ua\/wp-json\/wp\/v2\/media?parent=547"}],"wp:term":[{"taxonomy":"category","embeddable":true,"href":"https:\/\/kmkszisz.com\/ua\/wp-json\/wp\/v2\/categories?post=547"},{"taxonomy":"post_tag","embeddable":true,"href":"https:\/\/kmkszisz.com\/ua\/wp-json\/wp\/v2\/tags?post=547"}],"curies":[{"name":"wp","href":"https:\/\/api.w.org\/{rel}","templated":true}]}}