{"id":550,"date":"2025-06-20T16:00:00","date_gmt":"2025-06-20T16:00:00","guid":{"rendered":"https:\/\/kmkszisz.com\/?p=550"},"modified":"2025-07-01T16:07:32","modified_gmt":"2025-07-01T16:07:32","slug":"iden-is-izgalmas-kepzesek-es-gyakorlatorientalt-treningek-szinesitettek-a-karpataljai-kozeleti-vezetokepzo-programjat","status":"publish","type":"post","link":"https:\/\/kmkszisz.com\/ua\/iden-is-izgalmas-kepzesek-es-gyakorlatorientalt-treningek-szinesitettek-a-karpataljai-kozeleti-vezetokepzo-programjat\/","title":{"rendered":"Id\u00e9n is izgalmas k\u00e9pz\u00e9sek \u00e9s gyakorlatorient\u00e1lt tr\u00e9ningek sz\u00ednes\u00edtett\u00e9k a K\u00e1rp\u00e1taljai K\u00f6z\u00e9leti Vezet\u0151k\u00e9pz\u0151 programj\u00e1t"},"content":{"rendered":"<h3 class=\"wp-block-heading\">A j\u00f6v\u0151 k\u00f6z\u00e9leti vezet\u0151i a m\u00e9di\u00e1ban is helyt\u00e1llnak \u2013 k\u00f6z\u00f6s h\u00e9tv\u00e9g\u00e9n a K\u00e1rp\u00e1taljai K\u00f6z\u00e9leti Vezet\u0151k\u00e9pz\u0151 \u00e9s az Erd\u00e9lyi Politikai Iskola hallgat\u00f3i<\/h3>\n\n\n\n<p>A <strong>K\u00e1rp\u00e1taljai K\u00f6z\u00e9leti Vezet\u0151k\u00e9pz\u0151<\/strong> \u00e9s az <strong>Erd\u00e9lyi Politikai Iskola<\/strong> 2024\/2025-\u00f6s \u00e9vfolyamai az utols\u00f3 k\u00e9pz\u00e9si h\u00e9tv\u00e9g\u00e9j\u00fcket egy k\u00fcl\u00f6nleges helysz\u00ednen z\u00e1rt\u00e1k: a <strong>M\u00e9diak\u00e9pz\u00e9s NTGN<\/strong> vend\u00e9gei voltak, ahol a j\u00f6v\u0151 k\u00f6z\u00e9leti szerepl\u0151i gyakorlati tapasztalatokat szerezhettek a modern m\u00e9dia vil\u00e1g\u00e1b\u00f3l.<\/p>\n\n\n\n<p>A h\u00e9tv\u00e9ge sor\u00e1n a r\u00e9sztvev\u0151k:<\/p>\n\n\n\n<ul class=\"wp-block-list\">\n<li>\ud83d\udde3\ufe0f <strong>besz\u00e9dtechnikai tr\u00e9ningen<\/strong> fejlesztett\u00e9k el\u0151ad\u00f3i \u00e9s kommunik\u00e1ci\u00f3s k\u00e9szs\u00e9geiket,<\/li>\n\n\n\n<li>\ud83c\udf99\ufe0f <strong>h\u00edrfelolvas\u00f3k\u00e9nt<\/strong> pr\u00f3b\u00e1lhatt\u00e1k ki magukat st\u00fadi\u00f3k\u00f6rnyezetben,<\/li>\n\n\n\n<li>\ud83c\udfa7 \u00e9s <strong>bepillant\u00e1st nyerhettek a podcastk\u00e9sz\u00edt\u00e9s kulisszatitkaiba<\/strong>, saj\u00e1t tartalmak el\u0151\u00e1ll\u00edt\u00e1s\u00e1val.<\/li>\n<\/ul>\n\n\n\n<p>Ez a k\u00e9pz\u00e9si z\u00e1r\u00f3alkalom nemcsak szakmailag volt hasznos, hanem \u00e9lm\u00e9nyd\u00fas \u00e9s inspir\u00e1l\u00f3 is: a r\u00e9sztvev\u0151k testk\u00f6zelb\u0151l tapasztalhatt\u00e1k meg, hogyan m\u0171k\u00f6dik a m\u00e9dia \u00e9s milyen kih\u00edv\u00e1sokat jelent a hiteles, hat\u00e9kony kommunik\u00e1ci\u00f3.<\/p>\n\n\n\n<blockquote class=\"wp-block-quote is-layout-flow wp-block-quote-is-layout-flow\">\n<p>\ud83d\udce3 \u201eMa, amikor a k\u00f6z\u00e9leti szerepv\u00e1llal\u00e1s elk\u00e9pzelhetetlen tudatos kommunik\u00e1ci\u00f3 n\u00e9lk\u00fcl, k\u00fcl\u00f6n\u00f6sen fontos, hogy a j\u00f6v\u0151 vezet\u0151i meg\u00e9rts\u00e9k a m\u00e9dia m\u0171k\u00f6d\u00e9s\u00e9t, \u00e9s k\u00e9pesek legyenek annak eszk\u00f6zeit felel\u0151sen haszn\u00e1lni.\u201d \u2013 hangs\u00falyozt\u00e1k a k\u00e9pz\u00e9s szervez\u0151i.<\/p>\n<\/blockquote>\n\n\n\n<p>A k\u00e9t hat\u00e1ron t\u00fali k\u00e9pz\u00e9s c\u00e9lja, hogy olyan fiatalokat k\u00e9sz\u00edtsen fel a k\u00f6z\u00e9letre, akik nemcsak szakmailag felk\u00e9sz\u00fcltek, de <strong>\u00f6nazonos, tudatos kommunik\u00e1ci\u00f3val<\/strong> is k\u00e9pesek k\u00e9pviselni k\u00f6z\u00f6ss\u00e9g\u00fcket \u2013 ak\u00e1r a politika, ak\u00e1r a civil szf\u00e9ra sz\u00ednterein.<\/p>\n\n\n\n<figure class=\"wp-block-video\"><video height=\"720\" style=\"aspect-ratio: 1280 \/ 720;\" width=\"1280\" controls src=\"https:\/\/kmkszisz.com\/wp-content\/uploads\/2025\/07\/AQMOf0PasMf9XN3RJi0YRYT3ND7YKg7MPj1l_1oFNi7qEC0i2j3UzkHJrrbliMEKqcKCoHqBowXQSJSaM669dxTw.mp4\"><\/video><\/figure>\n\n\n\n<p>Forr\u00e1s: <a href=\"https:\/\/www.facebook.com\/share\/v\/15nat4WU1w\/\">MCC K\u00f6z\u00e9leti Programok<\/a><\/p>\n\n\n\n<p><\/p>","protected":false},"excerpt":{"rendered":"<p>A j\u00f6v\u0151 k\u00f6z\u00e9leti vezet\u0151i a m\u00e9di\u00e1ban is helyt\u00e1llnak \u2013 k\u00f6z\u00f6s h\u00e9tv\u00e9g\u00e9n a K\u00e1rp\u00e1taljai K\u00f6z\u00e9leti Vezet\u0151k\u00e9pz\u0151 \u00e9s az Erd\u00e9lyi Politikai Iskola [&hellip;]<\/p>","protected":false},"author":4,"featured_media":552,"comment_status":"open","ping_status":"open","sticky":false,"template":"","format":"standard","meta":{"_uag_custom_page_level_css":"","site-sidebar-layout":"default","site-content-layout":"","ast-site-content-layout":"default","site-content-style":"default","site-sidebar-style":"default","ast-global-header-display":"","ast-banner-title-visibility":"","ast-main-header-display":"","ast-hfb-above-header-display":"","ast-hfb-below-header-display":"","ast-hfb-mobile-header-display":"","site-post-title":"","ast-breadcrumbs-content":"","ast-featured-img":"","footer-sml-layout":"","ast-disable-related-posts":"","theme-transparent-header-meta":"","adv-header-id-meta":"","stick-header-meta":"","header-above-stick-meta":"","header-main-stick-meta":"","header-below-stick-meta":"","astra-migrate-meta-layouts":"default","ast-page-background-enabled":"default","ast-page-background-meta":{"desktop":{"background-color":"var(--ast-global-color-4)","background-image":"","background-repeat":"repeat","background-position":"center center","background-size":"auto","background-attachment":"scroll","background-type":"","background-media":"","overlay-type":"","overlay-color":"","overlay-opacity":"","overlay-gradient":""},"tablet":{"background-color":"","background-image":"","background-repeat":"repeat","background-position":"center center","background-size":"auto","background-attachment":"scroll","background-type":"","background-media":"","overlay-type":"","overlay-color":"","overlay-opacity":"","overlay-gradient":""},"mobile":{"background-color":"","background-image":"","background-repeat":"repeat","background-position":"center center","background-size":"auto","background-attachment":"scroll","background-type":"","background-media":"","overlay-type":"","overlay-color":"","overlay-opacity":"","overlay-gradient":""}},"ast-content-background-meta":{"desktop":{"background-color":"var(--ast-global-color-5)","background-image":"","background-repeat":"repeat","background-position":"center center","background-size":"auto","background-attachment":"scroll","background-type":"","background-media":"","overlay-type":"","overlay-color":"","overlay-opacity":"","overlay-gradient":""},"tablet":{"background-color":"var(--ast-global-color-5)","background-image":"","background-repeat":"repeat","background-position":"center center","background-size":"auto","background-attachment":"scroll","background-type":"","background-media":"","overlay-type":"","overlay-color":"","overlay-opacity":"","overlay-gradient":""},"mobile":{"background-color":"var(--ast-global-color-5)","background-image":"","background-repeat":"repeat","background-position":"center center","background-size":"auto","background-attachment":"scroll","background-type":"","background-media":"","overlay-type":"","overlay-color":"","overlay-opacity":"","overlay-gradient":""}},"footnotes":""},"categories":[1],"tags":[],"class_list":["post-550","post","type-post","status-publish","format-standard","has-post-thumbnail","hentry","category-uncategorized"],"yoast_head":"<!-- This site is optimized with the Yoast SEO plugin v25.2 - https:\/\/yoast.com\/wordpress\/plugins\/seo\/ -->\n<title>Id\u00e9n is izgalmas k\u00e9pz\u00e9sek \u00e9s gyakorlatorient\u00e1lt tr\u00e9ningek sz\u00ednes\u00edtett\u00e9k a K\u00e1rp\u00e1taljai K\u00f6z\u00e9leti Vezet\u0151k\u00e9pz\u0151 programj\u00e1t - K\u00e1rp\u00e1taljai Magyar Kultur\u00e1lis Sz\u00f6vegs\u00e9g Ifj\u00fas\u00e1gi Szervezete<\/title>\n<meta name=\"robots\" content=\"index, follow, max-snippet:-1, max-image-preview:large, max-video-preview:-1\" \/>\n<link rel=\"canonical\" href=\"https:\/\/kmkszisz.com\/ua\/iden-is-izgalmas-kepzesek-es-gyakorlatorientalt-treningek-szinesitettek-a-karpataljai-kozeleti-vezetokepzo-programjat\/\" \/>\n<meta property=\"og:locale\" content=\"uk_UA\" \/>\n<meta property=\"og:type\" content=\"article\" \/>\n<meta property=\"og:title\" content=\"Id\u00e9n is izgalmas k\u00e9pz\u00e9sek \u00e9s gyakorlatorient\u00e1lt tr\u00e9ningek sz\u00ednes\u00edtett\u00e9k a K\u00e1rp\u00e1taljai K\u00f6z\u00e9leti Vezet\u0151k\u00e9pz\u0151 programj\u00e1t - K\u00e1rp\u00e1taljai Magyar Kultur\u00e1lis Sz\u00f6vegs\u00e9g Ifj\u00fas\u00e1gi Szervezete\" \/>\n<meta property=\"og:description\" content=\"A j\u00f6v\u0151 k\u00f6z\u00e9leti vezet\u0151i a m\u00e9di\u00e1ban is helyt\u00e1llnak \u2013 k\u00f6z\u00f6s h\u00e9tv\u00e9g\u00e9n a K\u00e1rp\u00e1taljai K\u00f6z\u00e9leti Vezet\u0151k\u00e9pz\u0151 \u00e9s az Erd\u00e9lyi Politikai Iskola [&hellip;]\" \/>\n<meta property=\"og:url\" content=\"https:\/\/kmkszisz.com\/ua\/iden-is-izgalmas-kepzesek-es-gyakorlatorientalt-treningek-szinesitettek-a-karpataljai-kozeleti-vezetokepzo-programjat\/\" \/>\n<meta property=\"og:site_name\" content=\"K\u00e1rp\u00e1taljai Magyar Kultur\u00e1lis Sz\u00f6vegs\u00e9g Ifj\u00fas\u00e1gi Szervezete\" \/>\n<meta property=\"article:published_time\" content=\"2025-06-20T16:00:00+00:00\" \/>\n<meta property=\"article:modified_time\" content=\"2025-07-01T16:07:32+00:00\" \/>\n<meta property=\"og:image\" content=\"https:\/\/kmkszisz.com\/wp-content\/uploads\/2025\/07\/Screenshot-2025-07-01-at-18.07.03.png\" \/>\n\t<meta property=\"og:image:width\" content=\"1874\" \/>\n\t<meta property=\"og:image:height\" content=\"1056\" \/>\n\t<meta property=\"og:image:type\" content=\"image\/png\" \/>\n<meta name=\"author\" content=\"zbocx6n7zj65\" \/>\n<meta name=\"twitter:card\" content=\"summary_large_image\" \/>\n<meta name=\"twitter:label1\" content=\"\u041d\u0430\u043f\u0438\u0441\u0430\u043d\u043e\" \/>\n\t<meta name=\"twitter:data1\" content=\"zbocx6n7zj65\" \/>\n\t<meta name=\"twitter:label2\" content=\"\u041f\u0440\u0438\u0431\u043b. \u0447\u0430\u0441 \u0447\u0438\u0442\u0430\u043d\u043d\u044f\" \/>\n\t<meta name=\"twitter:data2\" content=\"2 \u0445\u0432\u0438\u043b\u0438\u043d\u0438\" \/>\n<script type=\"application\/ld+json\" class=\"yoast-schema-graph\">{\"@context\":\"https:\/\/schema.org\",\"@graph\":[{\"@type\":\"Article\",\"@id\":\"https:\/\/kmkszisz.com\/iden-is-izgalmas-kepzesek-es-gyakorlatorientalt-treningek-szinesitettek-a-karpataljai-kozeleti-vezetokepzo-programjat\/#article\",\"isPartOf\":{\"@id\":\"https:\/\/kmkszisz.com\/iden-is-izgalmas-kepzesek-es-gyakorlatorientalt-treningek-szinesitettek-a-karpataljai-kozeleti-vezetokepzo-programjat\/\"},\"author\":{\"name\":\"zbocx6n7zj65\",\"@id\":\"https:\/\/kmkszisz.com\/#\/schema\/person\/65627e728e4eb8a7da6351356bcdbbd2\"},\"headline\":\"Id\u00e9n is izgalmas k\u00e9pz\u00e9sek \u00e9s gyakorlatorient\u00e1lt tr\u00e9ningek sz\u00ednes\u00edtett\u00e9k a K\u00e1rp\u00e1taljai K\u00f6z\u00e9leti Vezet\u0151k\u00e9pz\u0151 programj\u00e1t\",\"datePublished\":\"2025-06-20T16:00:00+00:00\",\"dateModified\":\"2025-07-01T16:07:32+00:00\",\"mainEntityOfPage\":{\"@id\":\"https:\/\/kmkszisz.com\/iden-is-izgalmas-kepzesek-es-gyakorlatorientalt-treningek-szinesitettek-a-karpataljai-kozeleti-vezetokepzo-programjat\/\"},\"wordCount\":365,\"commentCount\":0,\"publisher\":{\"@id\":\"https:\/\/kmkszisz.com\/#organization\"},\"image\":{\"@id\":\"https:\/\/kmkszisz.com\/iden-is-izgalmas-kepzesek-es-gyakorlatorientalt-treningek-szinesitettek-a-karpataljai-kozeleti-vezetokepzo-programjat\/#primaryimage\"},\"thumbnailUrl\":\"https:\/\/kmkszisz.com\/wp-content\/uploads\/2025\/07\/Screenshot-2025-07-01-at-18.07.03.png\",\"articleSection\":[\"Uncategorized\"],\"inLanguage\":\"uk\",\"potentialAction\":[{\"@type\":\"CommentAction\",\"name\":\"Comment\",\"target\":[\"https:\/\/kmkszisz.com\/iden-is-izgalmas-kepzesek-es-gyakorlatorientalt-treningek-szinesitettek-a-karpataljai-kozeleti-vezetokepzo-programjat\/#respond\"]}]},{\"@type\":\"WebPage\",\"@id\":\"https:\/\/kmkszisz.com\/iden-is-izgalmas-kepzesek-es-gyakorlatorientalt-treningek-szinesitettek-a-karpataljai-kozeleti-vezetokepzo-programjat\/\",\"url\":\"https:\/\/kmkszisz.com\/iden-is-izgalmas-kepzesek-es-gyakorlatorientalt-treningek-szinesitettek-a-karpataljai-kozeleti-vezetokepzo-programjat\/\",\"name\":\"Id\u00e9n is izgalmas k\u00e9pz\u00e9sek \u00e9s gyakorlatorient\u00e1lt tr\u00e9ningek sz\u00ednes\u00edtett\u00e9k a K\u00e1rp\u00e1taljai K\u00f6z\u00e9leti Vezet\u0151k\u00e9pz\u0151 programj\u00e1t - K\u00e1rp\u00e1taljai Magyar Kultur\u00e1lis Sz\u00f6vegs\u00e9g Ifj\u00fas\u00e1gi Szervezete\",\"isPartOf\":{\"@id\":\"https:\/\/kmkszisz.com\/#website\"},\"primaryImageOfPage\":{\"@id\":\"https:\/\/kmkszisz.com\/iden-is-izgalmas-kepzesek-es-gyakorlatorientalt-treningek-szinesitettek-a-karpataljai-kozeleti-vezetokepzo-programjat\/#primaryimage\"},\"image\":{\"@id\":\"https:\/\/kmkszisz.com\/iden-is-izgalmas-kepzesek-es-gyakorlatorientalt-treningek-szinesitettek-a-karpataljai-kozeleti-vezetokepzo-programjat\/#primaryimage\"},\"thumbnailUrl\":\"https:\/\/kmkszisz.com\/wp-content\/uploads\/2025\/07\/Screenshot-2025-07-01-at-18.07.03.png\",\"datePublished\":\"2025-06-20T16:00:00+00:00\",\"dateModified\":\"2025-07-01T16:07:32+00:00\",\"breadcrumb\":{\"@id\":\"https:\/\/kmkszisz.com\/iden-is-izgalmas-kepzesek-es-gyakorlatorientalt-treningek-szinesitettek-a-karpataljai-kozeleti-vezetokepzo-programjat\/#breadcrumb\"},\"inLanguage\":\"uk\",\"potentialAction\":[{\"@type\":\"ReadAction\",\"target\":[\"https:\/\/kmkszisz.com\/iden-is-izgalmas-kepzesek-es-gyakorlatorientalt-treningek-szinesitettek-a-karpataljai-kozeleti-vezetokepzo-programjat\/\"]}]},{\"@type\":\"ImageObject\",\"inLanguage\":\"uk\",\"@id\":\"https:\/\/kmkszisz.com\/iden-is-izgalmas-kepzesek-es-gyakorlatorientalt-treningek-szinesitettek-a-karpataljai-kozeleti-vezetokepzo-programjat\/#primaryimage\",\"url\":\"https:\/\/kmkszisz.com\/wp-content\/uploads\/2025\/07\/Screenshot-2025-07-01-at-18.07.03.png\",\"contentUrl\":\"https:\/\/kmkszisz.com\/wp-content\/uploads\/2025\/07\/Screenshot-2025-07-01-at-18.07.03.png\",\"width\":1874,\"height\":1056},{\"@type\":\"BreadcrumbList\",\"@id\":\"https:\/\/kmkszisz.com\/iden-is-izgalmas-kepzesek-es-gyakorlatorientalt-treningek-szinesitettek-a-karpataljai-kozeleti-vezetokepzo-programjat\/#breadcrumb\",\"itemListElement\":[{\"@type\":\"ListItem\",\"position\":1,\"name\":\"Kezd\u0151lap\",\"item\":\"https:\/\/kmkszisz.com\/\"},{\"@type\":\"ListItem\",\"position\":2,\"name\":\"Id\u00e9n is izgalmas k\u00e9pz\u00e9sek \u00e9s gyakorlatorient\u00e1lt tr\u00e9ningek sz\u00ednes\u00edtett\u00e9k a K\u00e1rp\u00e1taljai K\u00f6z\u00e9leti Vezet\u0151k\u00e9pz\u0151 programj\u00e1t\"}]},{\"@type\":\"WebSite\",\"@id\":\"https:\/\/kmkszisz.com\/#website\",\"url\":\"https:\/\/kmkszisz.com\/\",\"name\":\"K\u00e1rp\u00e1taljai Magyar Kultur\u00e1lis Sz\u00f6vegs\u00e9g Ifj\u00fas\u00e1gi Szervezete\",\"description\":\"Ez az oldal a KMKSZISZ hivatalos weblapja.\",\"publisher\":{\"@id\":\"https:\/\/kmkszisz.com\/#organization\"},\"potentialAction\":[{\"@type\":\"SearchAction\",\"target\":{\"@type\":\"EntryPoint\",\"urlTemplate\":\"https:\/\/kmkszisz.com\/?s={search_term_string}\"},\"query-input\":{\"@type\":\"PropertyValueSpecification\",\"valueRequired\":true,\"valueName\":\"search_term_string\"}}],\"inLanguage\":\"uk\"},{\"@type\":\"Organization\",\"@id\":\"https:\/\/kmkszisz.com\/#organization\",\"name\":\"K\u00e1rp\u00e1taljai Magyar Kultur\u00e1lis Sz\u00f6vegs\u00e9g Ifj\u00fas\u00e1gi Szervezete\",\"url\":\"https:\/\/kmkszisz.com\/\",\"logo\":{\"@type\":\"ImageObject\",\"inLanguage\":\"uk\",\"@id\":\"https:\/\/kmkszisz.com\/#\/schema\/logo\/image\/\",\"url\":\"https:\/\/kmkszisz.com\/wp-content\/uploads\/2025\/03\/cropped-KMKSZ-ISZ-logo-szines-hatternelkul-1-scaled.png\",\"contentUrl\":\"https:\/\/kmkszisz.com\/wp-content\/uploads\/2025\/03\/cropped-KMKSZ-ISZ-logo-szines-hatternelkul-1-scaled.png\",\"width\":2560,\"height\":2230,\"caption\":\"K\u00e1rp\u00e1taljai Magyar Kultur\u00e1lis Sz\u00f6vegs\u00e9g Ifj\u00fas\u00e1gi Szervezete\"},\"image\":{\"@id\":\"https:\/\/kmkszisz.com\/#\/schema\/logo\/image\/\"}},{\"@type\":\"Person\",\"@id\":\"https:\/\/kmkszisz.com\/#\/schema\/person\/65627e728e4eb8a7da6351356bcdbbd2\",\"name\":\"zbocx6n7zj65\",\"image\":{\"@type\":\"ImageObject\",\"inLanguage\":\"uk\",\"@id\":\"https:\/\/kmkszisz.com\/#\/schema\/person\/image\/\",\"url\":\"https:\/\/secure.gravatar.com\/avatar\/8a15a507d04ef98009579dd2a80305aa411710be28eabbfe8b948e9a2687f6ad?s=96&d=mm&r=g\",\"contentUrl\":\"https:\/\/secure.gravatar.com\/avatar\/8a15a507d04ef98009579dd2a80305aa411710be28eabbfe8b948e9a2687f6ad?s=96&d=mm&r=g\",\"caption\":\"zbocx6n7zj65\"},\"url\":\"https:\/\/kmkszisz.com\/ua\/author\/zbocx6n7zj65\/\"}]}<\/script>\n<!-- \/ Yoast SEO plugin. -->","yoast_head_json":{"title":"Id\u00e9n is izgalmas k\u00e9pz\u00e9sek \u00e9s gyakorlatorient\u00e1lt tr\u00e9ningek sz\u00ednes\u00edtett\u00e9k a K\u00e1rp\u00e1taljai K\u00f6z\u00e9leti Vezet\u0151k\u00e9pz\u0151 programj\u00e1t - K\u00e1rp\u00e1taljai Magyar Kultur\u00e1lis Sz\u00f6vegs\u00e9g Ifj\u00fas\u00e1gi Szervezete","robots":{"index":"index","follow":"follow","max-snippet":"max-snippet:-1","max-image-preview":"max-image-preview:large","max-video-preview":"max-video-preview:-1"},"canonical":"https:\/\/kmkszisz.com\/ua\/iden-is-izgalmas-kepzesek-es-gyakorlatorientalt-treningek-szinesitettek-a-karpataljai-kozeleti-vezetokepzo-programjat\/","og_locale":"uk_UA","og_type":"article","og_title":"Id\u00e9n is izgalmas k\u00e9pz\u00e9sek \u00e9s gyakorlatorient\u00e1lt tr\u00e9ningek sz\u00ednes\u00edtett\u00e9k a K\u00e1rp\u00e1taljai K\u00f6z\u00e9leti Vezet\u0151k\u00e9pz\u0151 programj\u00e1t - K\u00e1rp\u00e1taljai Magyar Kultur\u00e1lis Sz\u00f6vegs\u00e9g Ifj\u00fas\u00e1gi Szervezete","og_description":"A j\u00f6v\u0151 k\u00f6z\u00e9leti vezet\u0151i a m\u00e9di\u00e1ban is helyt\u00e1llnak \u2013 k\u00f6z\u00f6s h\u00e9tv\u00e9g\u00e9n a K\u00e1rp\u00e1taljai K\u00f6z\u00e9leti Vezet\u0151k\u00e9pz\u0151 \u00e9s az Erd\u00e9lyi Politikai Iskola [&hellip;]","og_url":"https:\/\/kmkszisz.com\/ua\/iden-is-izgalmas-kepzesek-es-gyakorlatorientalt-treningek-szinesitettek-a-karpataljai-kozeleti-vezetokepzo-programjat\/","og_site_name":"K\u00e1rp\u00e1taljai Magyar Kultur\u00e1lis Sz\u00f6vegs\u00e9g Ifj\u00fas\u00e1gi Szervezete","article_published_time":"2025-06-20T16:00:00+00:00","article_modified_time":"2025-07-01T16:07:32+00:00","og_image":[{"width":1874,"height":1056,"url":"https:\/\/kmkszisz.com\/wp-content\/uploads\/2025\/07\/Screenshot-2025-07-01-at-18.07.03.png","type":"image\/png"}],"author":"zbocx6n7zj65","twitter_card":"summary_large_image","twitter_misc":{"\u041d\u0430\u043f\u0438\u0441\u0430\u043d\u043e":"zbocx6n7zj65","\u041f\u0440\u0438\u0431\u043b. \u0447\u0430\u0441 \u0447\u0438\u0442\u0430\u043d\u043d\u044f":"2 \u0445\u0432\u0438\u043b\u0438\u043d\u0438"},"schema":{"@context":"https:\/\/schema.org","@graph":[{"@type":"Article","@id":"https:\/\/kmkszisz.com\/iden-is-izgalmas-kepzesek-es-gyakorlatorientalt-treningek-szinesitettek-a-karpataljai-kozeleti-vezetokepzo-programjat\/#article","isPartOf":{"@id":"https:\/\/kmkszisz.com\/iden-is-izgalmas-kepzesek-es-gyakorlatorientalt-treningek-szinesitettek-a-karpataljai-kozeleti-vezetokepzo-programjat\/"},"author":{"name":"zbocx6n7zj65","@id":"https:\/\/kmkszisz.com\/#\/schema\/person\/65627e728e4eb8a7da6351356bcdbbd2"},"headline":"Id\u00e9n is izgalmas k\u00e9pz\u00e9sek \u00e9s gyakorlatorient\u00e1lt tr\u00e9ningek sz\u00ednes\u00edtett\u00e9k a K\u00e1rp\u00e1taljai K\u00f6z\u00e9leti Vezet\u0151k\u00e9pz\u0151 programj\u00e1t","datePublished":"2025-06-20T16:00:00+00:00","dateModified":"2025-07-01T16:07:32+00:00","mainEntityOfPage":{"@id":"https:\/\/kmkszisz.com\/iden-is-izgalmas-kepzesek-es-gyakorlatorientalt-treningek-szinesitettek-a-karpataljai-kozeleti-vezetokepzo-programjat\/"},"wordCount":365,"commentCount":0,"publisher":{"@id":"https:\/\/kmkszisz.com\/#organization"},"image":{"@id":"https:\/\/kmkszisz.com\/iden-is-izgalmas-kepzesek-es-gyakorlatorientalt-treningek-szinesitettek-a-karpataljai-kozeleti-vezetokepzo-programjat\/#primaryimage"},"thumbnailUrl":"https:\/\/kmkszisz.com\/wp-content\/uploads\/2025\/07\/Screenshot-2025-07-01-at-18.07.03.png","articleSection":["Uncategorized"],"inLanguage":"uk","potentialAction":[{"@type":"CommentAction","name":"Comment","target":["https:\/\/kmkszisz.com\/iden-is-izgalmas-kepzesek-es-gyakorlatorientalt-treningek-szinesitettek-a-karpataljai-kozeleti-vezetokepzo-programjat\/#respond"]}]},{"@type":"WebPage","@id":"https:\/\/kmkszisz.com\/iden-is-izgalmas-kepzesek-es-gyakorlatorientalt-treningek-szinesitettek-a-karpataljai-kozeleti-vezetokepzo-programjat\/","url":"https:\/\/kmkszisz.com\/iden-is-izgalmas-kepzesek-es-gyakorlatorientalt-treningek-szinesitettek-a-karpataljai-kozeleti-vezetokepzo-programjat\/","name":"Id\u00e9n is izgalmas k\u00e9pz\u00e9sek \u00e9s gyakorlatorient\u00e1lt tr\u00e9ningek sz\u00ednes\u00edtett\u00e9k a K\u00e1rp\u00e1taljai K\u00f6z\u00e9leti Vezet\u0151k\u00e9pz\u0151 programj\u00e1t - K\u00e1rp\u00e1taljai Magyar Kultur\u00e1lis Sz\u00f6vegs\u00e9g Ifj\u00fas\u00e1gi Szervezete","isPartOf":{"@id":"https:\/\/kmkszisz.com\/#website"},"primaryImageOfPage":{"@id":"https:\/\/kmkszisz.com\/iden-is-izgalmas-kepzesek-es-gyakorlatorientalt-treningek-szinesitettek-a-karpataljai-kozeleti-vezetokepzo-programjat\/#primaryimage"},"image":{"@id":"https:\/\/kmkszisz.com\/iden-is-izgalmas-kepzesek-es-gyakorlatorientalt-treningek-szinesitettek-a-karpataljai-kozeleti-vezetokepzo-programjat\/#primaryimage"},"thumbnailUrl":"https:\/\/kmkszisz.com\/wp-content\/uploads\/2025\/07\/Screenshot-2025-07-01-at-18.07.03.png","datePublished":"2025-06-20T16:00:00+00:00","dateModified":"2025-07-01T16:07:32+00:00","breadcrumb":{"@id":"https:\/\/kmkszisz.com\/iden-is-izgalmas-kepzesek-es-gyakorlatorientalt-treningek-szinesitettek-a-karpataljai-kozeleti-vezetokepzo-programjat\/#breadcrumb"},"inLanguage":"uk","potentialAction":[{"@type":"ReadAction","target":["https:\/\/kmkszisz.com\/iden-is-izgalmas-kepzesek-es-gyakorlatorientalt-treningek-szinesitettek-a-karpataljai-kozeleti-vezetokepzo-programjat\/"]}]},{"@type":"ImageObject","inLanguage":"uk","@id":"https:\/\/kmkszisz.com\/iden-is-izgalmas-kepzesek-es-gyakorlatorientalt-treningek-szinesitettek-a-karpataljai-kozeleti-vezetokepzo-programjat\/#primaryimage","url":"https:\/\/kmkszisz.com\/wp-content\/uploads\/2025\/07\/Screenshot-2025-07-01-at-18.07.03.png","contentUrl":"https:\/\/kmkszisz.com\/wp-content\/uploads\/2025\/07\/Screenshot-2025-07-01-at-18.07.03.png","width":1874,"height":1056},{"@type":"BreadcrumbList","@id":"https:\/\/kmkszisz.com\/iden-is-izgalmas-kepzesek-es-gyakorlatorientalt-treningek-szinesitettek-a-karpataljai-kozeleti-vezetokepzo-programjat\/#breadcrumb","itemListElement":[{"@type":"ListItem","position":1,"name":"Kezd\u0151lap","item":"https:\/\/kmkszisz.com\/"},{"@type":"ListItem","position":2,"name":"Id\u00e9n is izgalmas k\u00e9pz\u00e9sek \u00e9s gyakorlatorient\u00e1lt tr\u00e9ningek sz\u00ednes\u00edtett\u00e9k a K\u00e1rp\u00e1taljai K\u00f6z\u00e9leti Vezet\u0151k\u00e9pz\u0151 programj\u00e1t"}]},{"@type":"WebSite","@id":"https:\/\/kmkszisz.com\/#website","url":"https:\/\/kmkszisz.com\/","name":"K\u00e1rp\u00e1taljai Magyar Kultur\u00e1lis Sz\u00f6vegs\u00e9g Ifj\u00fas\u00e1gi Szervezete","description":"Ez az oldal a KMKSZISZ hivatalos weblapja.","publisher":{"@id":"https:\/\/kmkszisz.com\/#organization"},"potentialAction":[{"@type":"SearchAction","target":{"@type":"EntryPoint","urlTemplate":"https:\/\/kmkszisz.com\/?s={search_term_string}"},"query-input":{"@type":"PropertyValueSpecification","valueRequired":true,"valueName":"search_term_string"}}],"inLanguage":"uk"},{"@type":"Organization","@id":"https:\/\/kmkszisz.com\/#organization","name":"K\u00e1rp\u00e1taljai Magyar Kultur\u00e1lis Sz\u00f6vegs\u00e9g Ifj\u00fas\u00e1gi Szervezete","url":"https:\/\/kmkszisz.com\/","logo":{"@type":"ImageObject","inLanguage":"uk","@id":"https:\/\/kmkszisz.com\/#\/schema\/logo\/image\/","url":"https:\/\/kmkszisz.com\/wp-content\/uploads\/2025\/03\/cropped-KMKSZ-ISZ-logo-szines-hatternelkul-1-scaled.png","contentUrl":"https:\/\/kmkszisz.com\/wp-content\/uploads\/2025\/03\/cropped-KMKSZ-ISZ-logo-szines-hatternelkul-1-scaled.png","width":2560,"height":2230,"caption":"K\u00e1rp\u00e1taljai Magyar Kultur\u00e1lis Sz\u00f6vegs\u00e9g Ifj\u00fas\u00e1gi Szervezete"},"image":{"@id":"https:\/\/kmkszisz.com\/#\/schema\/logo\/image\/"}},{"@type":"Person","@id":"https:\/\/kmkszisz.com\/#\/schema\/person\/65627e728e4eb8a7da6351356bcdbbd2","name":"zbocx6n7zj65","image":{"@type":"ImageObject","inLanguage":"uk","@id":"https:\/\/kmkszisz.com\/#\/schema\/person\/image\/","url":"https:\/\/secure.gravatar.com\/avatar\/8a15a507d04ef98009579dd2a80305aa411710be28eabbfe8b948e9a2687f6ad?s=96&d=mm&r=g","contentUrl":"https:\/\/secure.gravatar.com\/avatar\/8a15a507d04ef98009579dd2a80305aa411710be28eabbfe8b948e9a2687f6ad?s=96&d=mm&r=g","caption":"zbocx6n7zj65"},"url":"https:\/\/kmkszisz.com\/ua\/author\/zbocx6n7zj65\/"}]}},"uagb_featured_image_src":{"full":["https:\/\/kmkszisz.com\/wp-content\/uploads\/2025\/07\/Screenshot-2025-07-01-at-18.07.03.png",1874,1056,false],"thumbnail":["https:\/\/kmkszisz.com\/wp-content\/uploads\/2025\/07\/Screenshot-2025-07-01-at-18.07.03-150x150.png",150,150,true],"medium":["https:\/\/kmkszisz.com\/wp-content\/uploads\/2025\/07\/Screenshot-2025-07-01-at-18.07.03-300x169.png",300,169,true],"medium_large":["https:\/\/kmkszisz.com\/wp-content\/uploads\/2025\/07\/Screenshot-2025-07-01-at-18.07.03-768x433.png",768,433,true],"large":["https:\/\/kmkszisz.com\/wp-content\/uploads\/2025\/07\/Screenshot-2025-07-01-at-18.07.03-1024x577.png",1024,577,true],"1536x1536":["https:\/\/kmkszisz.com\/wp-content\/uploads\/2025\/07\/Screenshot-2025-07-01-at-18.07.03-1536x866.png",1536,866,true],"2048x2048":["https:\/\/kmkszisz.com\/wp-content\/uploads\/2025\/07\/Screenshot-2025-07-01-at-18.07.03.png",1874,1056,false],"trp-custom-language-flag":["https:\/\/kmkszisz.com\/wp-content\/uploads\/2025\/07\/Screenshot-2025-07-01-at-18.07.03-18x10.png",18,10,true]},"uagb_author_info":{"display_name":"zbocx6n7zj65","author_link":"https:\/\/kmkszisz.com\/ua\/author\/zbocx6n7zj65\/"},"uagb_comment_info":15,"uagb_excerpt":"A j\u00f6v\u0151 k\u00f6z\u00e9leti vezet\u0151i a m\u00e9di\u00e1ban is helyt\u00e1llnak \u2013 k\u00f6z\u00f6s h\u00e9tv\u00e9g\u00e9n a K\u00e1rp\u00e1taljai K\u00f6z\u00e9leti Vezet\u0151k\u00e9pz\u0151 \u00e9s az Erd\u00e9lyi Politikai Iskola [&hellip;]","brizy_media":[],"_links":{"self":[{"href":"https:\/\/kmkszisz.com\/ua\/wp-json\/wp\/v2\/posts\/550","targetHints":{"allow":["GET"]}}],"collection":[{"href":"https:\/\/kmkszisz.com\/ua\/wp-json\/wp\/v2\/posts"}],"about":[{"href":"https:\/\/kmkszisz.com\/ua\/wp-json\/wp\/v2\/types\/post"}],"author":[{"embeddable":true,"href":"https:\/\/kmkszisz.com\/ua\/wp-json\/wp\/v2\/users\/4"}],"replies":[{"embeddable":true,"href":"https:\/\/kmkszisz.com\/ua\/wp-json\/wp\/v2\/comments?post=550"}],"version-history":[{"count":1,"href":"https:\/\/kmkszisz.com\/ua\/wp-json\/wp\/v2\/posts\/550\/revisions"}],"predecessor-version":[{"id":553,"href":"https:\/\/kmkszisz.com\/ua\/wp-json\/wp\/v2\/posts\/550\/revisions\/553"}],"wp:featuredmedia":[{"embeddable":true,"href":"https:\/\/kmkszisz.com\/ua\/wp-json\/wp\/v2\/media\/552"}],"wp:attachment":[{"href":"https:\/\/kmkszisz.com\/ua\/wp-json\/wp\/v2\/media?parent=550"}],"wp:term":[{"taxonomy":"category","embeddable":true,"href":"https:\/\/kmkszisz.com\/ua\/wp-json\/wp\/v2\/categories?post=550"},{"taxonomy":"post_tag","embeddable":true,"href":"https:\/\/kmkszisz.com\/ua\/wp-json\/wp\/v2\/tags?post=550"}],"curies":[{"name":"wp","href":"https:\/\/api.w.org\/{rel}","templated":true}]}}