{"id":554,"date":"2025-06-21T16:08:00","date_gmt":"2025-06-21T16:08:00","guid":{"rendered":"https:\/\/kmkszisz.com\/?p=554"},"modified":"2025-07-01T16:12:43","modified_gmt":"2025-07-01T16:12:43","slug":"sporteszkozoket-kapott-harom-karpataljai-iskola","status":"publish","type":"post","link":"https:\/\/kmkszisz.com\/ua\/sporteszkozoket-kapott-harom-karpataljai-iskola\/","title":{"rendered":"Sporteszk\u00f6z\u00f6ket kapott h\u00e1rom k\u00e1rp\u00e1taljai iskola"},"content":{"rendered":"<p>\u27a1\ufe0f <strong>H\u00e1l\u00e1s sz\u00edvvel k\u00f6sz\u00f6nj\u00fck a K\u00e1rp\u00e1t-medencei Egyetemek Kup\u00e1ja szervez\u0151i csapat\u00e1nak<\/strong>, hogy 2025-ben is gondoltak a k\u00e1rp\u00e1taljai fiatalokra, \u00e9s ism\u00e9t t\u00e1mogatt\u00e1k r\u00e9gi\u00f3nk sport\u00e9let\u00e9t!<\/p>\n\n\n\n<p>A <strong>Budapesti Egyetemi Atl\u00e9tikai Klub<\/strong> k\u00e9pviselet\u00e9ben \u00e9rkez\u0151 fiatalok <strong>h\u00e1rom k\u00e1rp\u00e1taljai telep\u00fcl\u00e9sre \u2013 Verb\u0151cre, Sal\u00e1nkra \u00e9s Beregd\u00e9d\u00e1ra \u2013<\/strong> l\u00e1togattak el, hogy <strong>sporteszk\u00f6z\u00f6ket adom\u00e1nyozzanak az ottani iskol\u00e1knak<\/strong>. A gesztus t\u00falmutat az aj\u00e1nd\u00e9kokon: val\u00f3di k\u00f6z\u00f6ss\u00e9gform\u00e1l\u00f3 \u00e9s lelkes\u00edt\u0151 \u00fczenet a helyi di\u00e1koknak.<\/p>\n\n\n\n<p>\ud83c\udfd0\ud83e\udd4a A gyerekek nagy \u00f6r\u00f6mmel fogadt\u00e1k az \u00faj eszk\u00f6z\u00f6ket \u2013 labd\u00e1k, ugr\u00f3k\u00f6telek, bokszkeszty\u0171k \u00e9s egy\u00e9b sportfelszerel\u00e9sek seg\u00edtik majd a testnevel\u00e9s\u00f3r\u00e1kat \u00e9s az iskolai sport\u00e9let fejl\u0151d\u00e9s\u00e9t. A h\u00e1rom iskola \u2013 h\u00e1rom k\u00f6z\u00f6ss\u00e9g \u2013 rengeteg boldog di\u00e1kot \u00e9s <strong>mozg\u00e1sban gazdag pillanatot<\/strong> nyert ezzel a t\u00e1mogat\u00e1ssal.<\/p>\n\n\n\n<blockquote class=\"wp-block-quote is-layout-flow wp-block-quote-is-layout-flow\">\n<p><strong>\u201eA sport nemcsak a testet edzi, hanem k\u00f6z\u00f6ss\u00e9get form\u00e1l, \u00e9s kitart\u00e1sra tan\u00edt.\u201d<\/strong> \u2013 vallj\u00e1k a kezdem\u00e9nyez\u00e9s szervez\u0151i, akik szerint a hat\u00e1ron t\u00fali magyar fiatalok t\u00e1mogat\u00e1sa k\u00fcl\u00f6n\u00f6sen fontos a j\u00f6v\u0151 nemzed\u00e9keinek meger\u0151s\u00edt\u00e9se szempontj\u00e1b\u00f3l.<\/p>\n<\/blockquote>\n\n\n\n<p>A <strong>K\u00e1rp\u00e1t-medencei Egyetemek Kup\u00e1j\u00e1hoz kapcsol\u00f3d\u00f3 j\u00f3t\u00e9konys\u00e1gi program<\/strong> hossz\u00fa t\u00e1v\u00fa c\u00e9lja, hogy a sport r\u00e9v\u00e9n hidakat \u00e9p\u00edtsen fiatal k\u00f6z\u00f6ss\u00e9gek k\u00f6z\u00f6tt, \u00e9s meger\u0151s\u00edtse az \u00f6sszetartoz\u00e1s \u00e9lm\u00e9ny\u00e9t az eg\u00e9sz r\u00e9gi\u00f3ban.<\/p>\n\n\n\n<figure class=\"wp-block-embed is-type-video is-provider-youtube wp-block-embed-youtube wp-embed-aspect-16-9 wp-has-aspect-ratio\"><div class=\"wp-block-embed__wrapper\">\n<iframe loading=\"lazy\" title=\"Aktu\u00e1lis (2025.06.21) H\u00e1rom k\u00e1rp\u00e1taljai helysz\u00ednre is jutott a magyarorsz\u00e1gi adom\u00e1nyb\u00f3l\" width=\"500\" height=\"281\" src=\"https:\/\/www.youtube.com\/embed\/Ab8lsw4hTkY?feature=oembed\" frameborder=\"0\" allow=\"accelerometer; autoplay; clipboard-write; encrypted-media; gyroscope; picture-in-picture; web-share\" referrerpolicy=\"strict-origin-when-cross-origin\" allowfullscreen><\/iframe>\n<\/div><\/figure>\n\n\n\n<p>Forr\u00e1s: <a href=\"https:\/\/youtu.be\/Ab8lsw4hTkY\">TV 21 Ung\u00e1v\u00e1r<\/a><\/p>","protected":false},"excerpt":{"rendered":"<p>\u27a1\ufe0f H\u00e1l\u00e1s sz\u00edvvel k\u00f6sz\u00f6nj\u00fck a K\u00e1rp\u00e1t-medencei Egyetemek Kup\u00e1ja szervez\u0151i csapat\u00e1nak, hogy 2025-ben is gondoltak a k\u00e1rp\u00e1taljai fiatalokra, \u00e9s ism\u00e9t t\u00e1mogatt\u00e1k [&hellip;]<\/p>","protected":false},"author":4,"featured_media":555,"comment_status":"open","ping_status":"open","sticky":false,"template":"","format":"standard","meta":{"_uag_custom_page_level_css":"","site-sidebar-layout":"default","site-content-layout":"","ast-site-content-layout":"default","site-content-style":"default","site-sidebar-style":"default","ast-global-header-display":"","ast-banner-title-visibility":"","ast-main-header-display":"","ast-hfb-above-header-display":"","ast-hfb-below-header-display":"","ast-hfb-mobile-header-display":"","site-post-title":"","ast-breadcrumbs-content":"","ast-featured-img":"","footer-sml-layout":"","ast-disable-related-posts":"","theme-transparent-header-meta":"","adv-header-id-meta":"","stick-header-meta":"","header-above-stick-meta":"","header-main-stick-meta":"","header-below-stick-meta":"","astra-migrate-meta-layouts":"default","ast-page-background-enabled":"default","ast-page-background-meta":{"desktop":{"background-color":"var(--ast-global-color-4)","background-image":"","background-repeat":"repeat","background-position":"center center","background-size":"auto","background-attachment":"scroll","background-type":"","background-media":"","overlay-type":"","overlay-color":"","overlay-opacity":"","overlay-gradient":""},"tablet":{"background-color":"","background-image":"","background-repeat":"repeat","background-position":"center center","background-size":"auto","background-attachment":"scroll","background-type":"","background-media":"","overlay-type":"","overlay-color":"","overlay-opacity":"","overlay-gradient":""},"mobile":{"background-color":"","background-image":"","background-repeat":"repeat","background-position":"center center","background-size":"auto","background-attachment":"scroll","background-type":"","background-media":"","overlay-type":"","overlay-color":"","overlay-opacity":"","overlay-gradient":""}},"ast-content-background-meta":{"desktop":{"background-color":"var(--ast-global-color-5)","background-image":"","background-repeat":"repeat","background-position":"center center","background-size":"auto","background-attachment":"scroll","background-type":"","background-media":"","overlay-type":"","overlay-color":"","overlay-opacity":"","overlay-gradient":""},"tablet":{"background-color":"var(--ast-global-color-5)","background-image":"","background-repeat":"repeat","background-position":"center center","background-size":"auto","background-attachment":"scroll","background-type":"","background-media":"","overlay-type":"","overlay-color":"","overlay-opacity":"","overlay-gradient":""},"mobile":{"background-color":"var(--ast-global-color-5)","background-image":"","background-repeat":"repeat","background-position":"center center","background-size":"auto","background-attachment":"scroll","background-type":"","background-media":"","overlay-type":"","overlay-color":"","overlay-opacity":"","overlay-gradient":""}},"footnotes":""},"categories":[1],"tags":[],"class_list":["post-554","post","type-post","status-publish","format-standard","has-post-thumbnail","hentry","category-uncategorized"],"yoast_head":"<!-- This site is optimized with the Yoast SEO plugin v25.2 - https:\/\/yoast.com\/wordpress\/plugins\/seo\/ -->\n<title>Sporteszk\u00f6z\u00f6ket kapott h\u00e1rom k\u00e1rp\u00e1taljai iskola - K\u00e1rp\u00e1taljai Magyar Kultur\u00e1lis Sz\u00f6vegs\u00e9g Ifj\u00fas\u00e1gi Szervezete<\/title>\n<meta name=\"robots\" content=\"index, follow, max-snippet:-1, max-image-preview:large, max-video-preview:-1\" \/>\n<link rel=\"canonical\" href=\"https:\/\/kmkszisz.com\/ua\/sporteszkozoket-kapott-harom-karpataljai-iskola\/\" \/>\n<meta property=\"og:locale\" content=\"uk_UA\" \/>\n<meta property=\"og:type\" content=\"article\" \/>\n<meta property=\"og:title\" content=\"Sporteszk\u00f6z\u00f6ket kapott h\u00e1rom k\u00e1rp\u00e1taljai iskola - K\u00e1rp\u00e1taljai Magyar Kultur\u00e1lis Sz\u00f6vegs\u00e9g Ifj\u00fas\u00e1gi Szervezete\" \/>\n<meta property=\"og:description\" content=\"\u27a1\ufe0f H\u00e1l\u00e1s sz\u00edvvel k\u00f6sz\u00f6nj\u00fck a K\u00e1rp\u00e1t-medencei Egyetemek Kup\u00e1ja szervez\u0151i csapat\u00e1nak, hogy 2025-ben is gondoltak a k\u00e1rp\u00e1taljai fiatalokra, \u00e9s ism\u00e9t t\u00e1mogatt\u00e1k [&hellip;]\" \/>\n<meta property=\"og:url\" content=\"https:\/\/kmkszisz.com\/ua\/sporteszkozoket-kapott-harom-karpataljai-iskola\/\" \/>\n<meta property=\"og:site_name\" content=\"K\u00e1rp\u00e1taljai Magyar Kultur\u00e1lis Sz\u00f6vegs\u00e9g Ifj\u00fas\u00e1gi Szervezete\" \/>\n<meta property=\"article:published_time\" content=\"2025-06-21T16:08:00+00:00\" \/>\n<meta property=\"article:modified_time\" content=\"2025-07-01T16:12:43+00:00\" \/>\n<meta property=\"og:image\" content=\"https:\/\/kmkszisz.com\/wp-content\/uploads\/2025\/07\/Screenshot-2025-07-01-at-18.12.09-1024x559.png\" \/>\n\t<meta property=\"og:image:width\" content=\"1024\" \/>\n\t<meta property=\"og:image:height\" content=\"559\" \/>\n\t<meta property=\"og:image:type\" content=\"image\/png\" \/>\n<meta name=\"author\" content=\"zbocx6n7zj65\" \/>\n<meta name=\"twitter:card\" content=\"summary_large_image\" \/>\n<meta name=\"twitter:label1\" content=\"\u041d\u0430\u043f\u0438\u0441\u0430\u043d\u043e\" \/>\n\t<meta name=\"twitter:data1\" content=\"zbocx6n7zj65\" \/>\n\t<meta name=\"twitter:label2\" content=\"\u041f\u0440\u0438\u0431\u043b. \u0447\u0430\u0441 \u0447\u0438\u0442\u0430\u043d\u043d\u044f\" \/>\n\t<meta name=\"twitter:data2\" content=\"1 \u0445\u0432\u0438\u043b\u0438\u043d\u0430\" \/>\n<script type=\"application\/ld+json\" class=\"yoast-schema-graph\">{\"@context\":\"https:\/\/schema.org\",\"@graph\":[{\"@type\":\"Article\",\"@id\":\"https:\/\/kmkszisz.com\/sporteszkozoket-kapott-harom-karpataljai-iskola\/#article\",\"isPartOf\":{\"@id\":\"https:\/\/kmkszisz.com\/sporteszkozoket-kapott-harom-karpataljai-iskola\/\"},\"author\":{\"name\":\"zbocx6n7zj65\",\"@id\":\"https:\/\/kmkszisz.com\/#\/schema\/person\/65627e728e4eb8a7da6351356bcdbbd2\"},\"headline\":\"Sporteszk\u00f6z\u00f6ket kapott h\u00e1rom k\u00e1rp\u00e1taljai iskola\",\"datePublished\":\"2025-06-21T16:08:00+00:00\",\"dateModified\":\"2025-07-01T16:12:43+00:00\",\"mainEntityOfPage\":{\"@id\":\"https:\/\/kmkszisz.com\/sporteszkozoket-kapott-harom-karpataljai-iskola\/\"},\"wordCount\":300,\"commentCount\":0,\"publisher\":{\"@id\":\"https:\/\/kmkszisz.com\/#organization\"},\"image\":{\"@id\":\"https:\/\/kmkszisz.com\/sporteszkozoket-kapott-harom-karpataljai-iskola\/#primaryimage\"},\"thumbnailUrl\":\"https:\/\/kmkszisz.com\/wp-content\/uploads\/2025\/07\/Screenshot-2025-07-01-at-18.12.09.png\",\"articleSection\":[\"Uncategorized\"],\"inLanguage\":\"uk\",\"potentialAction\":[{\"@type\":\"CommentAction\",\"name\":\"Comment\",\"target\":[\"https:\/\/kmkszisz.com\/sporteszkozoket-kapott-harom-karpataljai-iskola\/#respond\"]}]},{\"@type\":\"WebPage\",\"@id\":\"https:\/\/kmkszisz.com\/sporteszkozoket-kapott-harom-karpataljai-iskola\/\",\"url\":\"https:\/\/kmkszisz.com\/sporteszkozoket-kapott-harom-karpataljai-iskola\/\",\"name\":\"Sporteszk\u00f6z\u00f6ket kapott h\u00e1rom k\u00e1rp\u00e1taljai iskola - K\u00e1rp\u00e1taljai Magyar Kultur\u00e1lis Sz\u00f6vegs\u00e9g Ifj\u00fas\u00e1gi Szervezete\",\"isPartOf\":{\"@id\":\"https:\/\/kmkszisz.com\/#website\"},\"primaryImageOfPage\":{\"@id\":\"https:\/\/kmkszisz.com\/sporteszkozoket-kapott-harom-karpataljai-iskola\/#primaryimage\"},\"image\":{\"@id\":\"https:\/\/kmkszisz.com\/sporteszkozoket-kapott-harom-karpataljai-iskola\/#primaryimage\"},\"thumbnailUrl\":\"https:\/\/kmkszisz.com\/wp-content\/uploads\/2025\/07\/Screenshot-2025-07-01-at-18.12.09.png\",\"datePublished\":\"2025-06-21T16:08:00+00:00\",\"dateModified\":\"2025-07-01T16:12:43+00:00\",\"breadcrumb\":{\"@id\":\"https:\/\/kmkszisz.com\/sporteszkozoket-kapott-harom-karpataljai-iskola\/#breadcrumb\"},\"inLanguage\":\"uk\",\"potentialAction\":[{\"@type\":\"ReadAction\",\"target\":[\"https:\/\/kmkszisz.com\/sporteszkozoket-kapott-harom-karpataljai-iskola\/\"]}]},{\"@type\":\"ImageObject\",\"inLanguage\":\"uk\",\"@id\":\"https:\/\/kmkszisz.com\/sporteszkozoket-kapott-harom-karpataljai-iskola\/#primaryimage\",\"url\":\"https:\/\/kmkszisz.com\/wp-content\/uploads\/2025\/07\/Screenshot-2025-07-01-at-18.12.09.png\",\"contentUrl\":\"https:\/\/kmkszisz.com\/wp-content\/uploads\/2025\/07\/Screenshot-2025-07-01-at-18.12.09.png\",\"width\":1960,\"height\":1070},{\"@type\":\"BreadcrumbList\",\"@id\":\"https:\/\/kmkszisz.com\/sporteszkozoket-kapott-harom-karpataljai-iskola\/#breadcrumb\",\"itemListElement\":[{\"@type\":\"ListItem\",\"position\":1,\"name\":\"Kezd\u0151lap\",\"item\":\"https:\/\/kmkszisz.com\/\"},{\"@type\":\"ListItem\",\"position\":2,\"name\":\"Sporteszk\u00f6z\u00f6ket kapott h\u00e1rom k\u00e1rp\u00e1taljai iskola\"}]},{\"@type\":\"WebSite\",\"@id\":\"https:\/\/kmkszisz.com\/#website\",\"url\":\"https:\/\/kmkszisz.com\/\",\"name\":\"K\u00e1rp\u00e1taljai Magyar Kultur\u00e1lis Sz\u00f6vegs\u00e9g Ifj\u00fas\u00e1gi Szervezete\",\"description\":\"Ez az oldal a KMKSZISZ hivatalos weblapja.\",\"publisher\":{\"@id\":\"https:\/\/kmkszisz.com\/#organization\"},\"potentialAction\":[{\"@type\":\"SearchAction\",\"target\":{\"@type\":\"EntryPoint\",\"urlTemplate\":\"https:\/\/kmkszisz.com\/?s={search_term_string}\"},\"query-input\":{\"@type\":\"PropertyValueSpecification\",\"valueRequired\":true,\"valueName\":\"search_term_string\"}}],\"inLanguage\":\"uk\"},{\"@type\":\"Organization\",\"@id\":\"https:\/\/kmkszisz.com\/#organization\",\"name\":\"K\u00e1rp\u00e1taljai Magyar Kultur\u00e1lis Sz\u00f6vegs\u00e9g Ifj\u00fas\u00e1gi Szervezete\",\"url\":\"https:\/\/kmkszisz.com\/\",\"logo\":{\"@type\":\"ImageObject\",\"inLanguage\":\"uk\",\"@id\":\"https:\/\/kmkszisz.com\/#\/schema\/logo\/image\/\",\"url\":\"https:\/\/kmkszisz.com\/wp-content\/uploads\/2025\/03\/cropped-KMKSZ-ISZ-logo-szines-hatternelkul-1-scaled.png\",\"contentUrl\":\"https:\/\/kmkszisz.com\/wp-content\/uploads\/2025\/03\/cropped-KMKSZ-ISZ-logo-szines-hatternelkul-1-scaled.png\",\"width\":2560,\"height\":2230,\"caption\":\"K\u00e1rp\u00e1taljai Magyar Kultur\u00e1lis Sz\u00f6vegs\u00e9g Ifj\u00fas\u00e1gi Szervezete\"},\"image\":{\"@id\":\"https:\/\/kmkszisz.com\/#\/schema\/logo\/image\/\"}},{\"@type\":\"Person\",\"@id\":\"https:\/\/kmkszisz.com\/#\/schema\/person\/65627e728e4eb8a7da6351356bcdbbd2\",\"name\":\"zbocx6n7zj65\",\"image\":{\"@type\":\"ImageObject\",\"inLanguage\":\"uk\",\"@id\":\"https:\/\/kmkszisz.com\/#\/schema\/person\/image\/\",\"url\":\"https:\/\/secure.gravatar.com\/avatar\/8a15a507d04ef98009579dd2a80305aa411710be28eabbfe8b948e9a2687f6ad?s=96&d=mm&r=g\",\"contentUrl\":\"https:\/\/secure.gravatar.com\/avatar\/8a15a507d04ef98009579dd2a80305aa411710be28eabbfe8b948e9a2687f6ad?s=96&d=mm&r=g\",\"caption\":\"zbocx6n7zj65\"},\"url\":\"https:\/\/kmkszisz.com\/ua\/author\/zbocx6n7zj65\/\"}]}<\/script>\n<!-- \/ Yoast SEO plugin. -->","yoast_head_json":{"title":"Sporteszk\u00f6z\u00f6ket kapott h\u00e1rom k\u00e1rp\u00e1taljai iskola - K\u00e1rp\u00e1taljai Magyar Kultur\u00e1lis Sz\u00f6vegs\u00e9g Ifj\u00fas\u00e1gi Szervezete","robots":{"index":"index","follow":"follow","max-snippet":"max-snippet:-1","max-image-preview":"max-image-preview:large","max-video-preview":"max-video-preview:-1"},"canonical":"https:\/\/kmkszisz.com\/ua\/sporteszkozoket-kapott-harom-karpataljai-iskola\/","og_locale":"uk_UA","og_type":"article","og_title":"Sporteszk\u00f6z\u00f6ket kapott h\u00e1rom k\u00e1rp\u00e1taljai iskola - K\u00e1rp\u00e1taljai Magyar Kultur\u00e1lis Sz\u00f6vegs\u00e9g Ifj\u00fas\u00e1gi Szervezete","og_description":"\u27a1\ufe0f H\u00e1l\u00e1s sz\u00edvvel k\u00f6sz\u00f6nj\u00fck a K\u00e1rp\u00e1t-medencei Egyetemek Kup\u00e1ja szervez\u0151i csapat\u00e1nak, hogy 2025-ben is gondoltak a k\u00e1rp\u00e1taljai fiatalokra, \u00e9s ism\u00e9t t\u00e1mogatt\u00e1k [&hellip;]","og_url":"https:\/\/kmkszisz.com\/ua\/sporteszkozoket-kapott-harom-karpataljai-iskola\/","og_site_name":"K\u00e1rp\u00e1taljai Magyar Kultur\u00e1lis Sz\u00f6vegs\u00e9g Ifj\u00fas\u00e1gi Szervezete","article_published_time":"2025-06-21T16:08:00+00:00","article_modified_time":"2025-07-01T16:12:43+00:00","og_image":[{"width":1024,"height":559,"url":"https:\/\/kmkszisz.com\/wp-content\/uploads\/2025\/07\/Screenshot-2025-07-01-at-18.12.09-1024x559.png","type":"image\/png"}],"author":"zbocx6n7zj65","twitter_card":"summary_large_image","twitter_misc":{"\u041d\u0430\u043f\u0438\u0441\u0430\u043d\u043e":"zbocx6n7zj65","\u041f\u0440\u0438\u0431\u043b. \u0447\u0430\u0441 \u0447\u0438\u0442\u0430\u043d\u043d\u044f":"1 \u0445\u0432\u0438\u043b\u0438\u043d\u0430"},"schema":{"@context":"https:\/\/schema.org","@graph":[{"@type":"Article","@id":"https:\/\/kmkszisz.com\/sporteszkozoket-kapott-harom-karpataljai-iskola\/#article","isPartOf":{"@id":"https:\/\/kmkszisz.com\/sporteszkozoket-kapott-harom-karpataljai-iskola\/"},"author":{"name":"zbocx6n7zj65","@id":"https:\/\/kmkszisz.com\/#\/schema\/person\/65627e728e4eb8a7da6351356bcdbbd2"},"headline":"Sporteszk\u00f6z\u00f6ket kapott h\u00e1rom k\u00e1rp\u00e1taljai iskola","datePublished":"2025-06-21T16:08:00+00:00","dateModified":"2025-07-01T16:12:43+00:00","mainEntityOfPage":{"@id":"https:\/\/kmkszisz.com\/sporteszkozoket-kapott-harom-karpataljai-iskola\/"},"wordCount":300,"commentCount":0,"publisher":{"@id":"https:\/\/kmkszisz.com\/#organization"},"image":{"@id":"https:\/\/kmkszisz.com\/sporteszkozoket-kapott-harom-karpataljai-iskola\/#primaryimage"},"thumbnailUrl":"https:\/\/kmkszisz.com\/wp-content\/uploads\/2025\/07\/Screenshot-2025-07-01-at-18.12.09.png","articleSection":["Uncategorized"],"inLanguage":"uk","potentialAction":[{"@type":"CommentAction","name":"Comment","target":["https:\/\/kmkszisz.com\/sporteszkozoket-kapott-harom-karpataljai-iskola\/#respond"]}]},{"@type":"WebPage","@id":"https:\/\/kmkszisz.com\/sporteszkozoket-kapott-harom-karpataljai-iskola\/","url":"https:\/\/kmkszisz.com\/sporteszkozoket-kapott-harom-karpataljai-iskola\/","name":"Sporteszk\u00f6z\u00f6ket kapott h\u00e1rom k\u00e1rp\u00e1taljai iskola - K\u00e1rp\u00e1taljai Magyar Kultur\u00e1lis Sz\u00f6vegs\u00e9g Ifj\u00fas\u00e1gi Szervezete","isPartOf":{"@id":"https:\/\/kmkszisz.com\/#website"},"primaryImageOfPage":{"@id":"https:\/\/kmkszisz.com\/sporteszkozoket-kapott-harom-karpataljai-iskola\/#primaryimage"},"image":{"@id":"https:\/\/kmkszisz.com\/sporteszkozoket-kapott-harom-karpataljai-iskola\/#primaryimage"},"thumbnailUrl":"https:\/\/kmkszisz.com\/wp-content\/uploads\/2025\/07\/Screenshot-2025-07-01-at-18.12.09.png","datePublished":"2025-06-21T16:08:00+00:00","dateModified":"2025-07-01T16:12:43+00:00","breadcrumb":{"@id":"https:\/\/kmkszisz.com\/sporteszkozoket-kapott-harom-karpataljai-iskola\/#breadcrumb"},"inLanguage":"uk","potentialAction":[{"@type":"ReadAction","target":["https:\/\/kmkszisz.com\/sporteszkozoket-kapott-harom-karpataljai-iskola\/"]}]},{"@type":"ImageObject","inLanguage":"uk","@id":"https:\/\/kmkszisz.com\/sporteszkozoket-kapott-harom-karpataljai-iskola\/#primaryimage","url":"https:\/\/kmkszisz.com\/wp-content\/uploads\/2025\/07\/Screenshot-2025-07-01-at-18.12.09.png","contentUrl":"https:\/\/kmkszisz.com\/wp-content\/uploads\/2025\/07\/Screenshot-2025-07-01-at-18.12.09.png","width":1960,"height":1070},{"@type":"BreadcrumbList","@id":"https:\/\/kmkszisz.com\/sporteszkozoket-kapott-harom-karpataljai-iskola\/#breadcrumb","itemListElement":[{"@type":"ListItem","position":1,"name":"Kezd\u0151lap","item":"https:\/\/kmkszisz.com\/"},{"@type":"ListItem","position":2,"name":"Sporteszk\u00f6z\u00f6ket kapott h\u00e1rom k\u00e1rp\u00e1taljai iskola"}]},{"@type":"WebSite","@id":"https:\/\/kmkszisz.com\/#website","url":"https:\/\/kmkszisz.com\/","name":"K\u00e1rp\u00e1taljai Magyar Kultur\u00e1lis Sz\u00f6vegs\u00e9g Ifj\u00fas\u00e1gi Szervezete","description":"Ez az oldal a KMKSZISZ hivatalos weblapja.","publisher":{"@id":"https:\/\/kmkszisz.com\/#organization"},"potentialAction":[{"@type":"SearchAction","target":{"@type":"EntryPoint","urlTemplate":"https:\/\/kmkszisz.com\/?s={search_term_string}"},"query-input":{"@type":"PropertyValueSpecification","valueRequired":true,"valueName":"search_term_string"}}],"inLanguage":"uk"},{"@type":"Organization","@id":"https:\/\/kmkszisz.com\/#organization","name":"K\u00e1rp\u00e1taljai Magyar Kultur\u00e1lis Sz\u00f6vegs\u00e9g Ifj\u00fas\u00e1gi Szervezete","url":"https:\/\/kmkszisz.com\/","logo":{"@type":"ImageObject","inLanguage":"uk","@id":"https:\/\/kmkszisz.com\/#\/schema\/logo\/image\/","url":"https:\/\/kmkszisz.com\/wp-content\/uploads\/2025\/03\/cropped-KMKSZ-ISZ-logo-szines-hatternelkul-1-scaled.png","contentUrl":"https:\/\/kmkszisz.com\/wp-content\/uploads\/2025\/03\/cropped-KMKSZ-ISZ-logo-szines-hatternelkul-1-scaled.png","width":2560,"height":2230,"caption":"K\u00e1rp\u00e1taljai Magyar Kultur\u00e1lis Sz\u00f6vegs\u00e9g Ifj\u00fas\u00e1gi Szervezete"},"image":{"@id":"https:\/\/kmkszisz.com\/#\/schema\/logo\/image\/"}},{"@type":"Person","@id":"https:\/\/kmkszisz.com\/#\/schema\/person\/65627e728e4eb8a7da6351356bcdbbd2","name":"zbocx6n7zj65","image":{"@type":"ImageObject","inLanguage":"uk","@id":"https:\/\/kmkszisz.com\/#\/schema\/person\/image\/","url":"https:\/\/secure.gravatar.com\/avatar\/8a15a507d04ef98009579dd2a80305aa411710be28eabbfe8b948e9a2687f6ad?s=96&d=mm&r=g","contentUrl":"https:\/\/secure.gravatar.com\/avatar\/8a15a507d04ef98009579dd2a80305aa411710be28eabbfe8b948e9a2687f6ad?s=96&d=mm&r=g","caption":"zbocx6n7zj65"},"url":"https:\/\/kmkszisz.com\/ua\/author\/zbocx6n7zj65\/"}]}},"uagb_featured_image_src":{"full":["https:\/\/kmkszisz.com\/wp-content\/uploads\/2025\/07\/Screenshot-2025-07-01-at-18.12.09.png",1960,1070,false],"thumbnail":["https:\/\/kmkszisz.com\/wp-content\/uploads\/2025\/07\/Screenshot-2025-07-01-at-18.12.09-150x150.png",150,150,true],"medium":["https:\/\/kmkszisz.com\/wp-content\/uploads\/2025\/07\/Screenshot-2025-07-01-at-18.12.09-300x164.png",300,164,true],"medium_large":["https:\/\/kmkszisz.com\/wp-content\/uploads\/2025\/07\/Screenshot-2025-07-01-at-18.12.09-768x419.png",768,419,true],"large":["https:\/\/kmkszisz.com\/wp-content\/uploads\/2025\/07\/Screenshot-2025-07-01-at-18.12.09-1024x559.png",1024,559,true],"1536x1536":["https:\/\/kmkszisz.com\/wp-content\/uploads\/2025\/07\/Screenshot-2025-07-01-at-18.12.09-1536x839.png",1536,839,true],"2048x2048":["https:\/\/kmkszisz.com\/wp-content\/uploads\/2025\/07\/Screenshot-2025-07-01-at-18.12.09.png",1960,1070,false],"trp-custom-language-flag":["https:\/\/kmkszisz.com\/wp-content\/uploads\/2025\/07\/Screenshot-2025-07-01-at-18.12.09-18x10.png",18,10,true]},"uagb_author_info":{"display_name":"zbocx6n7zj65","author_link":"https:\/\/kmkszisz.com\/ua\/author\/zbocx6n7zj65\/"},"uagb_comment_info":15,"uagb_excerpt":"\u27a1\ufe0f H\u00e1l\u00e1s sz\u00edvvel k\u00f6sz\u00f6nj\u00fck a K\u00e1rp\u00e1t-medencei Egyetemek Kup\u00e1ja szervez\u0151i csapat\u00e1nak, hogy 2025-ben is gondoltak a k\u00e1rp\u00e1taljai fiatalokra, \u00e9s ism\u00e9t t\u00e1mogatt\u00e1k [&hellip;]","brizy_media":[],"_links":{"self":[{"href":"https:\/\/kmkszisz.com\/ua\/wp-json\/wp\/v2\/posts\/554","targetHints":{"allow":["GET"]}}],"collection":[{"href":"https:\/\/kmkszisz.com\/ua\/wp-json\/wp\/v2\/posts"}],"about":[{"href":"https:\/\/kmkszisz.com\/ua\/wp-json\/wp\/v2\/types\/post"}],"author":[{"embeddable":true,"href":"https:\/\/kmkszisz.com\/ua\/wp-json\/wp\/v2\/users\/4"}],"replies":[{"embeddable":true,"href":"https:\/\/kmkszisz.com\/ua\/wp-json\/wp\/v2\/comments?post=554"}],"version-history":[{"count":1,"href":"https:\/\/kmkszisz.com\/ua\/wp-json\/wp\/v2\/posts\/554\/revisions"}],"predecessor-version":[{"id":556,"href":"https:\/\/kmkszisz.com\/ua\/wp-json\/wp\/v2\/posts\/554\/revisions\/556"}],"wp:featuredmedia":[{"embeddable":true,"href":"https:\/\/kmkszisz.com\/ua\/wp-json\/wp\/v2\/media\/555"}],"wp:attachment":[{"href":"https:\/\/kmkszisz.com\/ua\/wp-json\/wp\/v2\/media?parent=554"}],"wp:term":[{"taxonomy":"category","embeddable":true,"href":"https:\/\/kmkszisz.com\/ua\/wp-json\/wp\/v2\/categories?post=554"},{"taxonomy":"post_tag","embeddable":true,"href":"https:\/\/kmkszisz.com\/ua\/wp-json\/wp\/v2\/tags?post=554"}],"curies":[{"name":"wp","href":"https:\/\/api.w.org\/{rel}","templated":true}]}}