{"id":557,"date":"2025-06-29T16:13:00","date_gmt":"2025-06-29T16:13:00","guid":{"rendered":"https:\/\/kmkszisz.com\/?p=557"},"modified":"2025-07-01T16:22:47","modified_gmt":"2025-07-01T16:22:47","slug":"sikerrel-zarult-a-vi-kmksz-isz-horgaszverseny-nagydobronyban","status":"publish","type":"post","link":"https:\/\/kmkszisz.com\/ua\/sikerrel-zarult-a-vi-kmksz-isz-horgaszverseny-nagydobronyban\/","title":{"rendered":"Sikerrel z\u00e1rult a VI. KMKSZ ISZ Horg\u00e1szverseny Nagydobronyban"},"content":{"rendered":"<p><strong>2025. j\u00fanius 28-\u00e1n<\/strong> imm\u00e1r <strong>hatodik alkalommal<\/strong> ker\u00fclt megrendez\u00e9sre a <strong>KMKSZ Ifj\u00fas\u00e1gi Szervezet (ISZ)<\/strong> egyik legn\u00e9pszer\u0171bb k\u00f6z\u00f6ss\u00e9gi rendezv\u00e9nye, a <strong>horg\u00e1szverseny<\/strong>, amelynek ez\u00fattal a fest\u0151i k\u00f6rnyezet\u0171 <strong>Nagydobronyi Horg\u00e1sztanya<\/strong> adott otthont.<\/p>\n\n\n\n<p>A versenyre hagyom\u00e1nyainkhoz h\u00edven <strong>korhat\u00e1r n\u00e9lk\u00fcl lehetett nevezni<\/strong>, \u00e9s a r\u00e9sztvev\u0151k \u00f6r\u00f6mmel \u00e9ltek is ezzel a lehet\u0151s\u00e9ggel. A reggeli \u00f3r\u00e1kban megkezdett megm\u00e9rettet\u00e9sen <strong>t\u00f6bbs\u00e9g\u00e9ben 18 \u00e9v alatti fiatalok<\/strong> indultak, ez\u00e9rt a versenyt k\u00e9t korcsoportban bonyol\u00edtottuk le \u2013 \u00edgy k\u00fcl\u00f6n d\u00edjaz\u00e1sban r\u00e9szes\u00fcltek a feln\u0151ttek \u00e9s a gyerekek is.<\/p>\n\n\n\n<h3 class=\"wp-block-heading\">\ud83c\udfc1 A verseny v\u00e9geredm\u00e9nye:<\/h3>\n\n\n\n<p><strong>\ud83d\udc64 Feln\u0151tt (18 \u00e9v feletti) kateg\u00f3ria:<\/strong><br>\ud83e\udd47 1. hely \u2013 <em>Csuha D\u00e1niel<\/em><br>\ud83e\udd48 2. hely \u2013 <em>Cserepk\u00f3 M\u00e1t\u00e9<\/em><br>\ud83e\udd49 3. hely \u2013 <em>R\u00e9p\u00e1si Istv\u00e1n<\/em><\/p>\n\n\n\n<p><strong>\ud83e\uddd2 Ifj\u00fas\u00e1gi (18 \u00e9v alatti) kateg\u00f3ria:<\/strong><br>\ud83e\udd47 1. hely \u2013 <em>N\u00e9meth D\u00e1vid<\/em><br>\ud83e\udd48 2. hely \u2013 <em>Bakkancsos D\u00e1niel<\/em><br>\ud83e\udd49 3. hely \u2013 <em>Mis\u00e1k Roland<\/em><br>\ud83c\udfc5 4. hely \u2013 <em>Fejes P\u00e9ter<\/em><br>\ud83c\udfc5 5. hely \u2013 <em>Gladun S\u00e1ndor<\/em><\/p>\n\n\n\n<p>\ud83c\udf89 A <strong>nap legnagyobb hal\u00e1t<\/strong> is az ifj\u00fas\u00e1gi kateg\u00f3ria gy\u0151ztese, <strong>N\u00e9meth D\u00e1vid<\/strong> fogta ki: egy impoz\u00e1ns, <strong>7,87 kg-os p\u00e9ld\u00e1ny<\/strong> ker\u00fclt a m\u00e9rlegre!<\/p>\n\n\n\n<p>A verseny v\u00e9g\u00e9n minden korcsoport dobog\u00f3sai <strong>kup\u00e1kat \u00e9s \u00e9rt\u00e9kes nyerem\u00e9nyeket<\/strong> vehettek \u00e1t. A j\u00f3 hangulat \u00e9s a k\u00f6z\u00f6ss\u00e9gi \u00e9lm\u00e9ny mellett k\u00fcl\u00f6n \u00f6r\u00f6m, hogy <strong>senki sem t\u00e1vozott \u00fcres k\u00e9zzel<\/strong>:<br>\ud83c\udf81 a <strong>Haldor\u00e1d\u00f3 online \u00e1ruh\u00e1z<\/strong> j\u00f3volt\u00e1b\u00f3l minden indul\u00f3 aj\u00e1nd\u00e9kcsomagban r\u00e9szes\u00fclt.<\/p>\n\n\n\n<hr class=\"wp-block-separator has-alpha-channel-opacity\"\/>\n\n\n\n<p>A rendezv\u00e9ny a <strong>Nemzetpolitikai \u00c1llamtitk\u00e1rs\u00e1g<\/strong> \u00e9s a <strong>Bethlen G\u00e1bor Alapkezel\u0151 Zrt.<\/strong> t\u00e1mogat\u00e1s\u00e1val val\u00f3sult meg, amit ez\u00faton is k\u00f6sz\u00f6n\u00fcnk!<\/p>\n\n\n\n<p>\ud83e\udd1d Ez a nap ism\u00e9t bizony\u00edtotta, hogy a sport \u00e9s a term\u00e9szet szeretete k\u00e9pes k\u00f6z\u00f6ss\u00e9get \u00e9p\u00edteni \u2013 legyen sz\u00f3 tapasztalt horg\u00e1szokr\u00f3l vagy lelkes fiatal kezd\u0151kr\u0151l.<\/p>","protected":false},"excerpt":{"rendered":"<p>2025. j\u00fanius 28-\u00e1n imm\u00e1r hatodik alkalommal ker\u00fclt megrendez\u00e9sre a KMKSZ Ifj\u00fas\u00e1gi Szervezet (ISZ) egyik legn\u00e9pszer\u0171bb k\u00f6z\u00f6ss\u00e9gi rendezv\u00e9nye, a horg\u00e1szverseny, amelynek [&hellip;]<\/p>","protected":false},"author":4,"featured_media":558,"comment_status":"open","ping_status":"open","sticky":false,"template":"","format":"standard","meta":{"_uag_custom_page_level_css":"","site-sidebar-layout":"default","site-content-layout":"","ast-site-content-layout":"default","site-content-style":"default","site-sidebar-style":"default","ast-global-header-display":"","ast-banner-title-visibility":"","ast-main-header-display":"","ast-hfb-above-header-display":"","ast-hfb-below-header-display":"","ast-hfb-mobile-header-display":"","site-post-title":"","ast-breadcrumbs-content":"","ast-featured-img":"","footer-sml-layout":"","ast-disable-related-posts":"","theme-transparent-header-meta":"","adv-header-id-meta":"","stick-header-meta":"","header-above-stick-meta":"","header-main-stick-meta":"","header-below-stick-meta":"","astra-migrate-meta-layouts":"default","ast-page-background-enabled":"default","ast-page-background-meta":{"desktop":{"background-color":"var(--ast-global-color-4)","background-image":"","background-repeat":"repeat","background-position":"center center","background-size":"auto","background-attachment":"scroll","background-type":"","background-media":"","overlay-type":"","overlay-color":"","overlay-opacity":"","overlay-gradient":""},"tablet":{"background-color":"","background-image":"","background-repeat":"repeat","background-position":"center center","background-size":"auto","background-attachment":"scroll","background-type":"","background-media":"","overlay-type":"","overlay-color":"","overlay-opacity":"","overlay-gradient":""},"mobile":{"background-color":"","background-image":"","background-repeat":"repeat","background-position":"center center","background-size":"auto","background-attachment":"scroll","background-type":"","background-media":"","overlay-type":"","overlay-color":"","overlay-opacity":"","overlay-gradient":""}},"ast-content-background-meta":{"desktop":{"background-color":"var(--ast-global-color-5)","background-image":"","background-repeat":"repeat","background-position":"center center","background-size":"auto","background-attachment":"scroll","background-type":"","background-media":"","overlay-type":"","overlay-color":"","overlay-opacity":"","overlay-gradient":""},"tablet":{"background-color":"var(--ast-global-color-5)","background-image":"","background-repeat":"repeat","background-position":"center center","background-size":"auto","background-attachment":"scroll","background-type":"","background-media":"","overlay-type":"","overlay-color":"","overlay-opacity":"","overlay-gradient":""},"mobile":{"background-color":"var(--ast-global-color-5)","background-image":"","background-repeat":"repeat","background-position":"center center","background-size":"auto","background-attachment":"scroll","background-type":"","background-media":"","overlay-type":"","overlay-color":"","overlay-opacity":"","overlay-gradient":""}},"footnotes":""},"categories":[1],"tags":[],"class_list":["post-557","post","type-post","status-publish","format-standard","has-post-thumbnail","hentry","category-uncategorized"],"yoast_head":"<!-- This site is optimized with the Yoast SEO plugin v25.2 - https:\/\/yoast.com\/wordpress\/plugins\/seo\/ -->\n<title>Sikerrel z\u00e1rult a VI. KMKSZ ISZ Horg\u00e1szverseny Nagydobronyban - K\u00e1rp\u00e1taljai Magyar Kultur\u00e1lis Sz\u00f6vegs\u00e9g Ifj\u00fas\u00e1gi Szervezete<\/title>\n<meta name=\"robots\" content=\"index, follow, max-snippet:-1, max-image-preview:large, max-video-preview:-1\" \/>\n<link rel=\"canonical\" href=\"https:\/\/kmkszisz.com\/ua\/sikerrel-zarult-a-vi-kmksz-isz-horgaszverseny-nagydobronyban\/\" \/>\n<meta property=\"og:locale\" content=\"uk_UA\" \/>\n<meta property=\"og:type\" content=\"article\" \/>\n<meta property=\"og:title\" content=\"Sikerrel z\u00e1rult a VI. KMKSZ ISZ Horg\u00e1szverseny Nagydobronyban - K\u00e1rp\u00e1taljai Magyar Kultur\u00e1lis Sz\u00f6vegs\u00e9g Ifj\u00fas\u00e1gi Szervezete\" \/>\n<meta property=\"og:description\" content=\"2025. j\u00fanius 28-\u00e1n imm\u00e1r hatodik alkalommal ker\u00fclt megrendez\u00e9sre a KMKSZ Ifj\u00fas\u00e1gi Szervezet (ISZ) egyik legn\u00e9pszer\u0171bb k\u00f6z\u00f6ss\u00e9gi rendezv\u00e9nye, a horg\u00e1szverseny, amelynek [&hellip;]\" \/>\n<meta property=\"og:url\" content=\"https:\/\/kmkszisz.com\/ua\/sikerrel-zarult-a-vi-kmksz-isz-horgaszverseny-nagydobronyban\/\" \/>\n<meta property=\"og:site_name\" content=\"K\u00e1rp\u00e1taljai Magyar Kultur\u00e1lis Sz\u00f6vegs\u00e9g Ifj\u00fas\u00e1gi Szervezete\" \/>\n<meta property=\"article:published_time\" content=\"2025-06-29T16:13:00+00:00\" \/>\n<meta property=\"article:modified_time\" content=\"2025-07-01T16:22:47+00:00\" \/>\n<meta property=\"og:image\" content=\"https:\/\/kmkszisz.com\/wp-content\/uploads\/2025\/07\/Screenshot-2025-07-01-at-18.21.21-925x1024.png\" \/>\n\t<meta property=\"og:image:width\" content=\"925\" \/>\n\t<meta property=\"og:image:height\" content=\"1024\" \/>\n\t<meta property=\"og:image:type\" content=\"image\/png\" \/>\n<meta name=\"author\" content=\"zbocx6n7zj65\" \/>\n<meta name=\"twitter:card\" content=\"summary_large_image\" \/>\n<meta name=\"twitter:label1\" content=\"\u041d\u0430\u043f\u0438\u0441\u0430\u043d\u043e\" \/>\n\t<meta name=\"twitter:data1\" content=\"zbocx6n7zj65\" \/>\n\t<meta name=\"twitter:label2\" content=\"\u041f\u0440\u0438\u0431\u043b. \u0447\u0430\u0441 \u0447\u0438\u0442\u0430\u043d\u043d\u044f\" \/>\n\t<meta name=\"twitter:data2\" content=\"2 \u0445\u0432\u0438\u043b\u0438\u043d\u0438\" \/>\n<script type=\"application\/ld+json\" class=\"yoast-schema-graph\">{\"@context\":\"https:\/\/schema.org\",\"@graph\":[{\"@type\":\"Article\",\"@id\":\"https:\/\/kmkszisz.com\/sikerrel-zarult-a-vi-kmksz-isz-horgaszverseny-nagydobronyban\/#article\",\"isPartOf\":{\"@id\":\"https:\/\/kmkszisz.com\/sikerrel-zarult-a-vi-kmksz-isz-horgaszverseny-nagydobronyban\/\"},\"author\":{\"name\":\"zbocx6n7zj65\",\"@id\":\"https:\/\/kmkszisz.com\/#\/schema\/person\/65627e728e4eb8a7da6351356bcdbbd2\"},\"headline\":\"Sikerrel z\u00e1rult a VI. KMKSZ ISZ Horg\u00e1szverseny Nagydobronyban\",\"datePublished\":\"2025-06-29T16:13:00+00:00\",\"dateModified\":\"2025-07-01T16:22:47+00:00\",\"mainEntityOfPage\":{\"@id\":\"https:\/\/kmkszisz.com\/sikerrel-zarult-a-vi-kmksz-isz-horgaszverseny-nagydobronyban\/\"},\"wordCount\":336,\"commentCount\":0,\"publisher\":{\"@id\":\"https:\/\/kmkszisz.com\/#organization\"},\"image\":{\"@id\":\"https:\/\/kmkszisz.com\/sikerrel-zarult-a-vi-kmksz-isz-horgaszverseny-nagydobronyban\/#primaryimage\"},\"thumbnailUrl\":\"https:\/\/kmkszisz.com\/wp-content\/uploads\/2025\/07\/Screenshot-2025-07-01-at-18.21.21.png\",\"articleSection\":[\"Uncategorized\"],\"inLanguage\":\"uk\",\"potentialAction\":[{\"@type\":\"CommentAction\",\"name\":\"Comment\",\"target\":[\"https:\/\/kmkszisz.com\/sikerrel-zarult-a-vi-kmksz-isz-horgaszverseny-nagydobronyban\/#respond\"]}]},{\"@type\":\"WebPage\",\"@id\":\"https:\/\/kmkszisz.com\/sikerrel-zarult-a-vi-kmksz-isz-horgaszverseny-nagydobronyban\/\",\"url\":\"https:\/\/kmkszisz.com\/sikerrel-zarult-a-vi-kmksz-isz-horgaszverseny-nagydobronyban\/\",\"name\":\"Sikerrel z\u00e1rult a VI. KMKSZ ISZ Horg\u00e1szverseny Nagydobronyban - K\u00e1rp\u00e1taljai Magyar Kultur\u00e1lis Sz\u00f6vegs\u00e9g Ifj\u00fas\u00e1gi Szervezete\",\"isPartOf\":{\"@id\":\"https:\/\/kmkszisz.com\/#website\"},\"primaryImageOfPage\":{\"@id\":\"https:\/\/kmkszisz.com\/sikerrel-zarult-a-vi-kmksz-isz-horgaszverseny-nagydobronyban\/#primaryimage\"},\"image\":{\"@id\":\"https:\/\/kmkszisz.com\/sikerrel-zarult-a-vi-kmksz-isz-horgaszverseny-nagydobronyban\/#primaryimage\"},\"thumbnailUrl\":\"https:\/\/kmkszisz.com\/wp-content\/uploads\/2025\/07\/Screenshot-2025-07-01-at-18.21.21.png\",\"datePublished\":\"2025-06-29T16:13:00+00:00\",\"dateModified\":\"2025-07-01T16:22:47+00:00\",\"breadcrumb\":{\"@id\":\"https:\/\/kmkszisz.com\/sikerrel-zarult-a-vi-kmksz-isz-horgaszverseny-nagydobronyban\/#breadcrumb\"},\"inLanguage\":\"uk\",\"potentialAction\":[{\"@type\":\"ReadAction\",\"target\":[\"https:\/\/kmkszisz.com\/sikerrel-zarult-a-vi-kmksz-isz-horgaszverseny-nagydobronyban\/\"]}]},{\"@type\":\"ImageObject\",\"inLanguage\":\"uk\",\"@id\":\"https:\/\/kmkszisz.com\/sikerrel-zarult-a-vi-kmksz-isz-horgaszverseny-nagydobronyban\/#primaryimage\",\"url\":\"https:\/\/kmkszisz.com\/wp-content\/uploads\/2025\/07\/Screenshot-2025-07-01-at-18.21.21.png\",\"contentUrl\":\"https:\/\/kmkszisz.com\/wp-content\/uploads\/2025\/07\/Screenshot-2025-07-01-at-18.21.21.png\",\"width\":1388,\"height\":1536},{\"@type\":\"BreadcrumbList\",\"@id\":\"https:\/\/kmkszisz.com\/sikerrel-zarult-a-vi-kmksz-isz-horgaszverseny-nagydobronyban\/#breadcrumb\",\"itemListElement\":[{\"@type\":\"ListItem\",\"position\":1,\"name\":\"Kezd\u0151lap\",\"item\":\"https:\/\/kmkszisz.com\/\"},{\"@type\":\"ListItem\",\"position\":2,\"name\":\"Sikerrel z\u00e1rult a VI. KMKSZ ISZ Horg\u00e1szverseny Nagydobronyban\"}]},{\"@type\":\"WebSite\",\"@id\":\"https:\/\/kmkszisz.com\/#website\",\"url\":\"https:\/\/kmkszisz.com\/\",\"name\":\"K\u00e1rp\u00e1taljai Magyar Kultur\u00e1lis Sz\u00f6vegs\u00e9g Ifj\u00fas\u00e1gi Szervezete\",\"description\":\"Ez az oldal a KMKSZISZ hivatalos weblapja.\",\"publisher\":{\"@id\":\"https:\/\/kmkszisz.com\/#organization\"},\"potentialAction\":[{\"@type\":\"SearchAction\",\"target\":{\"@type\":\"EntryPoint\",\"urlTemplate\":\"https:\/\/kmkszisz.com\/?s={search_term_string}\"},\"query-input\":{\"@type\":\"PropertyValueSpecification\",\"valueRequired\":true,\"valueName\":\"search_term_string\"}}],\"inLanguage\":\"uk\"},{\"@type\":\"Organization\",\"@id\":\"https:\/\/kmkszisz.com\/#organization\",\"name\":\"K\u00e1rp\u00e1taljai Magyar Kultur\u00e1lis Sz\u00f6vegs\u00e9g Ifj\u00fas\u00e1gi Szervezete\",\"url\":\"https:\/\/kmkszisz.com\/\",\"logo\":{\"@type\":\"ImageObject\",\"inLanguage\":\"uk\",\"@id\":\"https:\/\/kmkszisz.com\/#\/schema\/logo\/image\/\",\"url\":\"https:\/\/kmkszisz.com\/wp-content\/uploads\/2025\/03\/cropped-KMKSZ-ISZ-logo-szines-hatternelkul-1-scaled.png\",\"contentUrl\":\"https:\/\/kmkszisz.com\/wp-content\/uploads\/2025\/03\/cropped-KMKSZ-ISZ-logo-szines-hatternelkul-1-scaled.png\",\"width\":2560,\"height\":2230,\"caption\":\"K\u00e1rp\u00e1taljai Magyar Kultur\u00e1lis Sz\u00f6vegs\u00e9g Ifj\u00fas\u00e1gi Szervezete\"},\"image\":{\"@id\":\"https:\/\/kmkszisz.com\/#\/schema\/logo\/image\/\"}},{\"@type\":\"Person\",\"@id\":\"https:\/\/kmkszisz.com\/#\/schema\/person\/65627e728e4eb8a7da6351356bcdbbd2\",\"name\":\"zbocx6n7zj65\",\"image\":{\"@type\":\"ImageObject\",\"inLanguage\":\"uk\",\"@id\":\"https:\/\/kmkszisz.com\/#\/schema\/person\/image\/\",\"url\":\"https:\/\/secure.gravatar.com\/avatar\/8a15a507d04ef98009579dd2a80305aa411710be28eabbfe8b948e9a2687f6ad?s=96&d=mm&r=g\",\"contentUrl\":\"https:\/\/secure.gravatar.com\/avatar\/8a15a507d04ef98009579dd2a80305aa411710be28eabbfe8b948e9a2687f6ad?s=96&d=mm&r=g\",\"caption\":\"zbocx6n7zj65\"},\"url\":\"https:\/\/kmkszisz.com\/ua\/author\/zbocx6n7zj65\/\"}]}<\/script>\n<!-- \/ Yoast SEO plugin. -->","yoast_head_json":{"title":"Sikerrel z\u00e1rult a VI. KMKSZ ISZ Horg\u00e1szverseny Nagydobronyban - K\u00e1rp\u00e1taljai Magyar Kultur\u00e1lis Sz\u00f6vegs\u00e9g Ifj\u00fas\u00e1gi Szervezete","robots":{"index":"index","follow":"follow","max-snippet":"max-snippet:-1","max-image-preview":"max-image-preview:large","max-video-preview":"max-video-preview:-1"},"canonical":"https:\/\/kmkszisz.com\/ua\/sikerrel-zarult-a-vi-kmksz-isz-horgaszverseny-nagydobronyban\/","og_locale":"uk_UA","og_type":"article","og_title":"Sikerrel z\u00e1rult a VI. KMKSZ ISZ Horg\u00e1szverseny Nagydobronyban - K\u00e1rp\u00e1taljai Magyar Kultur\u00e1lis Sz\u00f6vegs\u00e9g Ifj\u00fas\u00e1gi Szervezete","og_description":"2025. j\u00fanius 28-\u00e1n imm\u00e1r hatodik alkalommal ker\u00fclt megrendez\u00e9sre a KMKSZ Ifj\u00fas\u00e1gi Szervezet (ISZ) egyik legn\u00e9pszer\u0171bb k\u00f6z\u00f6ss\u00e9gi rendezv\u00e9nye, a horg\u00e1szverseny, amelynek [&hellip;]","og_url":"https:\/\/kmkszisz.com\/ua\/sikerrel-zarult-a-vi-kmksz-isz-horgaszverseny-nagydobronyban\/","og_site_name":"K\u00e1rp\u00e1taljai Magyar Kultur\u00e1lis Sz\u00f6vegs\u00e9g Ifj\u00fas\u00e1gi Szervezete","article_published_time":"2025-06-29T16:13:00+00:00","article_modified_time":"2025-07-01T16:22:47+00:00","og_image":[{"width":925,"height":1024,"url":"https:\/\/kmkszisz.com\/wp-content\/uploads\/2025\/07\/Screenshot-2025-07-01-at-18.21.21-925x1024.png","type":"image\/png"}],"author":"zbocx6n7zj65","twitter_card":"summary_large_image","twitter_misc":{"\u041d\u0430\u043f\u0438\u0441\u0430\u043d\u043e":"zbocx6n7zj65","\u041f\u0440\u0438\u0431\u043b. \u0447\u0430\u0441 \u0447\u0438\u0442\u0430\u043d\u043d\u044f":"2 \u0445\u0432\u0438\u043b\u0438\u043d\u0438"},"schema":{"@context":"https:\/\/schema.org","@graph":[{"@type":"Article","@id":"https:\/\/kmkszisz.com\/sikerrel-zarult-a-vi-kmksz-isz-horgaszverseny-nagydobronyban\/#article","isPartOf":{"@id":"https:\/\/kmkszisz.com\/sikerrel-zarult-a-vi-kmksz-isz-horgaszverseny-nagydobronyban\/"},"author":{"name":"zbocx6n7zj65","@id":"https:\/\/kmkszisz.com\/#\/schema\/person\/65627e728e4eb8a7da6351356bcdbbd2"},"headline":"Sikerrel z\u00e1rult a VI. KMKSZ ISZ Horg\u00e1szverseny Nagydobronyban","datePublished":"2025-06-29T16:13:00+00:00","dateModified":"2025-07-01T16:22:47+00:00","mainEntityOfPage":{"@id":"https:\/\/kmkszisz.com\/sikerrel-zarult-a-vi-kmksz-isz-horgaszverseny-nagydobronyban\/"},"wordCount":336,"commentCount":0,"publisher":{"@id":"https:\/\/kmkszisz.com\/#organization"},"image":{"@id":"https:\/\/kmkszisz.com\/sikerrel-zarult-a-vi-kmksz-isz-horgaszverseny-nagydobronyban\/#primaryimage"},"thumbnailUrl":"https:\/\/kmkszisz.com\/wp-content\/uploads\/2025\/07\/Screenshot-2025-07-01-at-18.21.21.png","articleSection":["Uncategorized"],"inLanguage":"uk","potentialAction":[{"@type":"CommentAction","name":"Comment","target":["https:\/\/kmkszisz.com\/sikerrel-zarult-a-vi-kmksz-isz-horgaszverseny-nagydobronyban\/#respond"]}]},{"@type":"WebPage","@id":"https:\/\/kmkszisz.com\/sikerrel-zarult-a-vi-kmksz-isz-horgaszverseny-nagydobronyban\/","url":"https:\/\/kmkszisz.com\/sikerrel-zarult-a-vi-kmksz-isz-horgaszverseny-nagydobronyban\/","name":"Sikerrel z\u00e1rult a VI. KMKSZ ISZ Horg\u00e1szverseny Nagydobronyban - K\u00e1rp\u00e1taljai Magyar Kultur\u00e1lis Sz\u00f6vegs\u00e9g Ifj\u00fas\u00e1gi Szervezete","isPartOf":{"@id":"https:\/\/kmkszisz.com\/#website"},"primaryImageOfPage":{"@id":"https:\/\/kmkszisz.com\/sikerrel-zarult-a-vi-kmksz-isz-horgaszverseny-nagydobronyban\/#primaryimage"},"image":{"@id":"https:\/\/kmkszisz.com\/sikerrel-zarult-a-vi-kmksz-isz-horgaszverseny-nagydobronyban\/#primaryimage"},"thumbnailUrl":"https:\/\/kmkszisz.com\/wp-content\/uploads\/2025\/07\/Screenshot-2025-07-01-at-18.21.21.png","datePublished":"2025-06-29T16:13:00+00:00","dateModified":"2025-07-01T16:22:47+00:00","breadcrumb":{"@id":"https:\/\/kmkszisz.com\/sikerrel-zarult-a-vi-kmksz-isz-horgaszverseny-nagydobronyban\/#breadcrumb"},"inLanguage":"uk","potentialAction":[{"@type":"ReadAction","target":["https:\/\/kmkszisz.com\/sikerrel-zarult-a-vi-kmksz-isz-horgaszverseny-nagydobronyban\/"]}]},{"@type":"ImageObject","inLanguage":"uk","@id":"https:\/\/kmkszisz.com\/sikerrel-zarult-a-vi-kmksz-isz-horgaszverseny-nagydobronyban\/#primaryimage","url":"https:\/\/kmkszisz.com\/wp-content\/uploads\/2025\/07\/Screenshot-2025-07-01-at-18.21.21.png","contentUrl":"https:\/\/kmkszisz.com\/wp-content\/uploads\/2025\/07\/Screenshot-2025-07-01-at-18.21.21.png","width":1388,"height":1536},{"@type":"BreadcrumbList","@id":"https:\/\/kmkszisz.com\/sikerrel-zarult-a-vi-kmksz-isz-horgaszverseny-nagydobronyban\/#breadcrumb","itemListElement":[{"@type":"ListItem","position":1,"name":"Kezd\u0151lap","item":"https:\/\/kmkszisz.com\/"},{"@type":"ListItem","position":2,"name":"Sikerrel z\u00e1rult a VI. KMKSZ ISZ Horg\u00e1szverseny Nagydobronyban"}]},{"@type":"WebSite","@id":"https:\/\/kmkszisz.com\/#website","url":"https:\/\/kmkszisz.com\/","name":"K\u00e1rp\u00e1taljai Magyar Kultur\u00e1lis Sz\u00f6vegs\u00e9g Ifj\u00fas\u00e1gi Szervezete","description":"Ez az oldal a KMKSZISZ hivatalos weblapja.","publisher":{"@id":"https:\/\/kmkszisz.com\/#organization"},"potentialAction":[{"@type":"SearchAction","target":{"@type":"EntryPoint","urlTemplate":"https:\/\/kmkszisz.com\/?s={search_term_string}"},"query-input":{"@type":"PropertyValueSpecification","valueRequired":true,"valueName":"search_term_string"}}],"inLanguage":"uk"},{"@type":"Organization","@id":"https:\/\/kmkszisz.com\/#organization","name":"K\u00e1rp\u00e1taljai Magyar Kultur\u00e1lis Sz\u00f6vegs\u00e9g Ifj\u00fas\u00e1gi Szervezete","url":"https:\/\/kmkszisz.com\/","logo":{"@type":"ImageObject","inLanguage":"uk","@id":"https:\/\/kmkszisz.com\/#\/schema\/logo\/image\/","url":"https:\/\/kmkszisz.com\/wp-content\/uploads\/2025\/03\/cropped-KMKSZ-ISZ-logo-szines-hatternelkul-1-scaled.png","contentUrl":"https:\/\/kmkszisz.com\/wp-content\/uploads\/2025\/03\/cropped-KMKSZ-ISZ-logo-szines-hatternelkul-1-scaled.png","width":2560,"height":2230,"caption":"K\u00e1rp\u00e1taljai Magyar Kultur\u00e1lis Sz\u00f6vegs\u00e9g Ifj\u00fas\u00e1gi Szervezete"},"image":{"@id":"https:\/\/kmkszisz.com\/#\/schema\/logo\/image\/"}},{"@type":"Person","@id":"https:\/\/kmkszisz.com\/#\/schema\/person\/65627e728e4eb8a7da6351356bcdbbd2","name":"zbocx6n7zj65","image":{"@type":"ImageObject","inLanguage":"uk","@id":"https:\/\/kmkszisz.com\/#\/schema\/person\/image\/","url":"https:\/\/secure.gravatar.com\/avatar\/8a15a507d04ef98009579dd2a80305aa411710be28eabbfe8b948e9a2687f6ad?s=96&d=mm&r=g","contentUrl":"https:\/\/secure.gravatar.com\/avatar\/8a15a507d04ef98009579dd2a80305aa411710be28eabbfe8b948e9a2687f6ad?s=96&d=mm&r=g","caption":"zbocx6n7zj65"},"url":"https:\/\/kmkszisz.com\/ua\/author\/zbocx6n7zj65\/"}]}},"uagb_featured_image_src":{"full":["https:\/\/kmkszisz.com\/wp-content\/uploads\/2025\/07\/Screenshot-2025-07-01-at-18.21.21.png",1388,1536,false],"thumbnail":["https:\/\/kmkszisz.com\/wp-content\/uploads\/2025\/07\/Screenshot-2025-07-01-at-18.21.21-150x150.png",150,150,true],"medium":["https:\/\/kmkszisz.com\/wp-content\/uploads\/2025\/07\/Screenshot-2025-07-01-at-18.21.21-271x300.png",271,300,true],"medium_large":["https:\/\/kmkszisz.com\/wp-content\/uploads\/2025\/07\/Screenshot-2025-07-01-at-18.21.21-768x850.png",768,850,true],"large":["https:\/\/kmkszisz.com\/wp-content\/uploads\/2025\/07\/Screenshot-2025-07-01-at-18.21.21-925x1024.png",925,1024,true],"1536x1536":["https:\/\/kmkszisz.com\/wp-content\/uploads\/2025\/07\/Screenshot-2025-07-01-at-18.21.21.png",1388,1536,false],"2048x2048":["https:\/\/kmkszisz.com\/wp-content\/uploads\/2025\/07\/Screenshot-2025-07-01-at-18.21.21.png",1388,1536,false],"trp-custom-language-flag":["https:\/\/kmkszisz.com\/wp-content\/uploads\/2025\/07\/Screenshot-2025-07-01-at-18.21.21-11x12.png",11,12,true]},"uagb_author_info":{"display_name":"zbocx6n7zj65","author_link":"https:\/\/kmkszisz.com\/ua\/author\/zbocx6n7zj65\/"},"uagb_comment_info":10,"uagb_excerpt":"2025. j\u00fanius 28-\u00e1n imm\u00e1r hatodik alkalommal ker\u00fclt megrendez\u00e9sre a KMKSZ Ifj\u00fas\u00e1gi Szervezet (ISZ) egyik legn\u00e9pszer\u0171bb k\u00f6z\u00f6ss\u00e9gi rendezv\u00e9nye, a horg\u00e1szverseny, amelynek [&hellip;]","brizy_media":[],"_links":{"self":[{"href":"https:\/\/kmkszisz.com\/ua\/wp-json\/wp\/v2\/posts\/557","targetHints":{"allow":["GET"]}}],"collection":[{"href":"https:\/\/kmkszisz.com\/ua\/wp-json\/wp\/v2\/posts"}],"about":[{"href":"https:\/\/kmkszisz.com\/ua\/wp-json\/wp\/v2\/types\/post"}],"author":[{"embeddable":true,"href":"https:\/\/kmkszisz.com\/ua\/wp-json\/wp\/v2\/users\/4"}],"replies":[{"embeddable":true,"href":"https:\/\/kmkszisz.com\/ua\/wp-json\/wp\/v2\/comments?post=557"}],"version-history":[{"count":1,"href":"https:\/\/kmkszisz.com\/ua\/wp-json\/wp\/v2\/posts\/557\/revisions"}],"predecessor-version":[{"id":559,"href":"https:\/\/kmkszisz.com\/ua\/wp-json\/wp\/v2\/posts\/557\/revisions\/559"}],"wp:featuredmedia":[{"embeddable":true,"href":"https:\/\/kmkszisz.com\/ua\/wp-json\/wp\/v2\/media\/558"}],"wp:attachment":[{"href":"https:\/\/kmkszisz.com\/ua\/wp-json\/wp\/v2\/media?parent=557"}],"wp:term":[{"taxonomy":"category","embeddable":true,"href":"https:\/\/kmkszisz.com\/ua\/wp-json\/wp\/v2\/categories?post=557"},{"taxonomy":"post_tag","embeddable":true,"href":"https:\/\/kmkszisz.com\/ua\/wp-json\/wp\/v2\/tags?post=557"}],"curies":[{"name":"wp","href":"https:\/\/api.w.org\/{rel}","templated":true}]}}