{"id":580,"date":"2025-09-29T07:22:00","date_gmt":"2025-09-29T07:22:00","guid":{"rendered":"https:\/\/kmkszisz.com\/?p=580"},"modified":"2025-11-11T07:23:09","modified_gmt":"2025-11-11T07:23:09","slug":"ujra-isz-run-2-0-egy-nap-amikor-a-sport-osszekotott-bennunket","status":"publish","type":"post","link":"https:\/\/kmkszisz.com\/ua\/ujra-isz-run-2-0-egy-nap-amikor-a-sport-osszekotott-bennunket\/","title":{"rendered":"\u00dajra ISZ RUN 2.0! \u2013 Egy nap, amikor a sport \u00f6sszek\u00f6t\u00f6tt benn\u00fcnket"},"content":{"rendered":"<p>Novemberben ism\u00e9t elstartoltak az <strong>ISZ RUN<\/strong> fut\u00f3i \u2013 a rendezv\u00e9ny m\u00e1sodik alkalommal hozta \u00f6ssze a mozg\u00e1s, a k\u00f6z\u00f6ss\u00e9g \u00e9s a j\u00f3t\u00e9konys\u00e1g szerelmeseit! A <strong>Beregsz\u00e1szi V\u00e1rosi Tan\u00e1ccsal k\u00f6z\u00f6sen<\/strong> megszervezett esem\u00e9nyen id\u00e9n is n\u00e9gy k\u00fcl\u00f6nb\u00f6z\u0151 t\u00e1v k\u00f6z\u00fcl v\u00e1laszthattak a r\u00e9sztvev\u0151k: <strong>800 m\u00e9ter, 2 km, 10 km \u00e9s f\u00e9lmaraton<\/strong>.<\/p>\n\n\n\n<p>A fut\u00e1s nemcsak a sport \u00f6r\u00f6m\u00e9r\u0151l sz\u00f3lt, hanem a seg\u00edts\u00e9gr\u0151l is: a r\u00e9sztvev\u0151k \u00e9s t\u00e1mogat\u00f3k j\u00f3volt\u00e1b\u00f3l <strong>17 120 hrivnya<\/strong> gy\u0171lt \u00f6ssze \ud83d\ude4f, amelyet az <strong>\u00d6sszefogunk \u00c1di\u00e9rt Alap\u00edtv\u00e1nynak<\/strong> \u00e9s egy h\u00e1bor\u00fas veter\u00e1nnak aj\u00e1nlunk fel.<\/p>\n\n\n\n<h3 class=\"wp-block-heading\">\ud83c\udfc5 Eredm\u00e9nyek \u2013 Top 3 minden t\u00e1von<\/h3>\n\n\n\n<p><strong>800 m<\/strong><br>\ud83e\udd47 Br\u00f3di Szabolcs \u2013 00:03:35<br>\ud83e\udd48 T\u00f3th D\u00e1niel \u2013 00:03:35<br>\ud83e\udd49 Bohus \u00c1kos \u2013 00:03:44<\/p>\n\n\n\n<p><strong>2 km<\/strong><br>\ud83e\udd47 \u041c\u0435\u0434\u0443\u043b\u044f\u0433 \u0412\u0430\u0441\u0438\u043b\u044c \u2013 00:08:35<br>\ud83e\udd48 Derceni \u00c1ron \u2013 00:09:24<br>\ud83e\udd49 Derceni B\u00e9la \u2013 00:09:57<\/p>\n\n\n\n<p><strong>10 km<\/strong><br>\ud83e\udd47 \u0425\u0440\u0438\u043f\u0442\u0430 \u0404\u0432\u0433\u0435\u043d \u2013 00:35:26<br>\ud83e\udd48 \u041a\u0438\u0440\u0438\u043b\u044e\u043a \u0410\u043d\u0434\u0440\u0456\u0439 \u2013 00:36:14<br>\ud83e\udd49 \u041c\u0430\u043b\u0438\u0439 \u0410\u043d\u0430\u0442\u043e\u043b\u0456\u0439 \u2013 00:36:29<\/p>\n\n\n\n<p><strong>F\u00e9lmaraton<\/strong><br>\ud83e\udd47 \u041a\u0438\u0440\u0438\u043b \u0411\u0443\u044f\u043d\u043e\u0432\u0441\u044c\u043a\u0438\u0439 \u2013 01:17:55<br>\ud83e\udd48 \u0412\u043e\u043b\u043e\u0434\u0438\u043c\u0438\u0440 \u0414\u0438\u043c\u0438\u0448\u0435\u043d\u043a\u043e \u2013 01:22:13<br>\ud83e\udd49 Minec Gy\u00f6rgy \u2013 01:31:59<\/p>\n\n\n\n<h3 class=\"wp-block-heading\">\ud83c\udf89 Program, \u00e9lm\u00e9nyek \u00e9s k\u00f6sz\u00f6net<\/h3>\n\n\n\n<p>A napot az <strong>ATAS Dance<\/strong> t\u00e1nccsoport fergeteges fell\u00e9p\u00e9se sz\u00ednes\u00edtette \ud83d\udc83, a k\u00f6z\u00f6s fut\u00e1s ut\u00e1n pedig mindenkit <strong>meleg eb\u00e9ddel<\/strong> v\u00e1rtunk \ud83c\udf72 \u2013 hiszen egy j\u00f3 fut\u00e1s ut\u00e1n a k\u00f6z\u00f6s asztal mellett a legjobb \u00fajra felt\u00f6lt\u0151dni.<\/p>\n\n\n\n<p>Ez\u00faton is <strong>hatalmas k\u00f6sz\u00f6net<\/strong> mindenkinek, aki nevezett, vel\u00fcnk futott, seg\u00edtett vagy szurkolt \u2013 n\u00e9lk\u00fcletek nem j\u00f6hetett volna l\u00e9tre ez a felejthetetlen nap!<\/p>\n\n\n\n<p>K\u00fcl\u00f6n h\u00e1l\u00e1val tartozunk:<br>\ud83d\udc4f <strong>Babj\u00e1k Zolt\u00e1n<\/strong> polg\u00e1rmester \u00farnak \u00e9s <strong>Vince Istv\u00e1n<\/strong> alpolg\u00e1rmester \u00farnak a t\u00e1mogat\u00e1s\u00e9rt<br>\ud83d\udc4f a <strong>K\u00e1rp\u00e1t Hang<\/strong> csapat\u00e1nak a profi technikai h\u00e1tt\u00e9r\u00e9rt<br>\ud83d\udc4f a <strong>Helikon Hotelnek<\/strong> a finom \u00e9telek\u00e9rt<br>\ud83d\udc4f a <strong>Design Pointnak<\/strong> a reprezent\u00e1ci\u00f3s term\u00e9kek\u00e9rt<br>\ud83d\udc4f a <strong>BPS-nek<\/strong> a dekor\u00e1ci\u00f3\u00e9rt<br>\ud83d\udc4f m\u0171sorvezet\u0151inknek, <strong>Holozsai Imr\u00e9nek \u00e9s Burger Niklett\u00e1nak<\/strong> a remek hangulat\u00e9rt<br>\ud83d\udc4f valamint <strong>Jenei Kriszti\u00e1nnak<\/strong> a csod\u00e1s fot\u00f3k\u00e9rt \ud83d\udcf8<\/p>\n\n\n\n<p>Nem feledkezhet\u00fcnk meg a <strong>beregsz\u00e1szi rend\u0151rs\u00e9g<\/strong> \u00e9s a <strong>ment\u0151szolg\u00e1lat<\/strong> munkat\u00e1rsair\u00f3l sem, akik eg\u00e9sz nap biztos\u00edtott\u00e1k a fut\u00f3k biztons\u00e1g\u00e1t \ud83d\ude93\ud83d\ude91, valamint a <strong>sajt\u00f3 \u00e9s m\u00e9dia<\/strong> k\u00e9pvisel\u0151ir\u0151l, akik h\u00edrad\u00e1saikkal seg\u00edtettek eljuttatni az esem\u00e9ny \u00fczenet\u00e9t min\u00e9l t\u00f6bb emberhez \u2013 hogy min\u00e9l t\u00f6bben megismerhess\u00e9k \u00c1di t\u00f6rt\u00e9net\u00e9t is. \ud83d\udcf0<\/p>\n\n\n\n<hr class=\"wp-block-separator has-alpha-channel-opacity\"\/>\n\n\n\n<p>Ez a nap ism\u00e9t bebizony\u00edtotta:<br><strong>a sport \u00f6sszek\u00f6t benn\u00fcnket, \u00e9s egy\u00fctt minden akad\u00e1lyt legy\u0151zhet\u00fcnk!<\/strong> \ud83d\udcaa\u2764\ufe0f<\/p>\n\n\n\n<p><\/p>","protected":false},"excerpt":{"rendered":"<p>Novemberben ism\u00e9t elstartoltak az ISZ RUN fut\u00f3i \u2013 a rendezv\u00e9ny m\u00e1sodik alkalommal hozta \u00f6ssze a mozg\u00e1s, a k\u00f6z\u00f6ss\u00e9g \u00e9s a [&hellip;]<\/p>","protected":false},"author":4,"featured_media":581,"comment_status":"open","ping_status":"open","sticky":false,"template":"","format":"standard","meta":{"_uag_custom_page_level_css":"","site-sidebar-layout":"default","site-content-layout":"","ast-site-content-layout":"default","site-content-style":"default","site-sidebar-style":"default","ast-global-header-display":"","ast-banner-title-visibility":"","ast-main-header-display":"","ast-hfb-above-header-display":"","ast-hfb-below-header-display":"","ast-hfb-mobile-header-display":"","site-post-title":"","ast-breadcrumbs-content":"","ast-featured-img":"","footer-sml-layout":"","ast-disable-related-posts":"","theme-transparent-header-meta":"","adv-header-id-meta":"","stick-header-meta":"","header-above-stick-meta":"","header-main-stick-meta":"","header-below-stick-meta":"","astra-migrate-meta-layouts":"default","ast-page-background-enabled":"default","ast-page-background-meta":{"desktop":{"background-color":"var(--ast-global-color-4)","background-image":"","background-repeat":"repeat","background-position":"center center","background-size":"auto","background-attachment":"scroll","background-type":"","background-media":"","overlay-type":"","overlay-color":"","overlay-opacity":"","overlay-gradient":""},"tablet":{"background-color":"","background-image":"","background-repeat":"repeat","background-position":"center center","background-size":"auto","background-attachment":"scroll","background-type":"","background-media":"","overlay-type":"","overlay-color":"","overlay-opacity":"","overlay-gradient":""},"mobile":{"background-color":"","background-image":"","background-repeat":"repeat","background-position":"center center","background-size":"auto","background-attachment":"scroll","background-type":"","background-media":"","overlay-type":"","overlay-color":"","overlay-opacity":"","overlay-gradient":""}},"ast-content-background-meta":{"desktop":{"background-color":"var(--ast-global-color-5)","background-image":"","background-repeat":"repeat","background-position":"center center","background-size":"auto","background-attachment":"scroll","background-type":"","background-media":"","overlay-type":"","overlay-color":"","overlay-opacity":"","overlay-gradient":""},"tablet":{"background-color":"var(--ast-global-color-5)","background-image":"","background-repeat":"repeat","background-position":"center center","background-size":"auto","background-attachment":"scroll","background-type":"","background-media":"","overlay-type":"","overlay-color":"","overlay-opacity":"","overlay-gradient":""},"mobile":{"background-color":"var(--ast-global-color-5)","background-image":"","background-repeat":"repeat","background-position":"center center","background-size":"auto","background-attachment":"scroll","background-type":"","background-media":"","overlay-type":"","overlay-color":"","overlay-opacity":"","overlay-gradient":""}},"footnotes":""},"categories":[1],"tags":[],"class_list":["post-580","post","type-post","status-publish","format-standard","has-post-thumbnail","hentry","category-uncategorized"],"yoast_head":"<!-- This site is optimized with the Yoast SEO plugin v25.2 - https:\/\/yoast.com\/wordpress\/plugins\/seo\/ -->\n<title>\u00dajra ISZ RUN 2.0! \u2013 Egy nap, amikor a sport \u00f6sszek\u00f6t\u00f6tt benn\u00fcnket - K\u00e1rp\u00e1taljai Magyar Kultur\u00e1lis Sz\u00f6vegs\u00e9g Ifj\u00fas\u00e1gi Szervezete<\/title>\n<meta name=\"robots\" content=\"index, follow, max-snippet:-1, max-image-preview:large, max-video-preview:-1\" \/>\n<link rel=\"canonical\" href=\"https:\/\/kmkszisz.com\/ua\/ujra-isz-run-2-0-egy-nap-amikor-a-sport-osszekotott-bennunket\/\" \/>\n<meta property=\"og:locale\" content=\"uk_UA\" \/>\n<meta property=\"og:type\" content=\"article\" \/>\n<meta property=\"og:title\" content=\"\u00dajra ISZ RUN 2.0! \u2013 Egy nap, amikor a sport \u00f6sszek\u00f6t\u00f6tt benn\u00fcnket - K\u00e1rp\u00e1taljai Magyar Kultur\u00e1lis Sz\u00f6vegs\u00e9g Ifj\u00fas\u00e1gi Szervezete\" \/>\n<meta property=\"og:description\" content=\"Novemberben ism\u00e9t elstartoltak az ISZ RUN fut\u00f3i \u2013 a rendezv\u00e9ny m\u00e1sodik alkalommal hozta \u00f6ssze a mozg\u00e1s, a k\u00f6z\u00f6ss\u00e9g \u00e9s a [&hellip;]\" \/>\n<meta property=\"og:url\" content=\"https:\/\/kmkszisz.com\/ua\/ujra-isz-run-2-0-egy-nap-amikor-a-sport-osszekotott-bennunket\/\" \/>\n<meta property=\"og:site_name\" content=\"K\u00e1rp\u00e1taljai Magyar Kultur\u00e1lis Sz\u00f6vegs\u00e9g Ifj\u00fas\u00e1gi Szervezete\" \/>\n<meta property=\"article:published_time\" content=\"2025-09-29T07:22:00+00:00\" \/>\n<meta property=\"article:modified_time\" content=\"2025-11-11T07:23:09+00:00\" \/>\n<meta property=\"og:image\" content=\"https:\/\/kmkszisz.com\/wp-content\/uploads\/2025\/11\/557221545_1270700975101896_2483593857930861667_n.jpg\" \/>\n\t<meta property=\"og:image:width\" content=\"2048\" \/>\n\t<meta property=\"og:image:height\" content=\"1367\" \/>\n\t<meta property=\"og:image:type\" content=\"image\/jpeg\" \/>\n<meta name=\"author\" content=\"zbocx6n7zj65\" \/>\n<meta name=\"twitter:card\" content=\"summary_large_image\" \/>\n<meta name=\"twitter:label1\" content=\"\u041d\u0430\u043f\u0438\u0441\u0430\u043d\u043e\" \/>\n\t<meta name=\"twitter:data1\" content=\"zbocx6n7zj65\" \/>\n\t<meta name=\"twitter:label2\" content=\"\u041f\u0440\u0438\u0431\u043b. \u0447\u0430\u0441 \u0447\u0438\u0442\u0430\u043d\u043d\u044f\" \/>\n\t<meta name=\"twitter:data2\" content=\"2 \u0445\u0432\u0438\u043b\u0438\u043d\u0438\" \/>\n<script type=\"application\/ld+json\" class=\"yoast-schema-graph\">{\"@context\":\"https:\/\/schema.org\",\"@graph\":[{\"@type\":\"Article\",\"@id\":\"https:\/\/kmkszisz.com\/ujra-isz-run-2-0-egy-nap-amikor-a-sport-osszekotott-bennunket\/#article\",\"isPartOf\":{\"@id\":\"https:\/\/kmkszisz.com\/ujra-isz-run-2-0-egy-nap-amikor-a-sport-osszekotott-bennunket\/\"},\"author\":{\"name\":\"zbocx6n7zj65\",\"@id\":\"https:\/\/kmkszisz.com\/#\/schema\/person\/65627e728e4eb8a7da6351356bcdbbd2\"},\"headline\":\"\u00dajra ISZ RUN 2.0! \u2013 Egy nap, amikor a sport \u00f6sszek\u00f6t\u00f6tt benn\u00fcnket\",\"datePublished\":\"2025-09-29T07:22:00+00:00\",\"dateModified\":\"2025-11-11T07:23:09+00:00\",\"mainEntityOfPage\":{\"@id\":\"https:\/\/kmkszisz.com\/ujra-isz-run-2-0-egy-nap-amikor-a-sport-osszekotott-bennunket\/\"},\"wordCount\":476,\"commentCount\":0,\"publisher\":{\"@id\":\"https:\/\/kmkszisz.com\/#organization\"},\"image\":{\"@id\":\"https:\/\/kmkszisz.com\/ujra-isz-run-2-0-egy-nap-amikor-a-sport-osszekotott-bennunket\/#primaryimage\"},\"thumbnailUrl\":\"https:\/\/kmkszisz.com\/wp-content\/uploads\/2025\/11\/557221545_1270700975101896_2483593857930861667_n.jpg\",\"articleSection\":[\"Uncategorized\"],\"inLanguage\":\"uk\",\"potentialAction\":[{\"@type\":\"CommentAction\",\"name\":\"Comment\",\"target\":[\"https:\/\/kmkszisz.com\/ujra-isz-run-2-0-egy-nap-amikor-a-sport-osszekotott-bennunket\/#respond\"]}]},{\"@type\":\"WebPage\",\"@id\":\"https:\/\/kmkszisz.com\/ujra-isz-run-2-0-egy-nap-amikor-a-sport-osszekotott-bennunket\/\",\"url\":\"https:\/\/kmkszisz.com\/ujra-isz-run-2-0-egy-nap-amikor-a-sport-osszekotott-bennunket\/\",\"name\":\"\u00dajra ISZ RUN 2.0! \u2013 Egy nap, amikor a sport \u00f6sszek\u00f6t\u00f6tt benn\u00fcnket - K\u00e1rp\u00e1taljai Magyar Kultur\u00e1lis Sz\u00f6vegs\u00e9g Ifj\u00fas\u00e1gi Szervezete\",\"isPartOf\":{\"@id\":\"https:\/\/kmkszisz.com\/#website\"},\"primaryImageOfPage\":{\"@id\":\"https:\/\/kmkszisz.com\/ujra-isz-run-2-0-egy-nap-amikor-a-sport-osszekotott-bennunket\/#primaryimage\"},\"image\":{\"@id\":\"https:\/\/kmkszisz.com\/ujra-isz-run-2-0-egy-nap-amikor-a-sport-osszekotott-bennunket\/#primaryimage\"},\"thumbnailUrl\":\"https:\/\/kmkszisz.com\/wp-content\/uploads\/2025\/11\/557221545_1270700975101896_2483593857930861667_n.jpg\",\"datePublished\":\"2025-09-29T07:22:00+00:00\",\"dateModified\":\"2025-11-11T07:23:09+00:00\",\"breadcrumb\":{\"@id\":\"https:\/\/kmkszisz.com\/ujra-isz-run-2-0-egy-nap-amikor-a-sport-osszekotott-bennunket\/#breadcrumb\"},\"inLanguage\":\"uk\",\"potentialAction\":[{\"@type\":\"ReadAction\",\"target\":[\"https:\/\/kmkszisz.com\/ujra-isz-run-2-0-egy-nap-amikor-a-sport-osszekotott-bennunket\/\"]}]},{\"@type\":\"ImageObject\",\"inLanguage\":\"uk\",\"@id\":\"https:\/\/kmkszisz.com\/ujra-isz-run-2-0-egy-nap-amikor-a-sport-osszekotott-bennunket\/#primaryimage\",\"url\":\"https:\/\/kmkszisz.com\/wp-content\/uploads\/2025\/11\/557221545_1270700975101896_2483593857930861667_n.jpg\",\"contentUrl\":\"https:\/\/kmkszisz.com\/wp-content\/uploads\/2025\/11\/557221545_1270700975101896_2483593857930861667_n.jpg\",\"width\":2048,\"height\":1367,\"caption\":\"ISZ RUN 2.0\"},{\"@type\":\"BreadcrumbList\",\"@id\":\"https:\/\/kmkszisz.com\/ujra-isz-run-2-0-egy-nap-amikor-a-sport-osszekotott-bennunket\/#breadcrumb\",\"itemListElement\":[{\"@type\":\"ListItem\",\"position\":1,\"name\":\"Kezd\u0151lap\",\"item\":\"https:\/\/kmkszisz.com\/\"},{\"@type\":\"ListItem\",\"position\":2,\"name\":\"\u00dajra ISZ RUN 2.0! \u2013 Egy nap, amikor a sport \u00f6sszek\u00f6t\u00f6tt benn\u00fcnket\"}]},{\"@type\":\"WebSite\",\"@id\":\"https:\/\/kmkszisz.com\/#website\",\"url\":\"https:\/\/kmkszisz.com\/\",\"name\":\"K\u00e1rp\u00e1taljai Magyar Kultur\u00e1lis Sz\u00f6vegs\u00e9g Ifj\u00fas\u00e1gi Szervezete\",\"description\":\"Ez az oldal a KMKSZISZ hivatalos weblapja.\",\"publisher\":{\"@id\":\"https:\/\/kmkszisz.com\/#organization\"},\"potentialAction\":[{\"@type\":\"SearchAction\",\"target\":{\"@type\":\"EntryPoint\",\"urlTemplate\":\"https:\/\/kmkszisz.com\/?s={search_term_string}\"},\"query-input\":{\"@type\":\"PropertyValueSpecification\",\"valueRequired\":true,\"valueName\":\"search_term_string\"}}],\"inLanguage\":\"uk\"},{\"@type\":\"Organization\",\"@id\":\"https:\/\/kmkszisz.com\/#organization\",\"name\":\"K\u00e1rp\u00e1taljai Magyar Kultur\u00e1lis Sz\u00f6vegs\u00e9g Ifj\u00fas\u00e1gi Szervezete\",\"url\":\"https:\/\/kmkszisz.com\/\",\"logo\":{\"@type\":\"ImageObject\",\"inLanguage\":\"uk\",\"@id\":\"https:\/\/kmkszisz.com\/#\/schema\/logo\/image\/\",\"url\":\"https:\/\/kmkszisz.com\/wp-content\/uploads\/2025\/03\/cropped-KMKSZ-ISZ-logo-szines-hatternelkul-1-scaled.png\",\"contentUrl\":\"https:\/\/kmkszisz.com\/wp-content\/uploads\/2025\/03\/cropped-KMKSZ-ISZ-logo-szines-hatternelkul-1-scaled.png\",\"width\":2560,\"height\":2230,\"caption\":\"K\u00e1rp\u00e1taljai Magyar Kultur\u00e1lis Sz\u00f6vegs\u00e9g Ifj\u00fas\u00e1gi Szervezete\"},\"image\":{\"@id\":\"https:\/\/kmkszisz.com\/#\/schema\/logo\/image\/\"}},{\"@type\":\"Person\",\"@id\":\"https:\/\/kmkszisz.com\/#\/schema\/person\/65627e728e4eb8a7da6351356bcdbbd2\",\"name\":\"zbocx6n7zj65\",\"image\":{\"@type\":\"ImageObject\",\"inLanguage\":\"uk\",\"@id\":\"https:\/\/kmkszisz.com\/#\/schema\/person\/image\/\",\"url\":\"https:\/\/secure.gravatar.com\/avatar\/8a15a507d04ef98009579dd2a80305aa411710be28eabbfe8b948e9a2687f6ad?s=96&d=mm&r=g\",\"contentUrl\":\"https:\/\/secure.gravatar.com\/avatar\/8a15a507d04ef98009579dd2a80305aa411710be28eabbfe8b948e9a2687f6ad?s=96&d=mm&r=g\",\"caption\":\"zbocx6n7zj65\"},\"url\":\"https:\/\/kmkszisz.com\/ua\/author\/zbocx6n7zj65\/\"}]}<\/script>\n<!-- \/ Yoast SEO plugin. -->","yoast_head_json":{"title":"\u00dajra ISZ RUN 2.0! \u2013 Egy nap, amikor a sport \u00f6sszek\u00f6t\u00f6tt benn\u00fcnket - K\u00e1rp\u00e1taljai Magyar Kultur\u00e1lis Sz\u00f6vegs\u00e9g Ifj\u00fas\u00e1gi Szervezete","robots":{"index":"index","follow":"follow","max-snippet":"max-snippet:-1","max-image-preview":"max-image-preview:large","max-video-preview":"max-video-preview:-1"},"canonical":"https:\/\/kmkszisz.com\/ua\/ujra-isz-run-2-0-egy-nap-amikor-a-sport-osszekotott-bennunket\/","og_locale":"uk_UA","og_type":"article","og_title":"\u00dajra ISZ RUN 2.0! \u2013 Egy nap, amikor a sport \u00f6sszek\u00f6t\u00f6tt benn\u00fcnket - K\u00e1rp\u00e1taljai Magyar Kultur\u00e1lis Sz\u00f6vegs\u00e9g Ifj\u00fas\u00e1gi Szervezete","og_description":"Novemberben ism\u00e9t elstartoltak az ISZ RUN fut\u00f3i \u2013 a rendezv\u00e9ny m\u00e1sodik alkalommal hozta \u00f6ssze a mozg\u00e1s, a k\u00f6z\u00f6ss\u00e9g \u00e9s a [&hellip;]","og_url":"https:\/\/kmkszisz.com\/ua\/ujra-isz-run-2-0-egy-nap-amikor-a-sport-osszekotott-bennunket\/","og_site_name":"K\u00e1rp\u00e1taljai Magyar Kultur\u00e1lis Sz\u00f6vegs\u00e9g Ifj\u00fas\u00e1gi Szervezete","article_published_time":"2025-09-29T07:22:00+00:00","article_modified_time":"2025-11-11T07:23:09+00:00","og_image":[{"width":2048,"height":1367,"url":"https:\/\/kmkszisz.com\/wp-content\/uploads\/2025\/11\/557221545_1270700975101896_2483593857930861667_n.jpg","type":"image\/jpeg"}],"author":"zbocx6n7zj65","twitter_card":"summary_large_image","twitter_misc":{"\u041d\u0430\u043f\u0438\u0441\u0430\u043d\u043e":"zbocx6n7zj65","\u041f\u0440\u0438\u0431\u043b. \u0447\u0430\u0441 \u0447\u0438\u0442\u0430\u043d\u043d\u044f":"2 \u0445\u0432\u0438\u043b\u0438\u043d\u0438"},"schema":{"@context":"https:\/\/schema.org","@graph":[{"@type":"Article","@id":"https:\/\/kmkszisz.com\/ujra-isz-run-2-0-egy-nap-amikor-a-sport-osszekotott-bennunket\/#article","isPartOf":{"@id":"https:\/\/kmkszisz.com\/ujra-isz-run-2-0-egy-nap-amikor-a-sport-osszekotott-bennunket\/"},"author":{"name":"zbocx6n7zj65","@id":"https:\/\/kmkszisz.com\/#\/schema\/person\/65627e728e4eb8a7da6351356bcdbbd2"},"headline":"\u00dajra ISZ RUN 2.0! \u2013 Egy nap, amikor a sport \u00f6sszek\u00f6t\u00f6tt benn\u00fcnket","datePublished":"2025-09-29T07:22:00+00:00","dateModified":"2025-11-11T07:23:09+00:00","mainEntityOfPage":{"@id":"https:\/\/kmkszisz.com\/ujra-isz-run-2-0-egy-nap-amikor-a-sport-osszekotott-bennunket\/"},"wordCount":476,"commentCount":0,"publisher":{"@id":"https:\/\/kmkszisz.com\/#organization"},"image":{"@id":"https:\/\/kmkszisz.com\/ujra-isz-run-2-0-egy-nap-amikor-a-sport-osszekotott-bennunket\/#primaryimage"},"thumbnailUrl":"https:\/\/kmkszisz.com\/wp-content\/uploads\/2025\/11\/557221545_1270700975101896_2483593857930861667_n.jpg","articleSection":["Uncategorized"],"inLanguage":"uk","potentialAction":[{"@type":"CommentAction","name":"Comment","target":["https:\/\/kmkszisz.com\/ujra-isz-run-2-0-egy-nap-amikor-a-sport-osszekotott-bennunket\/#respond"]}]},{"@type":"WebPage","@id":"https:\/\/kmkszisz.com\/ujra-isz-run-2-0-egy-nap-amikor-a-sport-osszekotott-bennunket\/","url":"https:\/\/kmkszisz.com\/ujra-isz-run-2-0-egy-nap-amikor-a-sport-osszekotott-bennunket\/","name":"\u00dajra ISZ RUN 2.0! \u2013 Egy nap, amikor a sport \u00f6sszek\u00f6t\u00f6tt benn\u00fcnket - K\u00e1rp\u00e1taljai Magyar Kultur\u00e1lis Sz\u00f6vegs\u00e9g Ifj\u00fas\u00e1gi Szervezete","isPartOf":{"@id":"https:\/\/kmkszisz.com\/#website"},"primaryImageOfPage":{"@id":"https:\/\/kmkszisz.com\/ujra-isz-run-2-0-egy-nap-amikor-a-sport-osszekotott-bennunket\/#primaryimage"},"image":{"@id":"https:\/\/kmkszisz.com\/ujra-isz-run-2-0-egy-nap-amikor-a-sport-osszekotott-bennunket\/#primaryimage"},"thumbnailUrl":"https:\/\/kmkszisz.com\/wp-content\/uploads\/2025\/11\/557221545_1270700975101896_2483593857930861667_n.jpg","datePublished":"2025-09-29T07:22:00+00:00","dateModified":"2025-11-11T07:23:09+00:00","breadcrumb":{"@id":"https:\/\/kmkszisz.com\/ujra-isz-run-2-0-egy-nap-amikor-a-sport-osszekotott-bennunket\/#breadcrumb"},"inLanguage":"uk","potentialAction":[{"@type":"ReadAction","target":["https:\/\/kmkszisz.com\/ujra-isz-run-2-0-egy-nap-amikor-a-sport-osszekotott-bennunket\/"]}]},{"@type":"ImageObject","inLanguage":"uk","@id":"https:\/\/kmkszisz.com\/ujra-isz-run-2-0-egy-nap-amikor-a-sport-osszekotott-bennunket\/#primaryimage","url":"https:\/\/kmkszisz.com\/wp-content\/uploads\/2025\/11\/557221545_1270700975101896_2483593857930861667_n.jpg","contentUrl":"https:\/\/kmkszisz.com\/wp-content\/uploads\/2025\/11\/557221545_1270700975101896_2483593857930861667_n.jpg","width":2048,"height":1367,"caption":"ISZ RUN 2.0"},{"@type":"BreadcrumbList","@id":"https:\/\/kmkszisz.com\/ujra-isz-run-2-0-egy-nap-amikor-a-sport-osszekotott-bennunket\/#breadcrumb","itemListElement":[{"@type":"ListItem","position":1,"name":"Kezd\u0151lap","item":"https:\/\/kmkszisz.com\/"},{"@type":"ListItem","position":2,"name":"\u00dajra ISZ RUN 2.0! \u2013 Egy nap, amikor a sport \u00f6sszek\u00f6t\u00f6tt benn\u00fcnket"}]},{"@type":"WebSite","@id":"https:\/\/kmkszisz.com\/#website","url":"https:\/\/kmkszisz.com\/","name":"K\u00e1rp\u00e1taljai Magyar Kultur\u00e1lis Sz\u00f6vegs\u00e9g Ifj\u00fas\u00e1gi Szervezete","description":"Ez az oldal a KMKSZISZ hivatalos weblapja.","publisher":{"@id":"https:\/\/kmkszisz.com\/#organization"},"potentialAction":[{"@type":"SearchAction","target":{"@type":"EntryPoint","urlTemplate":"https:\/\/kmkszisz.com\/?s={search_term_string}"},"query-input":{"@type":"PropertyValueSpecification","valueRequired":true,"valueName":"search_term_string"}}],"inLanguage":"uk"},{"@type":"Organization","@id":"https:\/\/kmkszisz.com\/#organization","name":"K\u00e1rp\u00e1taljai Magyar Kultur\u00e1lis Sz\u00f6vegs\u00e9g Ifj\u00fas\u00e1gi Szervezete","url":"https:\/\/kmkszisz.com\/","logo":{"@type":"ImageObject","inLanguage":"uk","@id":"https:\/\/kmkszisz.com\/#\/schema\/logo\/image\/","url":"https:\/\/kmkszisz.com\/wp-content\/uploads\/2025\/03\/cropped-KMKSZ-ISZ-logo-szines-hatternelkul-1-scaled.png","contentUrl":"https:\/\/kmkszisz.com\/wp-content\/uploads\/2025\/03\/cropped-KMKSZ-ISZ-logo-szines-hatternelkul-1-scaled.png","width":2560,"height":2230,"caption":"K\u00e1rp\u00e1taljai Magyar Kultur\u00e1lis Sz\u00f6vegs\u00e9g Ifj\u00fas\u00e1gi Szervezete"},"image":{"@id":"https:\/\/kmkszisz.com\/#\/schema\/logo\/image\/"}},{"@type":"Person","@id":"https:\/\/kmkszisz.com\/#\/schema\/person\/65627e728e4eb8a7da6351356bcdbbd2","name":"zbocx6n7zj65","image":{"@type":"ImageObject","inLanguage":"uk","@id":"https:\/\/kmkszisz.com\/#\/schema\/person\/image\/","url":"https:\/\/secure.gravatar.com\/avatar\/8a15a507d04ef98009579dd2a80305aa411710be28eabbfe8b948e9a2687f6ad?s=96&d=mm&r=g","contentUrl":"https:\/\/secure.gravatar.com\/avatar\/8a15a507d04ef98009579dd2a80305aa411710be28eabbfe8b948e9a2687f6ad?s=96&d=mm&r=g","caption":"zbocx6n7zj65"},"url":"https:\/\/kmkszisz.com\/ua\/author\/zbocx6n7zj65\/"}]}},"uagb_featured_image_src":{"full":["https:\/\/kmkszisz.com\/wp-content\/uploads\/2025\/11\/557221545_1270700975101896_2483593857930861667_n.jpg",2048,1367,false],"thumbnail":["https:\/\/kmkszisz.com\/wp-content\/uploads\/2025\/11\/557221545_1270700975101896_2483593857930861667_n-150x150.jpg",150,150,true],"medium":["https:\/\/kmkszisz.com\/wp-content\/uploads\/2025\/11\/557221545_1270700975101896_2483593857930861667_n-300x200.jpg",300,200,true],"medium_large":["https:\/\/kmkszisz.com\/wp-content\/uploads\/2025\/11\/557221545_1270700975101896_2483593857930861667_n-768x513.jpg",768,513,true],"large":["https:\/\/kmkszisz.com\/wp-content\/uploads\/2025\/11\/557221545_1270700975101896_2483593857930861667_n-1024x684.jpg",1024,684,true],"1536x1536":["https:\/\/kmkszisz.com\/wp-content\/uploads\/2025\/11\/557221545_1270700975101896_2483593857930861667_n-1536x1025.jpg",1536,1025,true],"2048x2048":["https:\/\/kmkszisz.com\/wp-content\/uploads\/2025\/11\/557221545_1270700975101896_2483593857930861667_n.jpg",2048,1367,false],"trp-custom-language-flag":["https:\/\/kmkszisz.com\/wp-content\/uploads\/2025\/11\/557221545_1270700975101896_2483593857930861667_n-18x12.jpg",18,12,true]},"uagb_author_info":{"display_name":"zbocx6n7zj65","author_link":"https:\/\/kmkszisz.com\/ua\/author\/zbocx6n7zj65\/"},"uagb_comment_info":19,"uagb_excerpt":"Novemberben ism\u00e9t elstartoltak az ISZ RUN fut\u00f3i \u2013 a rendezv\u00e9ny m\u00e1sodik alkalommal hozta \u00f6ssze a mozg\u00e1s, a k\u00f6z\u00f6ss\u00e9g \u00e9s a [&hellip;]","brizy_media":[],"_links":{"self":[{"href":"https:\/\/kmkszisz.com\/ua\/wp-json\/wp\/v2\/posts\/580","targetHints":{"allow":["GET"]}}],"collection":[{"href":"https:\/\/kmkszisz.com\/ua\/wp-json\/wp\/v2\/posts"}],"about":[{"href":"https:\/\/kmkszisz.com\/ua\/wp-json\/wp\/v2\/types\/post"}],"author":[{"embeddable":true,"href":"https:\/\/kmkszisz.com\/ua\/wp-json\/wp\/v2\/users\/4"}],"replies":[{"embeddable":true,"href":"https:\/\/kmkszisz.com\/ua\/wp-json\/wp\/v2\/comments?post=580"}],"version-history":[{"count":1,"href":"https:\/\/kmkszisz.com\/ua\/wp-json\/wp\/v2\/posts\/580\/revisions"}],"predecessor-version":[{"id":582,"href":"https:\/\/kmkszisz.com\/ua\/wp-json\/wp\/v2\/posts\/580\/revisions\/582"}],"wp:featuredmedia":[{"embeddable":true,"href":"https:\/\/kmkszisz.com\/ua\/wp-json\/wp\/v2\/media\/581"}],"wp:attachment":[{"href":"https:\/\/kmkszisz.com\/ua\/wp-json\/wp\/v2\/media?parent=580"}],"wp:term":[{"taxonomy":"category","embeddable":true,"href":"https:\/\/kmkszisz.com\/ua\/wp-json\/wp\/v2\/categories?post=580"},{"taxonomy":"post_tag","embeddable":true,"href":"https:\/\/kmkszisz.com\/ua\/wp-json\/wp\/v2\/tags?post=580"}],"curies":[{"name":"wp","href":"https:\/\/api.w.org\/{rel}","templated":true}]}}