{"id":583,"date":"2025-10-06T07:23:00","date_gmt":"2025-10-06T07:23:00","guid":{"rendered":"https:\/\/kmkszisz.com\/?p=583"},"modified":"2025-11-11T07:26:01","modified_gmt":"2025-11-11T07:26:01","slug":"fotopalyazat-karpatalja-szepsegei-lencsevegen-2025","status":"publish","type":"post","link":"https:\/\/kmkszisz.com\/ua\/fotopalyazat-karpatalja-szepsegei-lencsevegen-2025\/","title":{"rendered":"Fot\u00f3p\u00e1ly\u00e1zat \u2013 \u201eK\u00e1rp\u00e1talja sz\u00e9ps\u00e9gei lencsev\u00e9gen 2025\u201d"},"content":{"rendered":"<p>A <strong>K\u00e1rp\u00e1taljai Magyar Kultur\u00e1lis Sz\u00f6vets\u00e9g Ifj\u00fas\u00e1gi Szervezete (KMKSZ ISZ)<\/strong> id\u00e9n is fot\u00f3p\u00e1ly\u00e1zatot hirdet, amelynek k\u00f6z\u00e9ppontj\u00e1ban <strong>K\u00e1rp\u00e1talja term\u00e9szeti sz\u00e9ps\u00e9gei, kultur\u00e1lis \u00f6r\u00f6ks\u00e9ge \u00e9s az itt \u00e9l\u0151 emberek mindennapjai<\/strong> \u00e1llnak.<br>\ud83d\udcf8 Szeretn\u00e9nk l\u00e1tni, <strong>hogyan l\u00e1tod Te K\u00e1rp\u00e1talj\u00e1t!<\/strong><\/p>\n\n\n\n<p>Olyan fot\u00f3kat v\u00e1runk, amelyek megmutatj\u00e1k a t\u00e1j var\u00e1zs\u00e1t, a k\u00f6z\u00f6ss\u00e9gek \u00e9let\u00e9t \u00e9s a r\u00e9gi\u00f3 soksz\u00edn\u0171 hagyom\u00e1nyait \u2013 legyen sz\u00f3 a <strong>Tisza t\u00fckr\u00e9r\u0151l, egy falusi \u00fcnnepr\u0151l vagy egy mosolyg\u00f3 arc t\u00f6rt\u00e9net\u00e9r\u0151l<\/strong>.<\/p>\n\n\n\n<hr class=\"wp-block-separator has-alpha-channel-opacity\"\/>\n\n\n\n<h3 class=\"wp-block-heading\">\ud83d\udd53 Nevez\u00e9si hat\u00e1rid\u0151<\/h3>\n\n\n\n<p>\ud83d\udcc5 <strong>2025. november 22. (szombat), 20:00 \u00f3r\u00e1ig<\/strong><\/p>\n\n\n\n<hr class=\"wp-block-separator has-alpha-channel-opacity\"\/>\n\n\n\n<h3 class=\"wp-block-heading\">\ud83d\udcf8 T\u00e9mak\u00f6r\u00f6k<\/h3>\n\n\n\n<h4 class=\"wp-block-heading\">I. K\u00e1rp\u00e1talja term\u00e9szeti sz\u00e9ps\u00e9gei<\/h4>\n\n\n\n<p>\u2022 <em>\u201eTisza, a mi foly\u00f3nk\u201d<\/em> \u2013 a Tisza \u00e9s mell\u00e9kfoly\u00f3i mint \u00e9letforr\u00e1s<br>\u2022 <em>\u201eN\u00e9gy \u00e9vszak K\u00e1rp\u00e1talj\u00e1n\u201d<\/em> \u2013 a term\u00e9szet v\u00e1ltoz\u00e1sa egy helysz\u00ednen kereszt\u00fcl<\/p>\n\n\n\n<h4 class=\"wp-block-heading\">II. Ember \u00e9s k\u00f6z\u00f6ss\u00e9g<\/h4>\n\n\n\n<p>\u2022 <em>\u201eArcok, t\u00f6rt\u00e9netek\u201d<\/em> \u2013 h\u00e9tk\u00f6znapi emberek portr\u00e9i<br>\u2022 <em>\u201eA falu hangja\u201d<\/em> \u2013 kis k\u00f6z\u00f6ss\u00e9gek \u00e9let\u00e9nek pillanatai<br>\u2022 <em>\u201eK\u00e9zben maradt mesters\u00e9gek\u201d<\/em> \u2013 r\u00e9gi foglalkoz\u00e1sok, k\u00e9zm\u0171vesek<br>\u2022 <em>\u201eOtthon \u2013 b\u00e1rhol\u201d<\/em> \u2013 k\u00e1rp\u00e1taljaiak itthon \u00e9s t\u00e1volban<\/p>\n\n\n\n<h4 class=\"wp-block-heading\">III. Kultur\u00e1lis \u00f6r\u00f6ks\u00e9g \u00e9s hagyom\u00e1ny<\/h4>\n\n\n\n<p>\u2022 <em>\u201eT\u00e1nc, zene, \u00e9let\u201d<\/em> \u2013 n\u00e9pt\u00e1nc, n\u00e9pzene, fesztiv\u00e1lok hangulata<br>\u2022 <em>\u201e\u0150seink nyom\u00e1ban\u201d<\/em> \u2013 t\u00f6rt\u00e9nelmi helysz\u00ednek, eml\u00e9khelyek<br>\u2022 <em>\u201eKett\u0151s identit\u00e1s\u201d<\/em> \u2013 magyar \u00e9s ukr\u00e1n kult\u00fara tal\u00e1lkoz\u00e1sa<br>\u2022 <em>\u201eA b\u00e9ke arca\u201d<\/em> \u2013 mindennapi der\u0171 a h\u00e1bor\u00fa \u00e1rny\u00e9k\u00e1ban<\/p>\n\n\n\n<hr class=\"wp-block-separator has-alpha-channel-opacity\"\/>\n\n\n\n<h3 class=\"wp-block-heading\">\ud83d\udce8 Nevez\u00e9s m\u00f3dja<\/h3>\n\n\n\n<p>\ud83d\udce7 K\u00fcldd el <strong>legfeljebb 3 saj\u00e1t k\u00e9sz\u00edt\u00e9s\u0171 fot\u00f3dat<\/strong> a k\u00f6vetkez\u0151 c\u00edmre:<br>\ud83d\udc49 <strong><a>kmkszisz@gmail.com<\/a><\/strong><\/p>\n\n\n\n<p>A lev\u00e9lben k\u00e9rj\u00fck felt\u00fcntetni:<br>\u2022 a p\u00e1ly\u00e1z\u00f3 teljes nev\u00e9t<br>\u2022 sz\u00fclet\u00e9si \u00e9v\u00e9t<br>\u2022 e-mail c\u00edm\u00e9t \u00e9s telefonsz\u00e1m\u00e1t<br>\u2022 a k\u00e9pek c\u00edm\u00e9t<\/p>\n\n\n\n<blockquote class=\"wp-block-quote is-layout-flow wp-block-quote-is-layout-flow\">\n<p>A h\u00e1rom nevezett fot\u00f3 k\u00fcl\u00f6nb\u00f6z\u0151 kateg\u00f3ri\u00e1kban is indulhat, ezt a p\u00e1ly\u00e1z\u00f3 maga d\u00f6ntheti el.<\/p>\n<\/blockquote>\n\n\n\n<hr class=\"wp-block-separator has-alpha-channel-opacity\"\/>\n\n\n\n<h3 class=\"wp-block-heading\">\u2699\ufe0f Min\u0151s\u00e9gi \u00e9s tartalmi felt\u00e9telek<\/h3>\n\n\n\n<p>A be\u00e9rkezett fot\u00f3k k\u00f6zz\u00e9t\u00e9tel el\u0151tt <strong>min\u0151s\u00e9gi \u00e9s tartalmi ellen\u0151rz\u00e9sen<\/strong> esnek \u00e1t.<br>A szervez\u0151k fenntartj\u00e1k a jogot, hogy a versenyki\u00edr\u00e1snak nem megfelel\u0151, alacsony felbont\u00e1s\u00fa vagy s\u00e9rt\u0151 tartalm\u00fa k\u00e9peket kiz\u00e1rj\u00e1k a p\u00e1ly\u00e1zatb\u00f3l.<\/p>\n\n\n\n<hr class=\"wp-block-separator has-alpha-channel-opacity\"\/>\n\n\n\n<h3 class=\"wp-block-heading\">\u2696\ufe0f Szerz\u0151i jog \u00e9s adatv\u00e9delem<\/h3>\n\n\n\n<p>A nevez\u00e9ssel a p\u00e1ly\u00e1z\u00f3 elismeri, hogy rendelkezik a fot\u00f3k szerz\u0151i jogaival.<br>Amennyiben a k\u00e9pen felismerhet\u0151 szem\u00e9ly szerepel, <strong>a hozz\u00e1j\u00e1rul\u00e1sa k\u00f6telez\u0151<\/strong>.<br>A p\u00e1ly\u00e1z\u00f3 felel\u0151ss\u00e9ge, hogy a bek\u00fcld\u00f6tt k\u00e9pek <strong>ne s\u00e9rtsenek szem\u00e9lyis\u00e9gi vagy adatv\u00e9delmi jogokat<\/strong>.<\/p>\n\n\n\n<hr class=\"wp-block-separator has-alpha-channel-opacity\"\/>\n\n\n\n<h3 class=\"wp-block-heading\">\ud83c\udfc6 \u00c9rt\u00e9kel\u00e9s \u00e9s d\u00edjaz\u00e1s<\/h3>\n\n\n\n<p>A be\u00e9rkezett p\u00e1lyam\u0171vek a <strong>KMKSZ ISZ hivatalos Facebook-oldal\u00e1n<\/strong> ker\u00fclnek k\u00f6zz\u00e9t\u00e9telre egy nyilv\u00e1nos fot\u00f3albumban.<\/p>\n\n\n\n<p>A <strong>legjobb k\u00e9peket szakmai zs\u0171ri \u00e9rt\u00e9keli<\/strong>, emellett <strong>k\u00f6z\u00f6ns\u00e9gd\u00edj<\/strong> is kioszt\u00e1sra ker\u00fcl \u2013 azt a fot\u00f3 kapja, amely <strong>a legt\u00f6bb kedvel\u00e9st<\/strong> gy\u0171jti 2025. november 30-ig, 20:00 \u00f3r\u00e1ig.<\/p>\n\n\n\n<h4 class=\"wp-block-heading\">\ud83d\udcb0 D\u00edjak:<\/h4>\n\n\n\n<p>\ud83e\udd47 I. d\u00edj \u2013 6000 UAH<br>\ud83e\udd48 II. d\u00edj \u2013 3000 UAH<br>\ud83e\udd49 III. d\u00edj \u2013 2000 UAH<br>\ud83d\udc65 K\u00f6z\u00f6ns\u00e9gd\u00edj \u2013 1500 UAH<br>\ud83c\udf96\ufe0f K\u00fcl\u00f6nd\u00edj \u2013 1000 UAH<\/p>\n\n\n\n<p>\ud83d\udce2 <strong>Eredm\u00e9nyhirdet\u00e9s:<\/strong> 2025. december 1.<br>\ud83d\udccd <strong>Ki\u00e1ll\u00edt\u00e1s:<\/strong> a legjobb fot\u00f3kb\u00f3l <strong>Beregsz\u00e1szban<\/strong> ny\u00edlik t\u00e1rlat.<\/p>\n\n\n\n<hr class=\"wp-block-separator has-alpha-channel-opacity\"\/>\n\n\n\n<p>\u2728 <strong>Mutasd meg, hogyan l\u00e1tod Te K\u00e1rp\u00e1talj\u00e1t!<\/strong><br>A legszebb pillanatok ott vannak k\u00f6r\u00fcl\u00f6tt\u00fcnk \u2013 csak meg kell \u0151ket \u00f6r\u00f6k\u00edteni.<\/p>\n\n\n\n<p>\ud83d\udcf7 <em>\u201eK\u00e1rp\u00e1talja sz\u00e9ps\u00e9gei lencsev\u00e9gen 2025\u201d \u2013 tegy\u00fck egy\u00fctt l\u00e1that\u00f3v\u00e1, ami \u00f6sszek\u00f6t benn\u00fcnket!<\/em><\/p>","protected":false},"excerpt":{"rendered":"<p>A K\u00e1rp\u00e1taljai Magyar Kultur\u00e1lis Sz\u00f6vets\u00e9g Ifj\u00fas\u00e1gi Szervezete (KMKSZ ISZ) id\u00e9n is fot\u00f3p\u00e1ly\u00e1zatot hirdet, amelynek k\u00f6z\u00e9ppontj\u00e1ban K\u00e1rp\u00e1talja term\u00e9szeti sz\u00e9ps\u00e9gei, kultur\u00e1lis \u00f6r\u00f6ks\u00e9ge [&hellip;]<\/p>","protected":false},"author":4,"featured_media":584,"comment_status":"open","ping_status":"open","sticky":false,"template":"","format":"standard","meta":{"_uag_custom_page_level_css":"","site-sidebar-layout":"default","site-content-layout":"","ast-site-content-layout":"default","site-content-style":"default","site-sidebar-style":"default","ast-global-header-display":"","ast-banner-title-visibility":"","ast-main-header-display":"","ast-hfb-above-header-display":"","ast-hfb-below-header-display":"","ast-hfb-mobile-header-display":"","site-post-title":"","ast-breadcrumbs-content":"","ast-featured-img":"","footer-sml-layout":"","ast-disable-related-posts":"","theme-transparent-header-meta":"","adv-header-id-meta":"","stick-header-meta":"","header-above-stick-meta":"","header-main-stick-meta":"","header-below-stick-meta":"","astra-migrate-meta-layouts":"default","ast-page-background-enabled":"default","ast-page-background-meta":{"desktop":{"background-color":"var(--ast-global-color-4)","background-image":"","background-repeat":"repeat","background-position":"center center","background-size":"auto","background-attachment":"scroll","background-type":"","background-media":"","overlay-type":"","overlay-color":"","overlay-opacity":"","overlay-gradient":""},"tablet":{"background-color":"","background-image":"","background-repeat":"repeat","background-position":"center center","background-size":"auto","background-attachment":"scroll","background-type":"","background-media":"","overlay-type":"","overlay-color":"","overlay-opacity":"","overlay-gradient":""},"mobile":{"background-color":"","background-image":"","background-repeat":"repeat","background-position":"center center","background-size":"auto","background-attachment":"scroll","background-type":"","background-media":"","overlay-type":"","overlay-color":"","overlay-opacity":"","overlay-gradient":""}},"ast-content-background-meta":{"desktop":{"background-color":"var(--ast-global-color-5)","background-image":"","background-repeat":"repeat","background-position":"center center","background-size":"auto","background-attachment":"scroll","background-type":"","background-media":"","overlay-type":"","overlay-color":"","overlay-opacity":"","overlay-gradient":""},"tablet":{"background-color":"var(--ast-global-color-5)","background-image":"","background-repeat":"repeat","background-position":"center center","background-size":"auto","background-attachment":"scroll","background-type":"","background-media":"","overlay-type":"","overlay-color":"","overlay-opacity":"","overlay-gradient":""},"mobile":{"background-color":"var(--ast-global-color-5)","background-image":"","background-repeat":"repeat","background-position":"center center","background-size":"auto","background-attachment":"scroll","background-type":"","background-media":"","overlay-type":"","overlay-color":"","overlay-opacity":"","overlay-gradient":""}},"footnotes":""},"categories":[1],"tags":[],"class_list":["post-583","post","type-post","status-publish","format-standard","has-post-thumbnail","hentry","category-uncategorized"],"yoast_head":"<!-- This site is optimized with the Yoast SEO plugin v25.2 - https:\/\/yoast.com\/wordpress\/plugins\/seo\/ -->\n<title>Fot\u00f3p\u00e1ly\u00e1zat \u2013 \u201eK\u00e1rp\u00e1talja sz\u00e9ps\u00e9gei lencsev\u00e9gen 2025\u201d - K\u00e1rp\u00e1taljai Magyar Kultur\u00e1lis Sz\u00f6vegs\u00e9g Ifj\u00fas\u00e1gi Szervezete<\/title>\n<meta name=\"robots\" content=\"index, follow, max-snippet:-1, max-image-preview:large, max-video-preview:-1\" \/>\n<link rel=\"canonical\" href=\"https:\/\/kmkszisz.com\/ua\/fotopalyazat-karpatalja-szepsegei-lencsevegen-2025\/\" \/>\n<meta property=\"og:locale\" content=\"uk_UA\" \/>\n<meta property=\"og:type\" content=\"article\" \/>\n<meta property=\"og:title\" content=\"Fot\u00f3p\u00e1ly\u00e1zat \u2013 \u201eK\u00e1rp\u00e1talja sz\u00e9ps\u00e9gei lencsev\u00e9gen 2025\u201d - K\u00e1rp\u00e1taljai Magyar Kultur\u00e1lis Sz\u00f6vegs\u00e9g Ifj\u00fas\u00e1gi Szervezete\" \/>\n<meta property=\"og:description\" content=\"A K\u00e1rp\u00e1taljai Magyar Kultur\u00e1lis Sz\u00f6vets\u00e9g Ifj\u00fas\u00e1gi Szervezete (KMKSZ ISZ) id\u00e9n is fot\u00f3p\u00e1ly\u00e1zatot hirdet, amelynek k\u00f6z\u00e9ppontj\u00e1ban K\u00e1rp\u00e1talja term\u00e9szeti sz\u00e9ps\u00e9gei, kultur\u00e1lis \u00f6r\u00f6ks\u00e9ge [&hellip;]\" \/>\n<meta property=\"og:url\" content=\"https:\/\/kmkszisz.com\/ua\/fotopalyazat-karpatalja-szepsegei-lencsevegen-2025\/\" \/>\n<meta property=\"og:site_name\" content=\"K\u00e1rp\u00e1taljai Magyar Kultur\u00e1lis Sz\u00f6vegs\u00e9g Ifj\u00fas\u00e1gi Szervezete\" \/>\n<meta property=\"article:published_time\" content=\"2025-10-06T07:23:00+00:00\" \/>\n<meta property=\"article:modified_time\" content=\"2025-11-11T07:26:01+00:00\" \/>\n<meta property=\"og:image\" content=\"https:\/\/kmkszisz.com\/wp-content\/uploads\/2025\/11\/557442683_1277433007762026_2426903322960631408_n.jpg\" \/>\n\t<meta property=\"og:image:width\" content=\"1448\" \/>\n\t<meta property=\"og:image:height\" content=\"2048\" \/>\n\t<meta property=\"og:image:type\" content=\"image\/jpeg\" \/>\n<meta name=\"author\" content=\"zbocx6n7zj65\" \/>\n<meta name=\"twitter:card\" content=\"summary_large_image\" \/>\n<meta name=\"twitter:label1\" content=\"\u041d\u0430\u043f\u0438\u0441\u0430\u043d\u043e\" \/>\n\t<meta name=\"twitter:data1\" content=\"zbocx6n7zj65\" \/>\n\t<meta name=\"twitter:label2\" content=\"\u041f\u0440\u0438\u0431\u043b. \u0447\u0430\u0441 \u0447\u0438\u0442\u0430\u043d\u043d\u044f\" \/>\n\t<meta name=\"twitter:data2\" content=\"3 \u0445\u0432\u0438\u043b\u0438\u043d\u0438\" \/>\n<script type=\"application\/ld+json\" class=\"yoast-schema-graph\">{\"@context\":\"https:\/\/schema.org\",\"@graph\":[{\"@type\":\"Article\",\"@id\":\"https:\/\/kmkszisz.com\/fotopalyazat-karpatalja-szepsegei-lencsevegen-2025\/#article\",\"isPartOf\":{\"@id\":\"https:\/\/kmkszisz.com\/fotopalyazat-karpatalja-szepsegei-lencsevegen-2025\/\"},\"author\":{\"name\":\"zbocx6n7zj65\",\"@id\":\"https:\/\/kmkszisz.com\/#\/schema\/person\/65627e728e4eb8a7da6351356bcdbbd2\"},\"headline\":\"Fot\u00f3p\u00e1ly\u00e1zat \u2013 \u201eK\u00e1rp\u00e1talja sz\u00e9ps\u00e9gei lencsev\u00e9gen 2025\u201d\",\"datePublished\":\"2025-10-06T07:23:00+00:00\",\"dateModified\":\"2025-11-11T07:26:01+00:00\",\"mainEntityOfPage\":{\"@id\":\"https:\/\/kmkszisz.com\/fotopalyazat-karpatalja-szepsegei-lencsevegen-2025\/\"},\"wordCount\":640,\"commentCount\":0,\"publisher\":{\"@id\":\"https:\/\/kmkszisz.com\/#organization\"},\"image\":{\"@id\":\"https:\/\/kmkszisz.com\/fotopalyazat-karpatalja-szepsegei-lencsevegen-2025\/#primaryimage\"},\"thumbnailUrl\":\"https:\/\/kmkszisz.com\/wp-content\/uploads\/2025\/11\/557442683_1277433007762026_2426903322960631408_n.jpg\",\"articleSection\":[\"Uncategorized\"],\"inLanguage\":\"uk\",\"potentialAction\":[{\"@type\":\"CommentAction\",\"name\":\"Comment\",\"target\":[\"https:\/\/kmkszisz.com\/fotopalyazat-karpatalja-szepsegei-lencsevegen-2025\/#respond\"]}]},{\"@type\":\"WebPage\",\"@id\":\"https:\/\/kmkszisz.com\/fotopalyazat-karpatalja-szepsegei-lencsevegen-2025\/\",\"url\":\"https:\/\/kmkszisz.com\/fotopalyazat-karpatalja-szepsegei-lencsevegen-2025\/\",\"name\":\"Fot\u00f3p\u00e1ly\u00e1zat \u2013 \u201eK\u00e1rp\u00e1talja sz\u00e9ps\u00e9gei lencsev\u00e9gen 2025\u201d - K\u00e1rp\u00e1taljai Magyar Kultur\u00e1lis Sz\u00f6vegs\u00e9g Ifj\u00fas\u00e1gi Szervezete\",\"isPartOf\":{\"@id\":\"https:\/\/kmkszisz.com\/#website\"},\"primaryImageOfPage\":{\"@id\":\"https:\/\/kmkszisz.com\/fotopalyazat-karpatalja-szepsegei-lencsevegen-2025\/#primaryimage\"},\"image\":{\"@id\":\"https:\/\/kmkszisz.com\/fotopalyazat-karpatalja-szepsegei-lencsevegen-2025\/#primaryimage\"},\"thumbnailUrl\":\"https:\/\/kmkszisz.com\/wp-content\/uploads\/2025\/11\/557442683_1277433007762026_2426903322960631408_n.jpg\",\"datePublished\":\"2025-10-06T07:23:00+00:00\",\"dateModified\":\"2025-11-11T07:26:01+00:00\",\"breadcrumb\":{\"@id\":\"https:\/\/kmkszisz.com\/fotopalyazat-karpatalja-szepsegei-lencsevegen-2025\/#breadcrumb\"},\"inLanguage\":\"uk\",\"potentialAction\":[{\"@type\":\"ReadAction\",\"target\":[\"https:\/\/kmkszisz.com\/fotopalyazat-karpatalja-szepsegei-lencsevegen-2025\/\"]}]},{\"@type\":\"ImageObject\",\"inLanguage\":\"uk\",\"@id\":\"https:\/\/kmkszisz.com\/fotopalyazat-karpatalja-szepsegei-lencsevegen-2025\/#primaryimage\",\"url\":\"https:\/\/kmkszisz.com\/wp-content\/uploads\/2025\/11\/557442683_1277433007762026_2426903322960631408_n.jpg\",\"contentUrl\":\"https:\/\/kmkszisz.com\/wp-content\/uploads\/2025\/11\/557442683_1277433007762026_2426903322960631408_n.jpg\",\"width\":1448,\"height\":2048,\"caption\":\"K\u00e1rp\u00e1talja sz\u00e9ps\u00e9gei lencsev\u00e9gen 2025\"},{\"@type\":\"BreadcrumbList\",\"@id\":\"https:\/\/kmkszisz.com\/fotopalyazat-karpatalja-szepsegei-lencsevegen-2025\/#breadcrumb\",\"itemListElement\":[{\"@type\":\"ListItem\",\"position\":1,\"name\":\"Kezd\u0151lap\",\"item\":\"https:\/\/kmkszisz.com\/\"},{\"@type\":\"ListItem\",\"position\":2,\"name\":\"Fot\u00f3p\u00e1ly\u00e1zat \u2013 \u201eK\u00e1rp\u00e1talja sz\u00e9ps\u00e9gei lencsev\u00e9gen 2025\u201d\"}]},{\"@type\":\"WebSite\",\"@id\":\"https:\/\/kmkszisz.com\/#website\",\"url\":\"https:\/\/kmkszisz.com\/\",\"name\":\"K\u00e1rp\u00e1taljai Magyar Kultur\u00e1lis Sz\u00f6vegs\u00e9g Ifj\u00fas\u00e1gi Szervezete\",\"description\":\"Ez az oldal a KMKSZISZ hivatalos weblapja.\",\"publisher\":{\"@id\":\"https:\/\/kmkszisz.com\/#organization\"},\"potentialAction\":[{\"@type\":\"SearchAction\",\"target\":{\"@type\":\"EntryPoint\",\"urlTemplate\":\"https:\/\/kmkszisz.com\/?s={search_term_string}\"},\"query-input\":{\"@type\":\"PropertyValueSpecification\",\"valueRequired\":true,\"valueName\":\"search_term_string\"}}],\"inLanguage\":\"uk\"},{\"@type\":\"Organization\",\"@id\":\"https:\/\/kmkszisz.com\/#organization\",\"name\":\"K\u00e1rp\u00e1taljai Magyar Kultur\u00e1lis Sz\u00f6vegs\u00e9g Ifj\u00fas\u00e1gi Szervezete\",\"url\":\"https:\/\/kmkszisz.com\/\",\"logo\":{\"@type\":\"ImageObject\",\"inLanguage\":\"uk\",\"@id\":\"https:\/\/kmkszisz.com\/#\/schema\/logo\/image\/\",\"url\":\"https:\/\/kmkszisz.com\/wp-content\/uploads\/2025\/03\/cropped-KMKSZ-ISZ-logo-szines-hatternelkul-1-scaled.png\",\"contentUrl\":\"https:\/\/kmkszisz.com\/wp-content\/uploads\/2025\/03\/cropped-KMKSZ-ISZ-logo-szines-hatternelkul-1-scaled.png\",\"width\":2560,\"height\":2230,\"caption\":\"K\u00e1rp\u00e1taljai Magyar Kultur\u00e1lis Sz\u00f6vegs\u00e9g Ifj\u00fas\u00e1gi Szervezete\"},\"image\":{\"@id\":\"https:\/\/kmkszisz.com\/#\/schema\/logo\/image\/\"}},{\"@type\":\"Person\",\"@id\":\"https:\/\/kmkszisz.com\/#\/schema\/person\/65627e728e4eb8a7da6351356bcdbbd2\",\"name\":\"zbocx6n7zj65\",\"image\":{\"@type\":\"ImageObject\",\"inLanguage\":\"uk\",\"@id\":\"https:\/\/kmkszisz.com\/#\/schema\/person\/image\/\",\"url\":\"https:\/\/secure.gravatar.com\/avatar\/8a15a507d04ef98009579dd2a80305aa411710be28eabbfe8b948e9a2687f6ad?s=96&d=mm&r=g\",\"contentUrl\":\"https:\/\/secure.gravatar.com\/avatar\/8a15a507d04ef98009579dd2a80305aa411710be28eabbfe8b948e9a2687f6ad?s=96&d=mm&r=g\",\"caption\":\"zbocx6n7zj65\"},\"url\":\"https:\/\/kmkszisz.com\/ua\/author\/zbocx6n7zj65\/\"}]}<\/script>\n<!-- \/ Yoast SEO plugin. -->","yoast_head_json":{"title":"Fot\u00f3p\u00e1ly\u00e1zat \u2013 \u201eK\u00e1rp\u00e1talja sz\u00e9ps\u00e9gei lencsev\u00e9gen 2025\u201d - K\u00e1rp\u00e1taljai Magyar Kultur\u00e1lis Sz\u00f6vegs\u00e9g Ifj\u00fas\u00e1gi Szervezete","robots":{"index":"index","follow":"follow","max-snippet":"max-snippet:-1","max-image-preview":"max-image-preview:large","max-video-preview":"max-video-preview:-1"},"canonical":"https:\/\/kmkszisz.com\/ua\/fotopalyazat-karpatalja-szepsegei-lencsevegen-2025\/","og_locale":"uk_UA","og_type":"article","og_title":"Fot\u00f3p\u00e1ly\u00e1zat \u2013 \u201eK\u00e1rp\u00e1talja sz\u00e9ps\u00e9gei lencsev\u00e9gen 2025\u201d - K\u00e1rp\u00e1taljai Magyar Kultur\u00e1lis Sz\u00f6vegs\u00e9g Ifj\u00fas\u00e1gi Szervezete","og_description":"A K\u00e1rp\u00e1taljai Magyar Kultur\u00e1lis Sz\u00f6vets\u00e9g Ifj\u00fas\u00e1gi Szervezete (KMKSZ ISZ) id\u00e9n is fot\u00f3p\u00e1ly\u00e1zatot hirdet, amelynek k\u00f6z\u00e9ppontj\u00e1ban K\u00e1rp\u00e1talja term\u00e9szeti sz\u00e9ps\u00e9gei, kultur\u00e1lis \u00f6r\u00f6ks\u00e9ge [&hellip;]","og_url":"https:\/\/kmkszisz.com\/ua\/fotopalyazat-karpatalja-szepsegei-lencsevegen-2025\/","og_site_name":"K\u00e1rp\u00e1taljai Magyar Kultur\u00e1lis Sz\u00f6vegs\u00e9g Ifj\u00fas\u00e1gi Szervezete","article_published_time":"2025-10-06T07:23:00+00:00","article_modified_time":"2025-11-11T07:26:01+00:00","og_image":[{"width":1448,"height":2048,"url":"https:\/\/kmkszisz.com\/wp-content\/uploads\/2025\/11\/557442683_1277433007762026_2426903322960631408_n.jpg","type":"image\/jpeg"}],"author":"zbocx6n7zj65","twitter_card":"summary_large_image","twitter_misc":{"\u041d\u0430\u043f\u0438\u0441\u0430\u043d\u043e":"zbocx6n7zj65","\u041f\u0440\u0438\u0431\u043b. \u0447\u0430\u0441 \u0447\u0438\u0442\u0430\u043d\u043d\u044f":"3 \u0445\u0432\u0438\u043b\u0438\u043d\u0438"},"schema":{"@context":"https:\/\/schema.org","@graph":[{"@type":"Article","@id":"https:\/\/kmkszisz.com\/fotopalyazat-karpatalja-szepsegei-lencsevegen-2025\/#article","isPartOf":{"@id":"https:\/\/kmkszisz.com\/fotopalyazat-karpatalja-szepsegei-lencsevegen-2025\/"},"author":{"name":"zbocx6n7zj65","@id":"https:\/\/kmkszisz.com\/#\/schema\/person\/65627e728e4eb8a7da6351356bcdbbd2"},"headline":"Fot\u00f3p\u00e1ly\u00e1zat \u2013 \u201eK\u00e1rp\u00e1talja sz\u00e9ps\u00e9gei lencsev\u00e9gen 2025\u201d","datePublished":"2025-10-06T07:23:00+00:00","dateModified":"2025-11-11T07:26:01+00:00","mainEntityOfPage":{"@id":"https:\/\/kmkszisz.com\/fotopalyazat-karpatalja-szepsegei-lencsevegen-2025\/"},"wordCount":640,"commentCount":0,"publisher":{"@id":"https:\/\/kmkszisz.com\/#organization"},"image":{"@id":"https:\/\/kmkszisz.com\/fotopalyazat-karpatalja-szepsegei-lencsevegen-2025\/#primaryimage"},"thumbnailUrl":"https:\/\/kmkszisz.com\/wp-content\/uploads\/2025\/11\/557442683_1277433007762026_2426903322960631408_n.jpg","articleSection":["Uncategorized"],"inLanguage":"uk","potentialAction":[{"@type":"CommentAction","name":"Comment","target":["https:\/\/kmkszisz.com\/fotopalyazat-karpatalja-szepsegei-lencsevegen-2025\/#respond"]}]},{"@type":"WebPage","@id":"https:\/\/kmkszisz.com\/fotopalyazat-karpatalja-szepsegei-lencsevegen-2025\/","url":"https:\/\/kmkszisz.com\/fotopalyazat-karpatalja-szepsegei-lencsevegen-2025\/","name":"Fot\u00f3p\u00e1ly\u00e1zat \u2013 \u201eK\u00e1rp\u00e1talja sz\u00e9ps\u00e9gei lencsev\u00e9gen 2025\u201d - K\u00e1rp\u00e1taljai Magyar Kultur\u00e1lis Sz\u00f6vegs\u00e9g Ifj\u00fas\u00e1gi Szervezete","isPartOf":{"@id":"https:\/\/kmkszisz.com\/#website"},"primaryImageOfPage":{"@id":"https:\/\/kmkszisz.com\/fotopalyazat-karpatalja-szepsegei-lencsevegen-2025\/#primaryimage"},"image":{"@id":"https:\/\/kmkszisz.com\/fotopalyazat-karpatalja-szepsegei-lencsevegen-2025\/#primaryimage"},"thumbnailUrl":"https:\/\/kmkszisz.com\/wp-content\/uploads\/2025\/11\/557442683_1277433007762026_2426903322960631408_n.jpg","datePublished":"2025-10-06T07:23:00+00:00","dateModified":"2025-11-11T07:26:01+00:00","breadcrumb":{"@id":"https:\/\/kmkszisz.com\/fotopalyazat-karpatalja-szepsegei-lencsevegen-2025\/#breadcrumb"},"inLanguage":"uk","potentialAction":[{"@type":"ReadAction","target":["https:\/\/kmkszisz.com\/fotopalyazat-karpatalja-szepsegei-lencsevegen-2025\/"]}]},{"@type":"ImageObject","inLanguage":"uk","@id":"https:\/\/kmkszisz.com\/fotopalyazat-karpatalja-szepsegei-lencsevegen-2025\/#primaryimage","url":"https:\/\/kmkszisz.com\/wp-content\/uploads\/2025\/11\/557442683_1277433007762026_2426903322960631408_n.jpg","contentUrl":"https:\/\/kmkszisz.com\/wp-content\/uploads\/2025\/11\/557442683_1277433007762026_2426903322960631408_n.jpg","width":1448,"height":2048,"caption":"K\u00e1rp\u00e1talja sz\u00e9ps\u00e9gei lencsev\u00e9gen 2025"},{"@type":"BreadcrumbList","@id":"https:\/\/kmkszisz.com\/fotopalyazat-karpatalja-szepsegei-lencsevegen-2025\/#breadcrumb","itemListElement":[{"@type":"ListItem","position":1,"name":"Kezd\u0151lap","item":"https:\/\/kmkszisz.com\/"},{"@type":"ListItem","position":2,"name":"Fot\u00f3p\u00e1ly\u00e1zat \u2013 \u201eK\u00e1rp\u00e1talja sz\u00e9ps\u00e9gei lencsev\u00e9gen 2025\u201d"}]},{"@type":"WebSite","@id":"https:\/\/kmkszisz.com\/#website","url":"https:\/\/kmkszisz.com\/","name":"K\u00e1rp\u00e1taljai Magyar Kultur\u00e1lis Sz\u00f6vegs\u00e9g Ifj\u00fas\u00e1gi Szervezete","description":"Ez az oldal a KMKSZISZ hivatalos weblapja.","publisher":{"@id":"https:\/\/kmkszisz.com\/#organization"},"potentialAction":[{"@type":"SearchAction","target":{"@type":"EntryPoint","urlTemplate":"https:\/\/kmkszisz.com\/?s={search_term_string}"},"query-input":{"@type":"PropertyValueSpecification","valueRequired":true,"valueName":"search_term_string"}}],"inLanguage":"uk"},{"@type":"Organization","@id":"https:\/\/kmkszisz.com\/#organization","name":"K\u00e1rp\u00e1taljai Magyar Kultur\u00e1lis Sz\u00f6vegs\u00e9g Ifj\u00fas\u00e1gi Szervezete","url":"https:\/\/kmkszisz.com\/","logo":{"@type":"ImageObject","inLanguage":"uk","@id":"https:\/\/kmkszisz.com\/#\/schema\/logo\/image\/","url":"https:\/\/kmkszisz.com\/wp-content\/uploads\/2025\/03\/cropped-KMKSZ-ISZ-logo-szines-hatternelkul-1-scaled.png","contentUrl":"https:\/\/kmkszisz.com\/wp-content\/uploads\/2025\/03\/cropped-KMKSZ-ISZ-logo-szines-hatternelkul-1-scaled.png","width":2560,"height":2230,"caption":"K\u00e1rp\u00e1taljai Magyar Kultur\u00e1lis Sz\u00f6vegs\u00e9g Ifj\u00fas\u00e1gi Szervezete"},"image":{"@id":"https:\/\/kmkszisz.com\/#\/schema\/logo\/image\/"}},{"@type":"Person","@id":"https:\/\/kmkszisz.com\/#\/schema\/person\/65627e728e4eb8a7da6351356bcdbbd2","name":"zbocx6n7zj65","image":{"@type":"ImageObject","inLanguage":"uk","@id":"https:\/\/kmkszisz.com\/#\/schema\/person\/image\/","url":"https:\/\/secure.gravatar.com\/avatar\/8a15a507d04ef98009579dd2a80305aa411710be28eabbfe8b948e9a2687f6ad?s=96&d=mm&r=g","contentUrl":"https:\/\/secure.gravatar.com\/avatar\/8a15a507d04ef98009579dd2a80305aa411710be28eabbfe8b948e9a2687f6ad?s=96&d=mm&r=g","caption":"zbocx6n7zj65"},"url":"https:\/\/kmkszisz.com\/ua\/author\/zbocx6n7zj65\/"}]}},"uagb_featured_image_src":{"full":["https:\/\/kmkszisz.com\/wp-content\/uploads\/2025\/11\/557442683_1277433007762026_2426903322960631408_n.jpg",1448,2048,false],"thumbnail":["https:\/\/kmkszisz.com\/wp-content\/uploads\/2025\/11\/557442683_1277433007762026_2426903322960631408_n-150x150.jpg",150,150,true],"medium":["https:\/\/kmkszisz.com\/wp-content\/uploads\/2025\/11\/557442683_1277433007762026_2426903322960631408_n-212x300.jpg",212,300,true],"medium_large":["https:\/\/kmkszisz.com\/wp-content\/uploads\/2025\/11\/557442683_1277433007762026_2426903322960631408_n-768x1086.jpg",768,1086,true],"large":["https:\/\/kmkszisz.com\/wp-content\/uploads\/2025\/11\/557442683_1277433007762026_2426903322960631408_n-724x1024.jpg",724,1024,true],"1536x1536":["https:\/\/kmkszisz.com\/wp-content\/uploads\/2025\/11\/557442683_1277433007762026_2426903322960631408_n-1086x1536.jpg",1086,1536,true],"2048x2048":["https:\/\/kmkszisz.com\/wp-content\/uploads\/2025\/11\/557442683_1277433007762026_2426903322960631408_n.jpg",1448,2048,false],"trp-custom-language-flag":["https:\/\/kmkszisz.com\/wp-content\/uploads\/2025\/11\/557442683_1277433007762026_2426903322960631408_n-8x12.jpg",8,12,true]},"uagb_author_info":{"display_name":"zbocx6n7zj65","author_link":"https:\/\/kmkszisz.com\/ua\/author\/zbocx6n7zj65\/"},"uagb_comment_info":12,"uagb_excerpt":"A K\u00e1rp\u00e1taljai Magyar Kultur\u00e1lis Sz\u00f6vets\u00e9g Ifj\u00fas\u00e1gi Szervezete (KMKSZ ISZ) id\u00e9n is fot\u00f3p\u00e1ly\u00e1zatot hirdet, amelynek k\u00f6z\u00e9ppontj\u00e1ban K\u00e1rp\u00e1talja term\u00e9szeti sz\u00e9ps\u00e9gei, kultur\u00e1lis \u00f6r\u00f6ks\u00e9ge [&hellip;]","brizy_media":[],"_links":{"self":[{"href":"https:\/\/kmkszisz.com\/ua\/wp-json\/wp\/v2\/posts\/583","targetHints":{"allow":["GET"]}}],"collection":[{"href":"https:\/\/kmkszisz.com\/ua\/wp-json\/wp\/v2\/posts"}],"about":[{"href":"https:\/\/kmkszisz.com\/ua\/wp-json\/wp\/v2\/types\/post"}],"author":[{"embeddable":true,"href":"https:\/\/kmkszisz.com\/ua\/wp-json\/wp\/v2\/users\/4"}],"replies":[{"embeddable":true,"href":"https:\/\/kmkszisz.com\/ua\/wp-json\/wp\/v2\/comments?post=583"}],"version-history":[{"count":1,"href":"https:\/\/kmkszisz.com\/ua\/wp-json\/wp\/v2\/posts\/583\/revisions"}],"predecessor-version":[{"id":585,"href":"https:\/\/kmkszisz.com\/ua\/wp-json\/wp\/v2\/posts\/583\/revisions\/585"}],"wp:featuredmedia":[{"embeddable":true,"href":"https:\/\/kmkszisz.com\/ua\/wp-json\/wp\/v2\/media\/584"}],"wp:attachment":[{"href":"https:\/\/kmkszisz.com\/ua\/wp-json\/wp\/v2\/media?parent=583"}],"wp:term":[{"taxonomy":"category","embeddable":true,"href":"https:\/\/kmkszisz.com\/ua\/wp-json\/wp\/v2\/categories?post=583"},{"taxonomy":"post_tag","embeddable":true,"href":"https:\/\/kmkszisz.com\/ua\/wp-json\/wp\/v2\/tags?post=583"}],"curies":[{"name":"wp","href":"https:\/\/api.w.org\/{rel}","templated":true}]}}