{"id":588,"date":"2025-11-11T07:35:55","date_gmt":"2025-11-11T07:35:55","guid":{"rendered":"https:\/\/kmkszisz.com\/?p=588"},"modified":"2025-11-11T07:35:59","modified_gmt":"2025-11-11T07:35:59","slug":"hamarosan-ujra-karacsony-karpataljaert","status":"publish","type":"post","link":"https:\/\/kmkszisz.com\/ua\/hamarosan-ujra-karacsony-karpataljaert\/","title":{"rendered":"Hamarosan \u00fajra \u2013 Kar\u00e1csony K\u00e1rp\u00e1talj\u00e1\u00e9rt!"},"content":{"rendered":"<p>Decemberben ism\u00e9t megtelik szeretettel \u00e9s \u00f6sszetartoz\u00e1ssal a budapesti V\u00e1rosligeti fasor:<br><strong>2025. december 13-\u00e1n, 19:00 \u00f3r\u00e1t\u00f3l<\/strong> ker\u00fcl sor a <strong>\u201eKar\u00e1csony K\u00e1rp\u00e1talj\u00e1\u00e9rt\u201d j\u00f3t\u00e9konys\u00e1gi g\u00e1laestre<\/strong>,<br>amelynek c\u00e9lja, hogy <strong>t\u00e1mogat\u00e1st \u00e9s rem\u00e9nyt vigyen a K\u00e1rp\u00e1talj\u00e1n \u00e9l\u0151 k\u00f6z\u00f6ss\u00e9geknek<\/strong> az \u00fcnnep idej\u00e9n.<\/p>\n\n\n\n<p>\ud83d\udccd <strong>Helysz\u00edn:<\/strong> 1068 Budapest, V\u00e1rosligeti fasor 44.<\/p>\n\n\n\n<p>A g\u00e1laestet <strong>a Magyar Civil H\u00e1l\u00f3, a KMKSZ Ifj\u00fas\u00e1gi Szervezete \u00e9s a Bethlen G\u00e1bor Alap\u00edtv\u00e1ny<\/strong> szervezi.<br>A rendezv\u00e9ny a kar\u00e1csonyi id\u0151szak egyik legfontosabb j\u00f3t\u00e9konys\u00e1gi esem\u00e9ny\u00e9v\u00e9 v\u00e1lt az elm\u00falt \u00e9vekben,<br>ahol a kult\u00fara, a hit \u00e9s a k\u00f6z\u00f6ss\u00e9g ereje fon\u00f3dik \u00f6ssze egy k\u00f6z\u00f6s c\u00e9l\u00e9rt.<\/p>\n\n\n\n<p>Az esten m\u0171v\u00e9szek, k\u00f6z\u00e9leti szem\u00e9lyis\u00e9gek \u00e9s fiatal \u00f6nk\u00e9ntesek fogtak \u00f6ssze,<br>hogy k\u00f6z\u00f6sen h\u00edvj\u00e1k fel a figyelmet a k\u00e1rp\u00e1taljai magyar k\u00f6z\u00f6ss\u00e9g mindennapjaira,<br>\u00e9s adom\u00e1nygy\u0171jt\u00e9ssel seg\u00edts\u00e9k azokat, akik a legnagyobb sz\u00fcks\u00e9gben \u00e9lnek.<\/p>\n\n\n\n<blockquote class=\"wp-block-quote is-layout-flow wp-block-quote-is-layout-flow\">\n<p>A <em>\u201eKar\u00e1csony K\u00e1rp\u00e1talj\u00e1\u00e9rt\u201d<\/em> nemcsak egy esem\u00e9ny \u2013<br>hanem <strong>egy jelk\u00e9pe annak, hogy a t\u00e1vols\u00e1g nem v\u00e1laszt el, ha a sz\u00edv\u00fcnk egy ir\u00e1nyba dobban.<\/strong><\/p>\n<\/blockquote>\n\n\n\n<p>A szervez\u0151k hamarosan k\u00f6zz\u00e9teszik a r\u00e9szletes programot \u00e9s ezt est menet\u00e9t.<br>Addig is:<br>\ud83d\udcc5 <strong>jegyezd fel a d\u00e1tumot \u2013 december 13., szombat este!<\/strong><br>Csatlakozz Te is ehhez a nemes kezdem\u00e9nyez\u00e9shez, \u00e9s tegy\u00fck egy\u00fctt szebb\u00e9 a kar\u00e1csonyt K\u00e1rp\u00e1talj\u00e1n! \ud83d\udcab<\/p>","protected":false},"excerpt":{"rendered":"<p>Decemberben ism\u00e9t megtelik szeretettel \u00e9s \u00f6sszetartoz\u00e1ssal a budapesti V\u00e1rosligeti fasor:2025. december 13-\u00e1n, 19:00 \u00f3r\u00e1t\u00f3l ker\u00fcl sor a \u201eKar\u00e1csony K\u00e1rp\u00e1talj\u00e1\u00e9rt\u201d j\u00f3t\u00e9konys\u00e1gi [&hellip;]<\/p>","protected":false},"author":4,"featured_media":589,"comment_status":"open","ping_status":"open","sticky":false,"template":"","format":"standard","meta":{"_uag_custom_page_level_css":"","site-sidebar-layout":"default","site-content-layout":"","ast-site-content-layout":"default","site-content-style":"default","site-sidebar-style":"default","ast-global-header-display":"","ast-banner-title-visibility":"","ast-main-header-display":"","ast-hfb-above-header-display":"","ast-hfb-below-header-display":"","ast-hfb-mobile-header-display":"","site-post-title":"","ast-breadcrumbs-content":"","ast-featured-img":"","footer-sml-layout":"","ast-disable-related-posts":"","theme-transparent-header-meta":"","adv-header-id-meta":"","stick-header-meta":"","header-above-stick-meta":"","header-main-stick-meta":"","header-below-stick-meta":"","astra-migrate-meta-layouts":"default","ast-page-background-enabled":"default","ast-page-background-meta":{"desktop":{"background-color":"var(--ast-global-color-4)","background-image":"","background-repeat":"repeat","background-position":"center center","background-size":"auto","background-attachment":"scroll","background-type":"","background-media":"","overlay-type":"","overlay-color":"","overlay-opacity":"","overlay-gradient":""},"tablet":{"background-color":"","background-image":"","background-repeat":"repeat","background-position":"center center","background-size":"auto","background-attachment":"scroll","background-type":"","background-media":"","overlay-type":"","overlay-color":"","overlay-opacity":"","overlay-gradient":""},"mobile":{"background-color":"","background-image":"","background-repeat":"repeat","background-position":"center center","background-size":"auto","background-attachment":"scroll","background-type":"","background-media":"","overlay-type":"","overlay-color":"","overlay-opacity":"","overlay-gradient":""}},"ast-content-background-meta":{"desktop":{"background-color":"var(--ast-global-color-5)","background-image":"","background-repeat":"repeat","background-position":"center center","background-size":"auto","background-attachment":"scroll","background-type":"","background-media":"","overlay-type":"","overlay-color":"","overlay-opacity":"","overlay-gradient":""},"tablet":{"background-color":"var(--ast-global-color-5)","background-image":"","background-repeat":"repeat","background-position":"center center","background-size":"auto","background-attachment":"scroll","background-type":"","background-media":"","overlay-type":"","overlay-color":"","overlay-opacity":"","overlay-gradient":""},"mobile":{"background-color":"var(--ast-global-color-5)","background-image":"","background-repeat":"repeat","background-position":"center center","background-size":"auto","background-attachment":"scroll","background-type":"","background-media":"","overlay-type":"","overlay-color":"","overlay-opacity":"","overlay-gradient":""}},"footnotes":""},"categories":[1],"tags":[],"class_list":["post-588","post","type-post","status-publish","format-standard","has-post-thumbnail","hentry","category-uncategorized"],"yoast_head":"<!-- This site is optimized with the Yoast SEO plugin v25.2 - https:\/\/yoast.com\/wordpress\/plugins\/seo\/ -->\n<title>Hamarosan \u00fajra \u2013 Kar\u00e1csony K\u00e1rp\u00e1talj\u00e1\u00e9rt! - K\u00e1rp\u00e1taljai Magyar Kultur\u00e1lis Sz\u00f6vegs\u00e9g Ifj\u00fas\u00e1gi Szervezete<\/title>\n<meta name=\"robots\" content=\"index, follow, max-snippet:-1, max-image-preview:large, max-video-preview:-1\" \/>\n<link rel=\"canonical\" href=\"https:\/\/kmkszisz.com\/ua\/hamarosan-ujra-karacsony-karpataljaert\/\" \/>\n<meta property=\"og:locale\" content=\"uk_UA\" \/>\n<meta property=\"og:type\" content=\"article\" \/>\n<meta property=\"og:title\" content=\"Hamarosan \u00fajra \u2013 Kar\u00e1csony K\u00e1rp\u00e1talj\u00e1\u00e9rt! - K\u00e1rp\u00e1taljai Magyar Kultur\u00e1lis Sz\u00f6vegs\u00e9g Ifj\u00fas\u00e1gi Szervezete\" \/>\n<meta property=\"og:description\" content=\"Decemberben ism\u00e9t megtelik szeretettel \u00e9s \u00f6sszetartoz\u00e1ssal a budapesti V\u00e1rosligeti fasor:2025. december 13-\u00e1n, 19:00 \u00f3r\u00e1t\u00f3l ker\u00fcl sor a \u201eKar\u00e1csony K\u00e1rp\u00e1talj\u00e1\u00e9rt\u201d j\u00f3t\u00e9konys\u00e1gi [&hellip;]\" \/>\n<meta property=\"og:url\" content=\"https:\/\/kmkszisz.com\/ua\/hamarosan-ujra-karacsony-karpataljaert\/\" \/>\n<meta property=\"og:site_name\" content=\"K\u00e1rp\u00e1taljai Magyar Kultur\u00e1lis Sz\u00f6vegs\u00e9g Ifj\u00fas\u00e1gi Szervezete\" \/>\n<meta property=\"article:published_time\" content=\"2025-11-11T07:35:55+00:00\" \/>\n<meta property=\"article:modified_time\" content=\"2025-11-11T07:35:59+00:00\" \/>\n<meta property=\"og:image\" content=\"https:\/\/kmkszisz.com\/wp-content\/uploads\/2025\/11\/575094638_1303980981773895_1940006619313605633_n.jpg\" \/>\n\t<meta property=\"og:image:width\" content=\"1920\" \/>\n\t<meta property=\"og:image:height\" content=\"1080\" \/>\n\t<meta property=\"og:image:type\" content=\"image\/jpeg\" \/>\n<meta name=\"author\" content=\"zbocx6n7zj65\" \/>\n<meta name=\"twitter:card\" content=\"summary_large_image\" \/>\n<meta name=\"twitter:label1\" content=\"\u041d\u0430\u043f\u0438\u0441\u0430\u043d\u043e\" \/>\n\t<meta name=\"twitter:data1\" content=\"zbocx6n7zj65\" \/>\n\t<meta name=\"twitter:label2\" content=\"\u041f\u0440\u0438\u0431\u043b. \u0447\u0430\u0441 \u0447\u0438\u0442\u0430\u043d\u043d\u044f\" \/>\n\t<meta name=\"twitter:data2\" content=\"2 \u0445\u0432\u0438\u043b\u0438\u043d\u0438\" \/>\n<script type=\"application\/ld+json\" class=\"yoast-schema-graph\">{\"@context\":\"https:\/\/schema.org\",\"@graph\":[{\"@type\":\"Article\",\"@id\":\"https:\/\/kmkszisz.com\/hamarosan-ujra-karacsony-karpataljaert\/#article\",\"isPartOf\":{\"@id\":\"https:\/\/kmkszisz.com\/hamarosan-ujra-karacsony-karpataljaert\/\"},\"author\":{\"name\":\"zbocx6n7zj65\",\"@id\":\"https:\/\/kmkszisz.com\/#\/schema\/person\/65627e728e4eb8a7da6351356bcdbbd2\"},\"headline\":\"Hamarosan \u00fajra \u2013 Kar\u00e1csony K\u00e1rp\u00e1talj\u00e1\u00e9rt!\",\"datePublished\":\"2025-11-11T07:35:55+00:00\",\"dateModified\":\"2025-11-11T07:35:59+00:00\",\"mainEntityOfPage\":{\"@id\":\"https:\/\/kmkszisz.com\/hamarosan-ujra-karacsony-karpataljaert\/\"},\"wordCount\":278,\"commentCount\":0,\"publisher\":{\"@id\":\"https:\/\/kmkszisz.com\/#organization\"},\"image\":{\"@id\":\"https:\/\/kmkszisz.com\/hamarosan-ujra-karacsony-karpataljaert\/#primaryimage\"},\"thumbnailUrl\":\"https:\/\/kmkszisz.com\/wp-content\/uploads\/2025\/11\/575094638_1303980981773895_1940006619313605633_n.jpg\",\"articleSection\":[\"Uncategorized\"],\"inLanguage\":\"uk\",\"potentialAction\":[{\"@type\":\"CommentAction\",\"name\":\"Comment\",\"target\":[\"https:\/\/kmkszisz.com\/hamarosan-ujra-karacsony-karpataljaert\/#respond\"]}]},{\"@type\":\"WebPage\",\"@id\":\"https:\/\/kmkszisz.com\/hamarosan-ujra-karacsony-karpataljaert\/\",\"url\":\"https:\/\/kmkszisz.com\/hamarosan-ujra-karacsony-karpataljaert\/\",\"name\":\"Hamarosan \u00fajra \u2013 Kar\u00e1csony K\u00e1rp\u00e1talj\u00e1\u00e9rt! - K\u00e1rp\u00e1taljai Magyar Kultur\u00e1lis Sz\u00f6vegs\u00e9g Ifj\u00fas\u00e1gi Szervezete\",\"isPartOf\":{\"@id\":\"https:\/\/kmkszisz.com\/#website\"},\"primaryImageOfPage\":{\"@id\":\"https:\/\/kmkszisz.com\/hamarosan-ujra-karacsony-karpataljaert\/#primaryimage\"},\"image\":{\"@id\":\"https:\/\/kmkszisz.com\/hamarosan-ujra-karacsony-karpataljaert\/#primaryimage\"},\"thumbnailUrl\":\"https:\/\/kmkszisz.com\/wp-content\/uploads\/2025\/11\/575094638_1303980981773895_1940006619313605633_n.jpg\",\"datePublished\":\"2025-11-11T07:35:55+00:00\",\"dateModified\":\"2025-11-11T07:35:59+00:00\",\"breadcrumb\":{\"@id\":\"https:\/\/kmkszisz.com\/hamarosan-ujra-karacsony-karpataljaert\/#breadcrumb\"},\"inLanguage\":\"uk\",\"potentialAction\":[{\"@type\":\"ReadAction\",\"target\":[\"https:\/\/kmkszisz.com\/hamarosan-ujra-karacsony-karpataljaert\/\"]}]},{\"@type\":\"ImageObject\",\"inLanguage\":\"uk\",\"@id\":\"https:\/\/kmkszisz.com\/hamarosan-ujra-karacsony-karpataljaert\/#primaryimage\",\"url\":\"https:\/\/kmkszisz.com\/wp-content\/uploads\/2025\/11\/575094638_1303980981773895_1940006619313605633_n.jpg\",\"contentUrl\":\"https:\/\/kmkszisz.com\/wp-content\/uploads\/2025\/11\/575094638_1303980981773895_1940006619313605633_n.jpg\",\"width\":1920,\"height\":1080,\"caption\":\"Kar\u00e1csony K\u00e1rp\u00e1talj\u00e1\u00e9rt 2025\"},{\"@type\":\"BreadcrumbList\",\"@id\":\"https:\/\/kmkszisz.com\/hamarosan-ujra-karacsony-karpataljaert\/#breadcrumb\",\"itemListElement\":[{\"@type\":\"ListItem\",\"position\":1,\"name\":\"Kezd\u0151lap\",\"item\":\"https:\/\/kmkszisz.com\/\"},{\"@type\":\"ListItem\",\"position\":2,\"name\":\"Hamarosan \u00fajra \u2013 Kar\u00e1csony K\u00e1rp\u00e1talj\u00e1\u00e9rt!\"}]},{\"@type\":\"WebSite\",\"@id\":\"https:\/\/kmkszisz.com\/#website\",\"url\":\"https:\/\/kmkszisz.com\/\",\"name\":\"K\u00e1rp\u00e1taljai Magyar Kultur\u00e1lis Sz\u00f6vegs\u00e9g Ifj\u00fas\u00e1gi Szervezete\",\"description\":\"Ez az oldal a KMKSZISZ hivatalos weblapja.\",\"publisher\":{\"@id\":\"https:\/\/kmkszisz.com\/#organization\"},\"potentialAction\":[{\"@type\":\"SearchAction\",\"target\":{\"@type\":\"EntryPoint\",\"urlTemplate\":\"https:\/\/kmkszisz.com\/?s={search_term_string}\"},\"query-input\":{\"@type\":\"PropertyValueSpecification\",\"valueRequired\":true,\"valueName\":\"search_term_string\"}}],\"inLanguage\":\"uk\"},{\"@type\":\"Organization\",\"@id\":\"https:\/\/kmkszisz.com\/#organization\",\"name\":\"K\u00e1rp\u00e1taljai Magyar Kultur\u00e1lis Sz\u00f6vegs\u00e9g Ifj\u00fas\u00e1gi Szervezete\",\"url\":\"https:\/\/kmkszisz.com\/\",\"logo\":{\"@type\":\"ImageObject\",\"inLanguage\":\"uk\",\"@id\":\"https:\/\/kmkszisz.com\/#\/schema\/logo\/image\/\",\"url\":\"https:\/\/kmkszisz.com\/wp-content\/uploads\/2025\/03\/cropped-KMKSZ-ISZ-logo-szines-hatternelkul-1-scaled.png\",\"contentUrl\":\"https:\/\/kmkszisz.com\/wp-content\/uploads\/2025\/03\/cropped-KMKSZ-ISZ-logo-szines-hatternelkul-1-scaled.png\",\"width\":2560,\"height\":2230,\"caption\":\"K\u00e1rp\u00e1taljai Magyar Kultur\u00e1lis Sz\u00f6vegs\u00e9g Ifj\u00fas\u00e1gi Szervezete\"},\"image\":{\"@id\":\"https:\/\/kmkszisz.com\/#\/schema\/logo\/image\/\"}},{\"@type\":\"Person\",\"@id\":\"https:\/\/kmkszisz.com\/#\/schema\/person\/65627e728e4eb8a7da6351356bcdbbd2\",\"name\":\"zbocx6n7zj65\",\"image\":{\"@type\":\"ImageObject\",\"inLanguage\":\"uk\",\"@id\":\"https:\/\/kmkszisz.com\/#\/schema\/person\/image\/\",\"url\":\"https:\/\/secure.gravatar.com\/avatar\/8a15a507d04ef98009579dd2a80305aa411710be28eabbfe8b948e9a2687f6ad?s=96&d=mm&r=g\",\"contentUrl\":\"https:\/\/secure.gravatar.com\/avatar\/8a15a507d04ef98009579dd2a80305aa411710be28eabbfe8b948e9a2687f6ad?s=96&d=mm&r=g\",\"caption\":\"zbocx6n7zj65\"},\"url\":\"https:\/\/kmkszisz.com\/ua\/author\/zbocx6n7zj65\/\"}]}<\/script>\n<!-- \/ Yoast SEO plugin. -->","yoast_head_json":{"title":"Hamarosan \u00fajra \u2013 Kar\u00e1csony K\u00e1rp\u00e1talj\u00e1\u00e9rt! - K\u00e1rp\u00e1taljai Magyar Kultur\u00e1lis Sz\u00f6vegs\u00e9g Ifj\u00fas\u00e1gi Szervezete","robots":{"index":"index","follow":"follow","max-snippet":"max-snippet:-1","max-image-preview":"max-image-preview:large","max-video-preview":"max-video-preview:-1"},"canonical":"https:\/\/kmkszisz.com\/ua\/hamarosan-ujra-karacsony-karpataljaert\/","og_locale":"uk_UA","og_type":"article","og_title":"Hamarosan \u00fajra \u2013 Kar\u00e1csony K\u00e1rp\u00e1talj\u00e1\u00e9rt! - K\u00e1rp\u00e1taljai Magyar Kultur\u00e1lis Sz\u00f6vegs\u00e9g Ifj\u00fas\u00e1gi Szervezete","og_description":"Decemberben ism\u00e9t megtelik szeretettel \u00e9s \u00f6sszetartoz\u00e1ssal a budapesti V\u00e1rosligeti fasor:2025. december 13-\u00e1n, 19:00 \u00f3r\u00e1t\u00f3l ker\u00fcl sor a \u201eKar\u00e1csony K\u00e1rp\u00e1talj\u00e1\u00e9rt\u201d j\u00f3t\u00e9konys\u00e1gi [&hellip;]","og_url":"https:\/\/kmkszisz.com\/ua\/hamarosan-ujra-karacsony-karpataljaert\/","og_site_name":"K\u00e1rp\u00e1taljai Magyar Kultur\u00e1lis Sz\u00f6vegs\u00e9g Ifj\u00fas\u00e1gi Szervezete","article_published_time":"2025-11-11T07:35:55+00:00","article_modified_time":"2025-11-11T07:35:59+00:00","og_image":[{"width":1920,"height":1080,"url":"https:\/\/kmkszisz.com\/wp-content\/uploads\/2025\/11\/575094638_1303980981773895_1940006619313605633_n.jpg","type":"image\/jpeg"}],"author":"zbocx6n7zj65","twitter_card":"summary_large_image","twitter_misc":{"\u041d\u0430\u043f\u0438\u0441\u0430\u043d\u043e":"zbocx6n7zj65","\u041f\u0440\u0438\u0431\u043b. \u0447\u0430\u0441 \u0447\u0438\u0442\u0430\u043d\u043d\u044f":"2 \u0445\u0432\u0438\u043b\u0438\u043d\u0438"},"schema":{"@context":"https:\/\/schema.org","@graph":[{"@type":"Article","@id":"https:\/\/kmkszisz.com\/hamarosan-ujra-karacsony-karpataljaert\/#article","isPartOf":{"@id":"https:\/\/kmkszisz.com\/hamarosan-ujra-karacsony-karpataljaert\/"},"author":{"name":"zbocx6n7zj65","@id":"https:\/\/kmkszisz.com\/#\/schema\/person\/65627e728e4eb8a7da6351356bcdbbd2"},"headline":"Hamarosan \u00fajra \u2013 Kar\u00e1csony K\u00e1rp\u00e1talj\u00e1\u00e9rt!","datePublished":"2025-11-11T07:35:55+00:00","dateModified":"2025-11-11T07:35:59+00:00","mainEntityOfPage":{"@id":"https:\/\/kmkszisz.com\/hamarosan-ujra-karacsony-karpataljaert\/"},"wordCount":278,"commentCount":0,"publisher":{"@id":"https:\/\/kmkszisz.com\/#organization"},"image":{"@id":"https:\/\/kmkszisz.com\/hamarosan-ujra-karacsony-karpataljaert\/#primaryimage"},"thumbnailUrl":"https:\/\/kmkszisz.com\/wp-content\/uploads\/2025\/11\/575094638_1303980981773895_1940006619313605633_n.jpg","articleSection":["Uncategorized"],"inLanguage":"uk","potentialAction":[{"@type":"CommentAction","name":"Comment","target":["https:\/\/kmkszisz.com\/hamarosan-ujra-karacsony-karpataljaert\/#respond"]}]},{"@type":"WebPage","@id":"https:\/\/kmkszisz.com\/hamarosan-ujra-karacsony-karpataljaert\/","url":"https:\/\/kmkszisz.com\/hamarosan-ujra-karacsony-karpataljaert\/","name":"Hamarosan \u00fajra \u2013 Kar\u00e1csony K\u00e1rp\u00e1talj\u00e1\u00e9rt! - K\u00e1rp\u00e1taljai Magyar Kultur\u00e1lis Sz\u00f6vegs\u00e9g Ifj\u00fas\u00e1gi Szervezete","isPartOf":{"@id":"https:\/\/kmkszisz.com\/#website"},"primaryImageOfPage":{"@id":"https:\/\/kmkszisz.com\/hamarosan-ujra-karacsony-karpataljaert\/#primaryimage"},"image":{"@id":"https:\/\/kmkszisz.com\/hamarosan-ujra-karacsony-karpataljaert\/#primaryimage"},"thumbnailUrl":"https:\/\/kmkszisz.com\/wp-content\/uploads\/2025\/11\/575094638_1303980981773895_1940006619313605633_n.jpg","datePublished":"2025-11-11T07:35:55+00:00","dateModified":"2025-11-11T07:35:59+00:00","breadcrumb":{"@id":"https:\/\/kmkszisz.com\/hamarosan-ujra-karacsony-karpataljaert\/#breadcrumb"},"inLanguage":"uk","potentialAction":[{"@type":"ReadAction","target":["https:\/\/kmkszisz.com\/hamarosan-ujra-karacsony-karpataljaert\/"]}]},{"@type":"ImageObject","inLanguage":"uk","@id":"https:\/\/kmkszisz.com\/hamarosan-ujra-karacsony-karpataljaert\/#primaryimage","url":"https:\/\/kmkszisz.com\/wp-content\/uploads\/2025\/11\/575094638_1303980981773895_1940006619313605633_n.jpg","contentUrl":"https:\/\/kmkszisz.com\/wp-content\/uploads\/2025\/11\/575094638_1303980981773895_1940006619313605633_n.jpg","width":1920,"height":1080,"caption":"Kar\u00e1csony K\u00e1rp\u00e1talj\u00e1\u00e9rt 2025"},{"@type":"BreadcrumbList","@id":"https:\/\/kmkszisz.com\/hamarosan-ujra-karacsony-karpataljaert\/#breadcrumb","itemListElement":[{"@type":"ListItem","position":1,"name":"Kezd\u0151lap","item":"https:\/\/kmkszisz.com\/"},{"@type":"ListItem","position":2,"name":"Hamarosan \u00fajra \u2013 Kar\u00e1csony K\u00e1rp\u00e1talj\u00e1\u00e9rt!"}]},{"@type":"WebSite","@id":"https:\/\/kmkszisz.com\/#website","url":"https:\/\/kmkszisz.com\/","name":"K\u00e1rp\u00e1taljai Magyar Kultur\u00e1lis Sz\u00f6vegs\u00e9g Ifj\u00fas\u00e1gi Szervezete","description":"Ez az oldal a KMKSZISZ hivatalos weblapja.","publisher":{"@id":"https:\/\/kmkszisz.com\/#organization"},"potentialAction":[{"@type":"SearchAction","target":{"@type":"EntryPoint","urlTemplate":"https:\/\/kmkszisz.com\/?s={search_term_string}"},"query-input":{"@type":"PropertyValueSpecification","valueRequired":true,"valueName":"search_term_string"}}],"inLanguage":"uk"},{"@type":"Organization","@id":"https:\/\/kmkszisz.com\/#organization","name":"K\u00e1rp\u00e1taljai Magyar Kultur\u00e1lis Sz\u00f6vegs\u00e9g Ifj\u00fas\u00e1gi Szervezete","url":"https:\/\/kmkszisz.com\/","logo":{"@type":"ImageObject","inLanguage":"uk","@id":"https:\/\/kmkszisz.com\/#\/schema\/logo\/image\/","url":"https:\/\/kmkszisz.com\/wp-content\/uploads\/2025\/03\/cropped-KMKSZ-ISZ-logo-szines-hatternelkul-1-scaled.png","contentUrl":"https:\/\/kmkszisz.com\/wp-content\/uploads\/2025\/03\/cropped-KMKSZ-ISZ-logo-szines-hatternelkul-1-scaled.png","width":2560,"height":2230,"caption":"K\u00e1rp\u00e1taljai Magyar Kultur\u00e1lis Sz\u00f6vegs\u00e9g Ifj\u00fas\u00e1gi Szervezete"},"image":{"@id":"https:\/\/kmkszisz.com\/#\/schema\/logo\/image\/"}},{"@type":"Person","@id":"https:\/\/kmkszisz.com\/#\/schema\/person\/65627e728e4eb8a7da6351356bcdbbd2","name":"zbocx6n7zj65","image":{"@type":"ImageObject","inLanguage":"uk","@id":"https:\/\/kmkszisz.com\/#\/schema\/person\/image\/","url":"https:\/\/secure.gravatar.com\/avatar\/8a15a507d04ef98009579dd2a80305aa411710be28eabbfe8b948e9a2687f6ad?s=96&d=mm&r=g","contentUrl":"https:\/\/secure.gravatar.com\/avatar\/8a15a507d04ef98009579dd2a80305aa411710be28eabbfe8b948e9a2687f6ad?s=96&d=mm&r=g","caption":"zbocx6n7zj65"},"url":"https:\/\/kmkszisz.com\/ua\/author\/zbocx6n7zj65\/"}]}},"uagb_featured_image_src":{"full":["https:\/\/kmkszisz.com\/wp-content\/uploads\/2025\/11\/575094638_1303980981773895_1940006619313605633_n.jpg",1920,1080,false],"thumbnail":["https:\/\/kmkszisz.com\/wp-content\/uploads\/2025\/11\/575094638_1303980981773895_1940006619313605633_n-150x150.jpg",150,150,true],"medium":["https:\/\/kmkszisz.com\/wp-content\/uploads\/2025\/11\/575094638_1303980981773895_1940006619313605633_n-300x169.jpg",300,169,true],"medium_large":["https:\/\/kmkszisz.com\/wp-content\/uploads\/2025\/11\/575094638_1303980981773895_1940006619313605633_n-768x432.jpg",768,432,true],"large":["https:\/\/kmkszisz.com\/wp-content\/uploads\/2025\/11\/575094638_1303980981773895_1940006619313605633_n-1024x576.jpg",1024,576,true],"1536x1536":["https:\/\/kmkszisz.com\/wp-content\/uploads\/2025\/11\/575094638_1303980981773895_1940006619313605633_n-1536x864.jpg",1536,864,true],"2048x2048":["https:\/\/kmkszisz.com\/wp-content\/uploads\/2025\/11\/575094638_1303980981773895_1940006619313605633_n.jpg",1920,1080,false],"trp-custom-language-flag":["https:\/\/kmkszisz.com\/wp-content\/uploads\/2025\/11\/575094638_1303980981773895_1940006619313605633_n-18x10.jpg",18,10,true]},"uagb_author_info":{"display_name":"zbocx6n7zj65","author_link":"https:\/\/kmkszisz.com\/ua\/author\/zbocx6n7zj65\/"},"uagb_comment_info":22,"uagb_excerpt":"Decemberben ism\u00e9t megtelik szeretettel \u00e9s \u00f6sszetartoz\u00e1ssal a budapesti V\u00e1rosligeti fasor:2025. december 13-\u00e1n, 19:00 \u00f3r\u00e1t\u00f3l ker\u00fcl sor a \u201eKar\u00e1csony K\u00e1rp\u00e1talj\u00e1\u00e9rt\u201d j\u00f3t\u00e9konys\u00e1gi [&hellip;]","brizy_media":[],"_links":{"self":[{"href":"https:\/\/kmkszisz.com\/ua\/wp-json\/wp\/v2\/posts\/588","targetHints":{"allow":["GET"]}}],"collection":[{"href":"https:\/\/kmkszisz.com\/ua\/wp-json\/wp\/v2\/posts"}],"about":[{"href":"https:\/\/kmkszisz.com\/ua\/wp-json\/wp\/v2\/types\/post"}],"author":[{"embeddable":true,"href":"https:\/\/kmkszisz.com\/ua\/wp-json\/wp\/v2\/users\/4"}],"replies":[{"embeddable":true,"href":"https:\/\/kmkszisz.com\/ua\/wp-json\/wp\/v2\/comments?post=588"}],"version-history":[{"count":1,"href":"https:\/\/kmkszisz.com\/ua\/wp-json\/wp\/v2\/posts\/588\/revisions"}],"predecessor-version":[{"id":590,"href":"https:\/\/kmkszisz.com\/ua\/wp-json\/wp\/v2\/posts\/588\/revisions\/590"}],"wp:featuredmedia":[{"embeddable":true,"href":"https:\/\/kmkszisz.com\/ua\/wp-json\/wp\/v2\/media\/589"}],"wp:attachment":[{"href":"https:\/\/kmkszisz.com\/ua\/wp-json\/wp\/v2\/media?parent=588"}],"wp:term":[{"taxonomy":"category","embeddable":true,"href":"https:\/\/kmkszisz.com\/ua\/wp-json\/wp\/v2\/categories?post=588"},{"taxonomy":"post_tag","embeddable":true,"href":"https:\/\/kmkszisz.com\/ua\/wp-json\/wp\/v2\/tags?post=588"}],"curies":[{"name":"wp","href":"https:\/\/api.w.org\/{rel}","templated":true}]}}