{"id":622,"date":"2026-01-22T11:03:27","date_gmt":"2026-01-22T11:03:27","guid":{"rendered":"https:\/\/kmkszisz.com\/?p=622"},"modified":"2026-03-16T11:05:53","modified_gmt":"2026-03-16T11:05:53","slug":"nyelvunk-kulturank-es-kozos-oroksegunk-osszekot-bennunket","status":"publish","type":"post","link":"https:\/\/kmkszisz.com\/ua\/nyelvunk-kulturank-es-kozos-oroksegunk-osszekot-bennunket\/","title":{"rendered":"Nyelv\u00fcnk, kult\u00far\u00e1nk \u00e9s k\u00f6z\u00f6s \u00f6r\u00f6ks\u00e9g\u00fcnk \u00f6sszek\u00f6t benn\u00fcnket"},"content":{"rendered":"<p><strong>Minden \u00e9v janu\u00e1r 22-e kiemelt \u00fcnnep a magyars\u00e1g napt\u00e1r\u00e1ban. Ezen a napon \u00fcnnepelj\u00fck a Magyar Kult\u00fara Napj\u00e1t, fejet hajtva nemzeti identit\u00e1sunk alapk\u00f6vei, ezer\u00e9ves m\u00faltunk \u00e9s p\u00e1ratlan szellemi \u00f6r\u00f6ks\u00e9g\u00fcnk el\u0151tt.<\/strong><\/p>\n\n\n\n<p>Ezen a napon eml\u00e9kez\u00fcnk meg arr\u00f3l a t\u00f6rt\u00e9nelmi pillanatr\u00f3l, amikor 1823. janu\u00e1r 22-\u00e9n K\u00f6lcsey Ferenc letiszt\u00e1zta \u00e9s v\u00e9gleges\u00edtette nemzeti im\u00e1nk, a <em>Himnusz<\/em> k\u00e9zirat\u00e1t. Szatm\u00e1rcsek\u00e9n, a t\u00e9li mag\u00e1nyban sz\u00fcletett meg az a k\u00f6ltem\u00e9ny, amely az\u00f3ta is a magyars\u00e1g k\u00f6z\u00f6s sz\u00edvdobban\u00e1sa. Nem csup\u00e1n egy vers, nem puszt\u00e1n egy dallam: a Himnuszban benne rejlik nemzet\u00fcnk minden k\u00fczdelme, f\u00e1jdalma \u00e9s a j\u00f6v\u0151be vetett megingathatatlan, megtart\u00f3 hite.<\/p>\n\n\n\n<h3 class=\"wp-block-heading\">A megmarad\u00e1sunk z\u00e1loga<\/h3>\n\n\n\n<p>A Magyar Kult\u00fara Napja ugyanakkor t\u00f6bbet jelent a Himnusz sz\u00fclet\u00e9snapj\u00e1nak meg\u00fcnnepl\u00e9s\u00e9n\u00e9l. Tisztelg\u00e9s mindazon \u00e9rt\u00e9kek el\u0151tt, amelyeket \u00edr\u00f3ink, k\u00f6lt\u0151ink, zeneszerz\u0151ink, tud\u00f3saink \u00e9s egyszer\u0171, dolgos \u0151seink hagytak r\u00e1nk. Tisztelg\u00e9s a csod\u00e1latos, egyed\u00fcl\u00e1ll\u00f3 \u00e9s kifejez\u0151 magyar anyanyelv\u00fcnk el\u0151tt.<\/p>\n\n\n\n<p>Sz\u00e1munkra, k\u00e1rp\u00e1taljai magyarok sz\u00e1m\u00e1ra ennek az \u00fcnnepnek k\u00fcl\u00f6n\u00f6sen m\u00e9ly, mondhatni sorsd\u00f6nt\u0151 \u00fczenete van. Egy kisebbs\u00e9gben \u00e9l\u0151 k\u00f6z\u00f6ss\u00e9g \u00e9let\u00e9ben a kult\u00fara nem csup\u00e1n \u00fcnnepi d\u00edsz a h\u00e9tk\u00f6znapok ruh\u00e1j\u00e1n, hanem a megmarad\u00e1s legf\u0151bb eszk\u00f6ze \u00e9s legbiztosabb pajzsa. A sz\u00fcl\u0151f\u00f6ld\u00f6n val\u00f3 boldogul\u00e1s, a k\u00f6z\u00f6ss\u00e9g\u00fcnk megtart\u00e1sa elk\u00e9pzelhetetlen e gy\u00f6kerek \u00e1pol\u00e1sa n\u00e9lk\u00fcl.<\/p>\n\n\n\n<h3 class=\"wp-block-heading\">L\u00e1thatatlan, de elszak\u00edthatatlan k\u00f6tel\u00e9k<\/h3>\n\n\n\n<p><strong>Nyelv\u00fcnk, kult\u00far\u00e1nk \u00e9s k\u00f6z\u00f6s \u00f6r\u00f6ks\u00e9g\u00fcnk \u00f6sszek\u00f6t benn\u00fcnket.<\/strong> Ez az a l\u00e1thatatlan, hat\u00e1rokon \u00e1t\u00edvel\u0151 h\u00e1l\u00f3, amely egyetlen, elv\u00e1laszthatatlan nemzettestt\u00e9 kov\u00e1csolja a K\u00e1rp\u00e1t-medenc\u00e9ben \u00e9s a nagyvil\u00e1gban \u00e9l\u0151 magyars\u00e1got. B\u00e1rhol is \u00e9lj\u00fcnk, am\u00edg magyarul mes\u00e9l\u00fcnk gyermekeinknek, am\u00edg magyarul im\u00e1dkozunk, \u00e9s am\u00edg egy\u00fctt tudjuk \u00e9nekelni a Himnuszt, addig otthon vagyunk a vil\u00e1gban.<\/p>\n\n\n\n<p>A K\u00e1rp\u00e1taljai Magyar Kultur\u00e1lis Sz\u00f6vets\u00e9g (KMKSZ) ezen a jeles napon arra h\u00edvja fel minden nemzett\u00e1rsunk figyelm\u00e9t, hogy mindennapjaink neh\u00e9zs\u00e9gei \u00e9s kih\u00edv\u00e1sai k\u00f6zepette is mer\u00edts\u00fcnk er\u0151t ebb\u0151l a kimer\u00edthetetlen forr\u00e1sb\u00f3l. \u00c1poljuk, \u00f3vjuk \u00e9s adjuk tov\u00e1bb gyermekeinknek ezt a felbecs\u00fclhetetlen kincset! Mert am\u00edg van, aki ismeri nagyjaink verseit, am\u00edg \u00e9l a k\u00e1rp\u00e1taljai magyar sz\u00f3, addig van \u00e9s lesz magyar j\u00f6vend\u0151 is a K\u00e1rp\u00e1tok b\u00e9rcei alatt.<\/p>\n\n\n\n<p>Isten \u00e1ldja a magyar kult\u00far\u00e1t, Isten \u00e1ldja a magyart!<\/p>","protected":false},"excerpt":{"rendered":"<p>Minden \u00e9v janu\u00e1r 22-e kiemelt \u00fcnnep a magyars\u00e1g napt\u00e1r\u00e1ban. Ezen a napon \u00fcnnepelj\u00fck a Magyar Kult\u00fara Napj\u00e1t, fejet hajtva nemzeti [&hellip;]<\/p>","protected":false},"author":4,"featured_media":623,"comment_status":"open","ping_status":"open","sticky":false,"template":"","format":"standard","meta":{"_uag_custom_page_level_css":"","site-sidebar-layout":"default","site-content-layout":"","ast-site-content-layout":"default","site-content-style":"default","site-sidebar-style":"default","ast-global-header-display":"","ast-banner-title-visibility":"","ast-main-header-display":"","ast-hfb-above-header-display":"","ast-hfb-below-header-display":"","ast-hfb-mobile-header-display":"","site-post-title":"","ast-breadcrumbs-content":"","ast-featured-img":"","footer-sml-layout":"","ast-disable-related-posts":"","theme-transparent-header-meta":"","adv-header-id-meta":"","stick-header-meta":"","header-above-stick-meta":"","header-main-stick-meta":"","header-below-stick-meta":"","astra-migrate-meta-layouts":"default","ast-page-background-enabled":"default","ast-page-background-meta":{"desktop":{"background-color":"var(--ast-global-color-4)","background-image":"","background-repeat":"repeat","background-position":"center center","background-size":"auto","background-attachment":"scroll","background-type":"","background-media":"","overlay-type":"","overlay-color":"","overlay-opacity":"","overlay-gradient":""},"tablet":{"background-color":"","background-image":"","background-repeat":"repeat","background-position":"center center","background-size":"auto","background-attachment":"scroll","background-type":"","background-media":"","overlay-type":"","overlay-color":"","overlay-opacity":"","overlay-gradient":""},"mobile":{"background-color":"","background-image":"","background-repeat":"repeat","background-position":"center center","background-size":"auto","background-attachment":"scroll","background-type":"","background-media":"","overlay-type":"","overlay-color":"","overlay-opacity":"","overlay-gradient":""}},"ast-content-background-meta":{"desktop":{"background-color":"var(--ast-global-color-5)","background-image":"","background-repeat":"repeat","background-position":"center center","background-size":"auto","background-attachment":"scroll","background-type":"","background-media":"","overlay-type":"","overlay-color":"","overlay-opacity":"","overlay-gradient":""},"tablet":{"background-color":"var(--ast-global-color-5)","background-image":"","background-repeat":"repeat","background-position":"center center","background-size":"auto","background-attachment":"scroll","background-type":"","background-media":"","overlay-type":"","overlay-color":"","overlay-opacity":"","overlay-gradient":""},"mobile":{"background-color":"var(--ast-global-color-5)","background-image":"","background-repeat":"repeat","background-position":"center center","background-size":"auto","background-attachment":"scroll","background-type":"","background-media":"","overlay-type":"","overlay-color":"","overlay-opacity":"","overlay-gradient":""}},"footnotes":""},"categories":[1],"tags":[],"class_list":["post-622","post","type-post","status-publish","format-standard","has-post-thumbnail","hentry","category-uncategorized"],"yoast_head":"<!-- This site is optimized with the Yoast SEO plugin v25.2 - https:\/\/yoast.com\/wordpress\/plugins\/seo\/ -->\n<title>Nyelv\u00fcnk, kult\u00far\u00e1nk \u00e9s k\u00f6z\u00f6s \u00f6r\u00f6ks\u00e9g\u00fcnk \u00f6sszek\u00f6t benn\u00fcnket - K\u00e1rp\u00e1taljai Magyar Kultur\u00e1lis Sz\u00f6vegs\u00e9g Ifj\u00fas\u00e1gi Szervezete<\/title>\n<meta name=\"robots\" content=\"index, follow, max-snippet:-1, max-image-preview:large, max-video-preview:-1\" \/>\n<link rel=\"canonical\" href=\"https:\/\/kmkszisz.com\/ua\/nyelvunk-kulturank-es-kozos-oroksegunk-osszekot-bennunket\/\" \/>\n<meta property=\"og:locale\" content=\"uk_UA\" \/>\n<meta property=\"og:type\" content=\"article\" \/>\n<meta property=\"og:title\" content=\"Nyelv\u00fcnk, kult\u00far\u00e1nk \u00e9s k\u00f6z\u00f6s \u00f6r\u00f6ks\u00e9g\u00fcnk \u00f6sszek\u00f6t benn\u00fcnket - K\u00e1rp\u00e1taljai Magyar Kultur\u00e1lis Sz\u00f6vegs\u00e9g Ifj\u00fas\u00e1gi Szervezete\" \/>\n<meta property=\"og:description\" content=\"Minden \u00e9v janu\u00e1r 22-e kiemelt \u00fcnnep a magyars\u00e1g napt\u00e1r\u00e1ban. Ezen a napon \u00fcnnepelj\u00fck a Magyar Kult\u00fara Napj\u00e1t, fejet hajtva nemzeti [&hellip;]\" \/>\n<meta property=\"og:url\" content=\"https:\/\/kmkszisz.com\/ua\/nyelvunk-kulturank-es-kozos-oroksegunk-osszekot-bennunket\/\" \/>\n<meta property=\"og:site_name\" content=\"K\u00e1rp\u00e1taljai Magyar Kultur\u00e1lis Sz\u00f6vegs\u00e9g Ifj\u00fas\u00e1gi Szervezete\" \/>\n<meta property=\"article:published_time\" content=\"2026-01-22T11:03:27+00:00\" \/>\n<meta property=\"article:modified_time\" content=\"2026-03-16T11:05:53+00:00\" \/>\n<meta property=\"og:image\" content=\"https:\/\/kmkszisz.com\/wp-content\/uploads\/2026\/03\/619892804_1368263612012298_8520844909413008495_n.jpg\" \/>\n\t<meta property=\"og:image:width\" content=\"600\" \/>\n\t<meta property=\"og:image:height\" content=\"400\" \/>\n\t<meta property=\"og:image:type\" content=\"image\/jpeg\" \/>\n<meta name=\"author\" content=\"zbocx6n7zj65\" \/>\n<meta name=\"twitter:card\" content=\"summary_large_image\" \/>\n<meta name=\"twitter:label1\" content=\"\u041d\u0430\u043f\u0438\u0441\u0430\u043d\u043e\" \/>\n\t<meta name=\"twitter:data1\" content=\"zbocx6n7zj65\" \/>\n\t<meta name=\"twitter:label2\" content=\"\u041f\u0440\u0438\u0431\u043b. \u0447\u0430\u0441 \u0447\u0438\u0442\u0430\u043d\u043d\u044f\" \/>\n\t<meta name=\"twitter:data2\" content=\"2 \u0445\u0432\u0438\u043b\u0438\u043d\u0438\" \/>\n<script type=\"application\/ld+json\" class=\"yoast-schema-graph\">{\"@context\":\"https:\/\/schema.org\",\"@graph\":[{\"@type\":\"Article\",\"@id\":\"https:\/\/kmkszisz.com\/nyelvunk-kulturank-es-kozos-oroksegunk-osszekot-bennunket\/#article\",\"isPartOf\":{\"@id\":\"https:\/\/kmkszisz.com\/nyelvunk-kulturank-es-kozos-oroksegunk-osszekot-bennunket\/\"},\"author\":{\"name\":\"zbocx6n7zj65\",\"@id\":\"https:\/\/kmkszisz.com\/#\/schema\/person\/65627e728e4eb8a7da6351356bcdbbd2\"},\"headline\":\"Nyelv\u00fcnk, kult\u00far\u00e1nk \u00e9s k\u00f6z\u00f6s \u00f6r\u00f6ks\u00e9g\u00fcnk \u00f6sszek\u00f6t benn\u00fcnket\",\"datePublished\":\"2026-01-22T11:03:27+00:00\",\"dateModified\":\"2026-03-16T11:05:53+00:00\",\"mainEntityOfPage\":{\"@id\":\"https:\/\/kmkszisz.com\/nyelvunk-kulturank-es-kozos-oroksegunk-osszekot-bennunket\/\"},\"wordCount\":500,\"commentCount\":0,\"publisher\":{\"@id\":\"https:\/\/kmkszisz.com\/#organization\"},\"image\":{\"@id\":\"https:\/\/kmkszisz.com\/nyelvunk-kulturank-es-kozos-oroksegunk-osszekot-bennunket\/#primaryimage\"},\"thumbnailUrl\":\"https:\/\/kmkszisz.com\/wp-content\/uploads\/2026\/03\/619892804_1368263612012298_8520844909413008495_n.jpg\",\"articleSection\":[\"Uncategorized\"],\"inLanguage\":\"uk\",\"potentialAction\":[{\"@type\":\"CommentAction\",\"name\":\"Comment\",\"target\":[\"https:\/\/kmkszisz.com\/nyelvunk-kulturank-es-kozos-oroksegunk-osszekot-bennunket\/#respond\"]}]},{\"@type\":\"WebPage\",\"@id\":\"https:\/\/kmkszisz.com\/nyelvunk-kulturank-es-kozos-oroksegunk-osszekot-bennunket\/\",\"url\":\"https:\/\/kmkszisz.com\/nyelvunk-kulturank-es-kozos-oroksegunk-osszekot-bennunket\/\",\"name\":\"Nyelv\u00fcnk, kult\u00far\u00e1nk \u00e9s k\u00f6z\u00f6s \u00f6r\u00f6ks\u00e9g\u00fcnk \u00f6sszek\u00f6t benn\u00fcnket - K\u00e1rp\u00e1taljai Magyar Kultur\u00e1lis Sz\u00f6vegs\u00e9g Ifj\u00fas\u00e1gi Szervezete\",\"isPartOf\":{\"@id\":\"https:\/\/kmkszisz.com\/#website\"},\"primaryImageOfPage\":{\"@id\":\"https:\/\/kmkszisz.com\/nyelvunk-kulturank-es-kozos-oroksegunk-osszekot-bennunket\/#primaryimage\"},\"image\":{\"@id\":\"https:\/\/kmkszisz.com\/nyelvunk-kulturank-es-kozos-oroksegunk-osszekot-bennunket\/#primaryimage\"},\"thumbnailUrl\":\"https:\/\/kmkszisz.com\/wp-content\/uploads\/2026\/03\/619892804_1368263612012298_8520844909413008495_n.jpg\",\"datePublished\":\"2026-01-22T11:03:27+00:00\",\"dateModified\":\"2026-03-16T11:05:53+00:00\",\"breadcrumb\":{\"@id\":\"https:\/\/kmkszisz.com\/nyelvunk-kulturank-es-kozos-oroksegunk-osszekot-bennunket\/#breadcrumb\"},\"inLanguage\":\"uk\",\"potentialAction\":[{\"@type\":\"ReadAction\",\"target\":[\"https:\/\/kmkszisz.com\/nyelvunk-kulturank-es-kozos-oroksegunk-osszekot-bennunket\/\"]}]},{\"@type\":\"ImageObject\",\"inLanguage\":\"uk\",\"@id\":\"https:\/\/kmkszisz.com\/nyelvunk-kulturank-es-kozos-oroksegunk-osszekot-bennunket\/#primaryimage\",\"url\":\"https:\/\/kmkszisz.com\/wp-content\/uploads\/2026\/03\/619892804_1368263612012298_8520844909413008495_n.jpg\",\"contentUrl\":\"https:\/\/kmkszisz.com\/wp-content\/uploads\/2026\/03\/619892804_1368263612012298_8520844909413008495_n.jpg\",\"width\":600,\"height\":400},{\"@type\":\"BreadcrumbList\",\"@id\":\"https:\/\/kmkszisz.com\/nyelvunk-kulturank-es-kozos-oroksegunk-osszekot-bennunket\/#breadcrumb\",\"itemListElement\":[{\"@type\":\"ListItem\",\"position\":1,\"name\":\"Kezd\u0151lap\",\"item\":\"https:\/\/kmkszisz.com\/\"},{\"@type\":\"ListItem\",\"position\":2,\"name\":\"Nyelv\u00fcnk, kult\u00far\u00e1nk \u00e9s k\u00f6z\u00f6s \u00f6r\u00f6ks\u00e9g\u00fcnk \u00f6sszek\u00f6t benn\u00fcnket\"}]},{\"@type\":\"WebSite\",\"@id\":\"https:\/\/kmkszisz.com\/#website\",\"url\":\"https:\/\/kmkszisz.com\/\",\"name\":\"K\u00e1rp\u00e1taljai Magyar Kultur\u00e1lis Sz\u00f6vegs\u00e9g Ifj\u00fas\u00e1gi Szervezete\",\"description\":\"Ez az oldal a KMKSZISZ hivatalos weblapja.\",\"publisher\":{\"@id\":\"https:\/\/kmkszisz.com\/#organization\"},\"potentialAction\":[{\"@type\":\"SearchAction\",\"target\":{\"@type\":\"EntryPoint\",\"urlTemplate\":\"https:\/\/kmkszisz.com\/?s={search_term_string}\"},\"query-input\":{\"@type\":\"PropertyValueSpecification\",\"valueRequired\":true,\"valueName\":\"search_term_string\"}}],\"inLanguage\":\"uk\"},{\"@type\":\"Organization\",\"@id\":\"https:\/\/kmkszisz.com\/#organization\",\"name\":\"K\u00e1rp\u00e1taljai Magyar Kultur\u00e1lis Sz\u00f6vegs\u00e9g Ifj\u00fas\u00e1gi Szervezete\",\"url\":\"https:\/\/kmkszisz.com\/\",\"logo\":{\"@type\":\"ImageObject\",\"inLanguage\":\"uk\",\"@id\":\"https:\/\/kmkszisz.com\/#\/schema\/logo\/image\/\",\"url\":\"https:\/\/kmkszisz.com\/wp-content\/uploads\/2025\/03\/cropped-KMKSZ-ISZ-logo-szines-hatternelkul-1-scaled.png\",\"contentUrl\":\"https:\/\/kmkszisz.com\/wp-content\/uploads\/2025\/03\/cropped-KMKSZ-ISZ-logo-szines-hatternelkul-1-scaled.png\",\"width\":2560,\"height\":2230,\"caption\":\"K\u00e1rp\u00e1taljai Magyar Kultur\u00e1lis Sz\u00f6vegs\u00e9g Ifj\u00fas\u00e1gi Szervezete\"},\"image\":{\"@id\":\"https:\/\/kmkszisz.com\/#\/schema\/logo\/image\/\"}},{\"@type\":\"Person\",\"@id\":\"https:\/\/kmkszisz.com\/#\/schema\/person\/65627e728e4eb8a7da6351356bcdbbd2\",\"name\":\"zbocx6n7zj65\",\"image\":{\"@type\":\"ImageObject\",\"inLanguage\":\"uk\",\"@id\":\"https:\/\/kmkszisz.com\/#\/schema\/person\/image\/\",\"url\":\"https:\/\/secure.gravatar.com\/avatar\/8a15a507d04ef98009579dd2a80305aa411710be28eabbfe8b948e9a2687f6ad?s=96&d=mm&r=g\",\"contentUrl\":\"https:\/\/secure.gravatar.com\/avatar\/8a15a507d04ef98009579dd2a80305aa411710be28eabbfe8b948e9a2687f6ad?s=96&d=mm&r=g\",\"caption\":\"zbocx6n7zj65\"},\"url\":\"https:\/\/kmkszisz.com\/ua\/author\/zbocx6n7zj65\/\"}]}<\/script>\n<!-- \/ Yoast SEO plugin. -->","yoast_head_json":{"title":"Nyelv\u00fcnk, kult\u00far\u00e1nk \u00e9s k\u00f6z\u00f6s \u00f6r\u00f6ks\u00e9g\u00fcnk \u00f6sszek\u00f6t benn\u00fcnket - K\u00e1rp\u00e1taljai Magyar Kultur\u00e1lis Sz\u00f6vegs\u00e9g Ifj\u00fas\u00e1gi Szervezete","robots":{"index":"index","follow":"follow","max-snippet":"max-snippet:-1","max-image-preview":"max-image-preview:large","max-video-preview":"max-video-preview:-1"},"canonical":"https:\/\/kmkszisz.com\/ua\/nyelvunk-kulturank-es-kozos-oroksegunk-osszekot-bennunket\/","og_locale":"uk_UA","og_type":"article","og_title":"Nyelv\u00fcnk, kult\u00far\u00e1nk \u00e9s k\u00f6z\u00f6s \u00f6r\u00f6ks\u00e9g\u00fcnk \u00f6sszek\u00f6t benn\u00fcnket - K\u00e1rp\u00e1taljai Magyar Kultur\u00e1lis Sz\u00f6vegs\u00e9g Ifj\u00fas\u00e1gi Szervezete","og_description":"Minden \u00e9v janu\u00e1r 22-e kiemelt \u00fcnnep a magyars\u00e1g napt\u00e1r\u00e1ban. Ezen a napon \u00fcnnepelj\u00fck a Magyar Kult\u00fara Napj\u00e1t, fejet hajtva nemzeti [&hellip;]","og_url":"https:\/\/kmkszisz.com\/ua\/nyelvunk-kulturank-es-kozos-oroksegunk-osszekot-bennunket\/","og_site_name":"K\u00e1rp\u00e1taljai Magyar Kultur\u00e1lis Sz\u00f6vegs\u00e9g Ifj\u00fas\u00e1gi Szervezete","article_published_time":"2026-01-22T11:03:27+00:00","article_modified_time":"2026-03-16T11:05:53+00:00","og_image":[{"width":600,"height":400,"url":"https:\/\/kmkszisz.com\/wp-content\/uploads\/2026\/03\/619892804_1368263612012298_8520844909413008495_n.jpg","type":"image\/jpeg"}],"author":"zbocx6n7zj65","twitter_card":"summary_large_image","twitter_misc":{"\u041d\u0430\u043f\u0438\u0441\u0430\u043d\u043e":"zbocx6n7zj65","\u041f\u0440\u0438\u0431\u043b. \u0447\u0430\u0441 \u0447\u0438\u0442\u0430\u043d\u043d\u044f":"2 \u0445\u0432\u0438\u043b\u0438\u043d\u0438"},"schema":{"@context":"https:\/\/schema.org","@graph":[{"@type":"Article","@id":"https:\/\/kmkszisz.com\/nyelvunk-kulturank-es-kozos-oroksegunk-osszekot-bennunket\/#article","isPartOf":{"@id":"https:\/\/kmkszisz.com\/nyelvunk-kulturank-es-kozos-oroksegunk-osszekot-bennunket\/"},"author":{"name":"zbocx6n7zj65","@id":"https:\/\/kmkszisz.com\/#\/schema\/person\/65627e728e4eb8a7da6351356bcdbbd2"},"headline":"Nyelv\u00fcnk, kult\u00far\u00e1nk \u00e9s k\u00f6z\u00f6s \u00f6r\u00f6ks\u00e9g\u00fcnk \u00f6sszek\u00f6t benn\u00fcnket","datePublished":"2026-01-22T11:03:27+00:00","dateModified":"2026-03-16T11:05:53+00:00","mainEntityOfPage":{"@id":"https:\/\/kmkszisz.com\/nyelvunk-kulturank-es-kozos-oroksegunk-osszekot-bennunket\/"},"wordCount":500,"commentCount":0,"publisher":{"@id":"https:\/\/kmkszisz.com\/#organization"},"image":{"@id":"https:\/\/kmkszisz.com\/nyelvunk-kulturank-es-kozos-oroksegunk-osszekot-bennunket\/#primaryimage"},"thumbnailUrl":"https:\/\/kmkszisz.com\/wp-content\/uploads\/2026\/03\/619892804_1368263612012298_8520844909413008495_n.jpg","articleSection":["Uncategorized"],"inLanguage":"uk","potentialAction":[{"@type":"CommentAction","name":"Comment","target":["https:\/\/kmkszisz.com\/nyelvunk-kulturank-es-kozos-oroksegunk-osszekot-bennunket\/#respond"]}]},{"@type":"WebPage","@id":"https:\/\/kmkszisz.com\/nyelvunk-kulturank-es-kozos-oroksegunk-osszekot-bennunket\/","url":"https:\/\/kmkszisz.com\/nyelvunk-kulturank-es-kozos-oroksegunk-osszekot-bennunket\/","name":"Nyelv\u00fcnk, kult\u00far\u00e1nk \u00e9s k\u00f6z\u00f6s \u00f6r\u00f6ks\u00e9g\u00fcnk \u00f6sszek\u00f6t benn\u00fcnket - K\u00e1rp\u00e1taljai Magyar Kultur\u00e1lis Sz\u00f6vegs\u00e9g Ifj\u00fas\u00e1gi Szervezete","isPartOf":{"@id":"https:\/\/kmkszisz.com\/#website"},"primaryImageOfPage":{"@id":"https:\/\/kmkszisz.com\/nyelvunk-kulturank-es-kozos-oroksegunk-osszekot-bennunket\/#primaryimage"},"image":{"@id":"https:\/\/kmkszisz.com\/nyelvunk-kulturank-es-kozos-oroksegunk-osszekot-bennunket\/#primaryimage"},"thumbnailUrl":"https:\/\/kmkszisz.com\/wp-content\/uploads\/2026\/03\/619892804_1368263612012298_8520844909413008495_n.jpg","datePublished":"2026-01-22T11:03:27+00:00","dateModified":"2026-03-16T11:05:53+00:00","breadcrumb":{"@id":"https:\/\/kmkszisz.com\/nyelvunk-kulturank-es-kozos-oroksegunk-osszekot-bennunket\/#breadcrumb"},"inLanguage":"uk","potentialAction":[{"@type":"ReadAction","target":["https:\/\/kmkszisz.com\/nyelvunk-kulturank-es-kozos-oroksegunk-osszekot-bennunket\/"]}]},{"@type":"ImageObject","inLanguage":"uk","@id":"https:\/\/kmkszisz.com\/nyelvunk-kulturank-es-kozos-oroksegunk-osszekot-bennunket\/#primaryimage","url":"https:\/\/kmkszisz.com\/wp-content\/uploads\/2026\/03\/619892804_1368263612012298_8520844909413008495_n.jpg","contentUrl":"https:\/\/kmkszisz.com\/wp-content\/uploads\/2026\/03\/619892804_1368263612012298_8520844909413008495_n.jpg","width":600,"height":400},{"@type":"BreadcrumbList","@id":"https:\/\/kmkszisz.com\/nyelvunk-kulturank-es-kozos-oroksegunk-osszekot-bennunket\/#breadcrumb","itemListElement":[{"@type":"ListItem","position":1,"name":"Kezd\u0151lap","item":"https:\/\/kmkszisz.com\/"},{"@type":"ListItem","position":2,"name":"Nyelv\u00fcnk, kult\u00far\u00e1nk \u00e9s k\u00f6z\u00f6s \u00f6r\u00f6ks\u00e9g\u00fcnk \u00f6sszek\u00f6t benn\u00fcnket"}]},{"@type":"WebSite","@id":"https:\/\/kmkszisz.com\/#website","url":"https:\/\/kmkszisz.com\/","name":"K\u00e1rp\u00e1taljai Magyar Kultur\u00e1lis Sz\u00f6vegs\u00e9g Ifj\u00fas\u00e1gi Szervezete","description":"Ez az oldal a KMKSZISZ hivatalos weblapja.","publisher":{"@id":"https:\/\/kmkszisz.com\/#organization"},"potentialAction":[{"@type":"SearchAction","target":{"@type":"EntryPoint","urlTemplate":"https:\/\/kmkszisz.com\/?s={search_term_string}"},"query-input":{"@type":"PropertyValueSpecification","valueRequired":true,"valueName":"search_term_string"}}],"inLanguage":"uk"},{"@type":"Organization","@id":"https:\/\/kmkszisz.com\/#organization","name":"K\u00e1rp\u00e1taljai Magyar Kultur\u00e1lis Sz\u00f6vegs\u00e9g Ifj\u00fas\u00e1gi Szervezete","url":"https:\/\/kmkszisz.com\/","logo":{"@type":"ImageObject","inLanguage":"uk","@id":"https:\/\/kmkszisz.com\/#\/schema\/logo\/image\/","url":"https:\/\/kmkszisz.com\/wp-content\/uploads\/2025\/03\/cropped-KMKSZ-ISZ-logo-szines-hatternelkul-1-scaled.png","contentUrl":"https:\/\/kmkszisz.com\/wp-content\/uploads\/2025\/03\/cropped-KMKSZ-ISZ-logo-szines-hatternelkul-1-scaled.png","width":2560,"height":2230,"caption":"K\u00e1rp\u00e1taljai Magyar Kultur\u00e1lis Sz\u00f6vegs\u00e9g Ifj\u00fas\u00e1gi Szervezete"},"image":{"@id":"https:\/\/kmkszisz.com\/#\/schema\/logo\/image\/"}},{"@type":"Person","@id":"https:\/\/kmkszisz.com\/#\/schema\/person\/65627e728e4eb8a7da6351356bcdbbd2","name":"zbocx6n7zj65","image":{"@type":"ImageObject","inLanguage":"uk","@id":"https:\/\/kmkszisz.com\/#\/schema\/person\/image\/","url":"https:\/\/secure.gravatar.com\/avatar\/8a15a507d04ef98009579dd2a80305aa411710be28eabbfe8b948e9a2687f6ad?s=96&d=mm&r=g","contentUrl":"https:\/\/secure.gravatar.com\/avatar\/8a15a507d04ef98009579dd2a80305aa411710be28eabbfe8b948e9a2687f6ad?s=96&d=mm&r=g","caption":"zbocx6n7zj65"},"url":"https:\/\/kmkszisz.com\/ua\/author\/zbocx6n7zj65\/"}]}},"uagb_featured_image_src":{"full":["https:\/\/kmkszisz.com\/wp-content\/uploads\/2026\/03\/619892804_1368263612012298_8520844909413008495_n.jpg",600,400,false],"thumbnail":["https:\/\/kmkszisz.com\/wp-content\/uploads\/2026\/03\/619892804_1368263612012298_8520844909413008495_n-150x150.jpg",150,150,true],"medium":["https:\/\/kmkszisz.com\/wp-content\/uploads\/2026\/03\/619892804_1368263612012298_8520844909413008495_n-300x200.jpg",300,200,true],"medium_large":["https:\/\/kmkszisz.com\/wp-content\/uploads\/2026\/03\/619892804_1368263612012298_8520844909413008495_n.jpg",600,400,false],"large":["https:\/\/kmkszisz.com\/wp-content\/uploads\/2026\/03\/619892804_1368263612012298_8520844909413008495_n.jpg",600,400,false],"1536x1536":["https:\/\/kmkszisz.com\/wp-content\/uploads\/2026\/03\/619892804_1368263612012298_8520844909413008495_n.jpg",600,400,false],"2048x2048":["https:\/\/kmkszisz.com\/wp-content\/uploads\/2026\/03\/619892804_1368263612012298_8520844909413008495_n.jpg",600,400,false],"trp-custom-language-flag":["https:\/\/kmkszisz.com\/wp-content\/uploads\/2026\/03\/619892804_1368263612012298_8520844909413008495_n-18x12.jpg",18,12,true]},"uagb_author_info":{"display_name":"zbocx6n7zj65","author_link":"https:\/\/kmkszisz.com\/ua\/author\/zbocx6n7zj65\/"},"uagb_comment_info":0,"uagb_excerpt":"Minden \u00e9v janu\u00e1r 22-e kiemelt \u00fcnnep a magyars\u00e1g napt\u00e1r\u00e1ban. Ezen a napon \u00fcnnepelj\u00fck a Magyar Kult\u00fara Napj\u00e1t, fejet hajtva nemzeti [&hellip;]","brizy_media":[],"_links":{"self":[{"href":"https:\/\/kmkszisz.com\/ua\/wp-json\/wp\/v2\/posts\/622","targetHints":{"allow":["GET"]}}],"collection":[{"href":"https:\/\/kmkszisz.com\/ua\/wp-json\/wp\/v2\/posts"}],"about":[{"href":"https:\/\/kmkszisz.com\/ua\/wp-json\/wp\/v2\/types\/post"}],"author":[{"embeddable":true,"href":"https:\/\/kmkszisz.com\/ua\/wp-json\/wp\/v2\/users\/4"}],"replies":[{"embeddable":true,"href":"https:\/\/kmkszisz.com\/ua\/wp-json\/wp\/v2\/comments?post=622"}],"version-history":[{"count":1,"href":"https:\/\/kmkszisz.com\/ua\/wp-json\/wp\/v2\/posts\/622\/revisions"}],"predecessor-version":[{"id":624,"href":"https:\/\/kmkszisz.com\/ua\/wp-json\/wp\/v2\/posts\/622\/revisions\/624"}],"wp:featuredmedia":[{"embeddable":true,"href":"https:\/\/kmkszisz.com\/ua\/wp-json\/wp\/v2\/media\/623"}],"wp:attachment":[{"href":"https:\/\/kmkszisz.com\/ua\/wp-json\/wp\/v2\/media?parent=622"}],"wp:term":[{"taxonomy":"category","embeddable":true,"href":"https:\/\/kmkszisz.com\/ua\/wp-json\/wp\/v2\/categories?post=622"},{"taxonomy":"post_tag","embeddable":true,"href":"https:\/\/kmkszisz.com\/ua\/wp-json\/wp\/v2\/tags?post=622"}],"curies":[{"name":"wp","href":"https:\/\/api.w.org\/{rel}","templated":true}]}}