{"id":625,"date":"2026-03-16T11:11:15","date_gmt":"2026-03-16T11:11:15","guid":{"rendered":"https:\/\/kmkszisz.com\/?p=625"},"modified":"2026-03-16T11:17:04","modified_gmt":"2026-03-16T11:17:04","slug":"esszepalyazat-egy-nap-amikor-rajottem-szamitok","status":"publish","type":"post","link":"https:\/\/kmkszisz.com\/ua\/esszepalyazat-egy-nap-amikor-rajottem-szamitok\/","title":{"rendered":"Essz\u00e9p\u00e1ly\u00e1zat: \u201eEgy nap, amikor r\u00e1j\u00f6ttem: sz\u00e1m\u00edtok\u201d"},"content":{"rendered":"<p><strong>A KMKSZ Ifj\u00fas\u00e1gi Szervezete essz\u00e9p\u00e1ly\u00e1zatot hirdet Barta J\u00f3zsef, a KMKSZ egykori aleln\u00f6k\u00e9nek eml\u00e9k\u00e9re. A felh\u00edv\u00e1s azon fiatalokhoz sz\u00f3l, akik szeretn\u00e9k megosztani szem\u00e9lyes gondolataikat, \u00e9lm\u00e9nyeiket \u00e9s tapasztalataikat a k\u00f6z\u00f6ss\u00e9ghez tartoz\u00e1sr\u00f3l, a felel\u0151ss\u00e9gv\u00e1llal\u00e1sr\u00f3l \u00e9s az akt\u00edv cselekv\u00e9s jelent\u0151s\u00e9g\u00e9r\u0151l K\u00e1rp\u00e1talj\u00e1n.<\/strong><\/p>\n\n\n\n<p>A p\u00e1ly\u00e1zat c\u00e9lja, hogy teret adjon a fiatalok hangj\u00e1nak, \u00e9s \u00f6szt\u00f6n\u00f6zze \u0151ket a k\u00f6z\u00f6ss\u00e9gi szerepv\u00e1llal\u00e1s, a felel\u0151ss\u00e9gtudat \u00e9s az \u00f6sszefog\u00e1s \u00e9rt\u00e9keinek felismer\u00e9s\u00e9re. Arra b\u00e1tor\u00edtjuk a jelentkez\u0151ket, fogalmazz\u00e1k meg: mikor \u00e9s hogyan \u00e9lt\u00e9k meg el\u0151sz\u00f6r azt az \u00e9rz\u00e9st, hogy sz\u00e1m\u00edt a jelenl\u00e9t\u00fck, a v\u00e9lem\u00e9ny\u00fck vagy a cselekedet\u00fck.<\/p>\n\n\n\n<h3 class=\"wp-block-heading\">A p\u00e1ly\u00e1zat r\u00e9szletei<\/h3>\n\n\n\n<ul class=\"wp-block-list\">\n<li><strong>A p\u00e1ly\u00e1zat c\u00edme:<\/strong> Egy nap, amikor r\u00e1j\u00f6ttem: sz\u00e1m\u00edtok<\/li>\n\n\n\n<li><strong>T\u00e9ma:<\/strong> K\u00f6z\u00f6ss\u00e9gi \u00e9lm\u00e9ny, felel\u0151ss\u00e9g \u00e9s tenni akar\u00e1s fiatal szemmel K\u00e1rp\u00e1talj\u00e1n<\/li>\n<\/ul>\n\n\n\n<p>Az essz\u00e9k k\u00f6z\u00e9ppontj\u00e1ban egy szem\u00e9lyes \u00e9lm\u00e9ny \u00e1lljon: egy nap, egy esem\u00e9ny vagy egy \u00e9lethelyzet, amikor a p\u00e1ly\u00e1z\u00f3 felismerte, hogy akt\u00edv r\u00e9sztvev\u0151je a k\u00f6z\u00f6ss\u00e9g\u00e9nek, \u00e9s jelenl\u00e9te, d\u00f6nt\u00e9se vagy seg\u00edts\u00e9ge val\u00f3di jelent\u0151s\u00e9ggel b\u00edr. Az \u00edr\u00e1sok bemutathatnak k\u00f6z\u00f6ss\u00e9gi, kultur\u00e1lis, sport-, civil vagy \u00f6nk\u00e9ntes tev\u00e9kenys\u00e9get, de ak\u00e1r egy h\u00e9tk\u00f6znapi, m\u00e9gis meghat\u00e1roz\u00f3 pillanatot is. Kiemelt figyelmet kapnak azok az essz\u00e9k, amelyek \u0151szint\u00e9n, hitelesen \u00e9s szem\u00e9lyes hangv\u00e9telben mutatj\u00e1k be, mit jelent fiatalnak lenni \u00e9s cselekedni K\u00e1rp\u00e1talj\u00e1n.<\/p>\n\n\n\n<h3 class=\"wp-block-heading\">P\u00e1ly\u00e1zati felt\u00e9telek<\/h3>\n\n\n\n<ul class=\"wp-block-list\">\n<li><strong>R\u00e9szv\u00e9teli korhat\u00e1r:<\/strong> 14 \u00e9ven fel\u00fcli fiatalok jelentkez\u00e9s\u00e9t v\u00e1rjuk.<\/li>\n\n\n\n<li><strong>Terjedelem:<\/strong> Minimum 3000, maximum 6000 karakter (sz\u00f3k\u00f6z\u00f6kkel egy\u00fctt).<\/li>\n\n\n\n<li><strong>Form\u00e1tum:<\/strong> .docx vagy .pdf kiterjeszt\u00e9s\u0171 f\u00e1jl.<\/li>\n\n\n\n<li><strong>Hat\u00e1rid\u0151:<\/strong> 2026. m\u00e1rcius 1. <em>(Szerkeszt\u0151i megjegyz\u00e9s: K\u00e9rlek, friss\u00edtsd a d\u00e1tumot a val\u00f3s hat\u00e1rid\u0151re!)<\/em><\/li>\n\n\n\n<li><strong>Kiz\u00e1r\u00f3 ok:<\/strong> A mesters\u00e9ges intelligencia seg\u00edts\u00e9g\u00e9vel k\u00e9sz\u00fclt munk\u00e1k automatikusan kiz\u00e1r\u00e1sra ker\u00fclnek.<\/li>\n<\/ul>\n\n\n\n<h3 class=\"wp-block-heading\">Bek\u00fcld\u00e9s \u00e9s d\u00edjaz\u00e1s<\/h3>\n\n\n\n<p>A p\u00e1lyamunk\u00e1kat a k\u00f6vetkez\u0151 e-mail c\u00edmre v\u00e1rjuk: <strong>kmkszisz@gmail.com<\/strong> K\u00e9rj\u00fck az e-mail t\u00e1rgy\u00e1ban felt\u00fcntetni: <em>\u201eEssz\u00e9p\u00e1ly\u00e1zat \u2013 [P\u00e1ly\u00e1z\u00f3 neve]\u201d<\/em><\/p>\n\n\n\n<p><strong>A legjobb \u00edr\u00e1sokat p\u00e9nzjutalommal d\u00edjazzuk:<\/strong><\/p>\n\n\n\n<ul class=\"wp-block-list\">\n<li><strong>I. helyezett:<\/strong> 2000 hrivnya<\/li>\n\n\n\n<li><strong>II. helyezett:<\/strong> 1000 hrivnya<\/li>\n\n\n\n<li><strong>III. helyezett:<\/strong> 500 hrivnya<\/li>\n\n\n\n<li><strong>K\u00fcl\u00f6nd\u00edj:<\/strong> 1000 hrivnya<\/li>\n<\/ul>\n\n\n\n<p>V\u00e1rjuk a t\u00f6rt\u00e9neteiteket, mert a ti hangotok, a ti jelenl\u00e9tetek sz\u00e1m\u00edt a k\u00f6z\u00f6ss\u00e9g\u00fcnknek!<\/p>","protected":false},"excerpt":{"rendered":"<p>A KMKSZ Ifj\u00fas\u00e1gi Szervezete essz\u00e9p\u00e1ly\u00e1zatot hirdet Barta J\u00f3zsef, a KMKSZ egykori aleln\u00f6k\u00e9nek eml\u00e9k\u00e9re. A felh\u00edv\u00e1s azon fiatalokhoz sz\u00f3l, akik szeretn\u00e9k [&hellip;]<\/p>","protected":false},"author":4,"featured_media":636,"comment_status":"open","ping_status":"open","sticky":false,"template":"","format":"standard","meta":{"_uag_custom_page_level_css":"","site-sidebar-layout":"default","site-content-layout":"","ast-site-content-layout":"default","site-content-style":"default","site-sidebar-style":"default","ast-global-header-display":"","ast-banner-title-visibility":"","ast-main-header-display":"","ast-hfb-above-header-display":"","ast-hfb-below-header-display":"","ast-hfb-mobile-header-display":"","site-post-title":"","ast-breadcrumbs-content":"","ast-featured-img":"","footer-sml-layout":"","ast-disable-related-posts":"","theme-transparent-header-meta":"","adv-header-id-meta":"","stick-header-meta":"","header-above-stick-meta":"","header-main-stick-meta":"","header-below-stick-meta":"","astra-migrate-meta-layouts":"default","ast-page-background-enabled":"default","ast-page-background-meta":{"desktop":{"background-color":"var(--ast-global-color-4)","background-image":"","background-repeat":"repeat","background-position":"center center","background-size":"auto","background-attachment":"scroll","background-type":"","background-media":"","overlay-type":"","overlay-color":"","overlay-opacity":"","overlay-gradient":""},"tablet":{"background-color":"","background-image":"","background-repeat":"repeat","background-position":"center center","background-size":"auto","background-attachment":"scroll","background-type":"","background-media":"","overlay-type":"","overlay-color":"","overlay-opacity":"","overlay-gradient":""},"mobile":{"background-color":"","background-image":"","background-repeat":"repeat","background-position":"center center","background-size":"auto","background-attachment":"scroll","background-type":"","background-media":"","overlay-type":"","overlay-color":"","overlay-opacity":"","overlay-gradient":""}},"ast-content-background-meta":{"desktop":{"background-color":"var(--ast-global-color-5)","background-image":"","background-repeat":"repeat","background-position":"center center","background-size":"auto","background-attachment":"scroll","background-type":"","background-media":"","overlay-type":"","overlay-color":"","overlay-opacity":"","overlay-gradient":""},"tablet":{"background-color":"var(--ast-global-color-5)","background-image":"","background-repeat":"repeat","background-position":"center center","background-size":"auto","background-attachment":"scroll","background-type":"","background-media":"","overlay-type":"","overlay-color":"","overlay-opacity":"","overlay-gradient":""},"mobile":{"background-color":"var(--ast-global-color-5)","background-image":"","background-repeat":"repeat","background-position":"center center","background-size":"auto","background-attachment":"scroll","background-type":"","background-media":"","overlay-type":"","overlay-color":"","overlay-opacity":"","overlay-gradient":""}},"footnotes":""},"categories":[1],"tags":[],"class_list":["post-625","post","type-post","status-publish","format-standard","has-post-thumbnail","hentry","category-uncategorized"],"yoast_head":"<!-- This site is optimized with the Yoast SEO plugin v25.2 - https:\/\/yoast.com\/wordpress\/plugins\/seo\/ -->\n<title>Essz\u00e9p\u00e1ly\u00e1zat: \u201eEgy nap, amikor r\u00e1j\u00f6ttem: sz\u00e1m\u00edtok\u201d - K\u00e1rp\u00e1taljai Magyar Kultur\u00e1lis Sz\u00f6vegs\u00e9g Ifj\u00fas\u00e1gi Szervezete<\/title>\n<meta name=\"robots\" content=\"index, follow, max-snippet:-1, max-image-preview:large, max-video-preview:-1\" \/>\n<link rel=\"canonical\" href=\"https:\/\/kmkszisz.com\/ua\/esszepalyazat-egy-nap-amikor-rajottem-szamitok\/\" \/>\n<meta property=\"og:locale\" content=\"uk_UA\" \/>\n<meta property=\"og:type\" content=\"article\" \/>\n<meta property=\"og:title\" content=\"Essz\u00e9p\u00e1ly\u00e1zat: \u201eEgy nap, amikor r\u00e1j\u00f6ttem: sz\u00e1m\u00edtok\u201d - K\u00e1rp\u00e1taljai Magyar Kultur\u00e1lis Sz\u00f6vegs\u00e9g Ifj\u00fas\u00e1gi Szervezete\" \/>\n<meta property=\"og:description\" content=\"A KMKSZ Ifj\u00fas\u00e1gi Szervezete essz\u00e9p\u00e1ly\u00e1zatot hirdet Barta J\u00f3zsef, a KMKSZ egykori aleln\u00f6k\u00e9nek eml\u00e9k\u00e9re. A felh\u00edv\u00e1s azon fiatalokhoz sz\u00f3l, akik szeretn\u00e9k [&hellip;]\" \/>\n<meta property=\"og:url\" content=\"https:\/\/kmkszisz.com\/ua\/esszepalyazat-egy-nap-amikor-rajottem-szamitok\/\" \/>\n<meta property=\"og:site_name\" content=\"K\u00e1rp\u00e1taljai Magyar Kultur\u00e1lis Sz\u00f6vegs\u00e9g Ifj\u00fas\u00e1gi Szervezete\" \/>\n<meta property=\"article:published_time\" content=\"2026-03-16T11:11:15+00:00\" \/>\n<meta property=\"article:modified_time\" content=\"2026-03-16T11:17:04+00:00\" \/>\n<meta property=\"og:image\" content=\"https:\/\/kmkszisz.com\/wp-content\/uploads\/2026\/03\/619308470_1371352048370121_2228410784114458546_n-1.jpg\" \/>\n\t<meta property=\"og:image:width\" content=\"1440\" \/>\n\t<meta property=\"og:image:height\" content=\"1018\" \/>\n\t<meta property=\"og:image:type\" content=\"image\/jpeg\" \/>\n<meta name=\"author\" content=\"zbocx6n7zj65\" \/>\n<meta name=\"twitter:card\" content=\"summary_large_image\" \/>\n<meta name=\"twitter:label1\" content=\"\u041d\u0430\u043f\u0438\u0441\u0430\u043d\u043e\" \/>\n\t<meta name=\"twitter:data1\" content=\"zbocx6n7zj65\" \/>\n\t<meta name=\"twitter:label2\" content=\"\u041f\u0440\u0438\u0431\u043b. \u0447\u0430\u0441 \u0447\u0438\u0442\u0430\u043d\u043d\u044f\" \/>\n\t<meta name=\"twitter:data2\" content=\"2 \u0445\u0432\u0438\u043b\u0438\u043d\u0438\" \/>\n<script type=\"application\/ld+json\" class=\"yoast-schema-graph\">{\"@context\":\"https:\/\/schema.org\",\"@graph\":[{\"@type\":\"Article\",\"@id\":\"https:\/\/kmkszisz.com\/esszepalyazat-egy-nap-amikor-rajottem-szamitok\/#article\",\"isPartOf\":{\"@id\":\"https:\/\/kmkszisz.com\/esszepalyazat-egy-nap-amikor-rajottem-szamitok\/\"},\"author\":{\"name\":\"zbocx6n7zj65\",\"@id\":\"https:\/\/kmkszisz.com\/#\/schema\/person\/65627e728e4eb8a7da6351356bcdbbd2\"},\"headline\":\"Essz\u00e9p\u00e1ly\u00e1zat: \u201eEgy nap, amikor r\u00e1j\u00f6ttem: sz\u00e1m\u00edtok\u201d\",\"datePublished\":\"2026-03-16T11:11:15+00:00\",\"dateModified\":\"2026-03-16T11:17:04+00:00\",\"mainEntityOfPage\":{\"@id\":\"https:\/\/kmkszisz.com\/esszepalyazat-egy-nap-amikor-rajottem-szamitok\/\"},\"wordCount\":488,\"commentCount\":0,\"publisher\":{\"@id\":\"https:\/\/kmkszisz.com\/#organization\"},\"image\":{\"@id\":\"https:\/\/kmkszisz.com\/esszepalyazat-egy-nap-amikor-rajottem-szamitok\/#primaryimage\"},\"thumbnailUrl\":\"https:\/\/kmkszisz.com\/wp-content\/uploads\/2026\/03\/619308470_1371352048370121_2228410784114458546_n-1.jpg\",\"articleSection\":[\"Uncategorized\"],\"inLanguage\":\"uk\",\"potentialAction\":[{\"@type\":\"CommentAction\",\"name\":\"Comment\",\"target\":[\"https:\/\/kmkszisz.com\/esszepalyazat-egy-nap-amikor-rajottem-szamitok\/#respond\"]}]},{\"@type\":\"WebPage\",\"@id\":\"https:\/\/kmkszisz.com\/esszepalyazat-egy-nap-amikor-rajottem-szamitok\/\",\"url\":\"https:\/\/kmkszisz.com\/esszepalyazat-egy-nap-amikor-rajottem-szamitok\/\",\"name\":\"Essz\u00e9p\u00e1ly\u00e1zat: \u201eEgy nap, amikor r\u00e1j\u00f6ttem: sz\u00e1m\u00edtok\u201d - K\u00e1rp\u00e1taljai Magyar Kultur\u00e1lis Sz\u00f6vegs\u00e9g Ifj\u00fas\u00e1gi Szervezete\",\"isPartOf\":{\"@id\":\"https:\/\/kmkszisz.com\/#website\"},\"primaryImageOfPage\":{\"@id\":\"https:\/\/kmkszisz.com\/esszepalyazat-egy-nap-amikor-rajottem-szamitok\/#primaryimage\"},\"image\":{\"@id\":\"https:\/\/kmkszisz.com\/esszepalyazat-egy-nap-amikor-rajottem-szamitok\/#primaryimage\"},\"thumbnailUrl\":\"https:\/\/kmkszisz.com\/wp-content\/uploads\/2026\/03\/619308470_1371352048370121_2228410784114458546_n-1.jpg\",\"datePublished\":\"2026-03-16T11:11:15+00:00\",\"dateModified\":\"2026-03-16T11:17:04+00:00\",\"breadcrumb\":{\"@id\":\"https:\/\/kmkszisz.com\/esszepalyazat-egy-nap-amikor-rajottem-szamitok\/#breadcrumb\"},\"inLanguage\":\"uk\",\"potentialAction\":[{\"@type\":\"ReadAction\",\"target\":[\"https:\/\/kmkszisz.com\/esszepalyazat-egy-nap-amikor-rajottem-szamitok\/\"]}]},{\"@type\":\"ImageObject\",\"inLanguage\":\"uk\",\"@id\":\"https:\/\/kmkszisz.com\/esszepalyazat-egy-nap-amikor-rajottem-szamitok\/#primaryimage\",\"url\":\"https:\/\/kmkszisz.com\/wp-content\/uploads\/2026\/03\/619308470_1371352048370121_2228410784114458546_n-1.jpg\",\"contentUrl\":\"https:\/\/kmkszisz.com\/wp-content\/uploads\/2026\/03\/619308470_1371352048370121_2228410784114458546_n-1.jpg\",\"width\":1440,\"height\":1018},{\"@type\":\"BreadcrumbList\",\"@id\":\"https:\/\/kmkszisz.com\/esszepalyazat-egy-nap-amikor-rajottem-szamitok\/#breadcrumb\",\"itemListElement\":[{\"@type\":\"ListItem\",\"position\":1,\"name\":\"Kezd\u0151lap\",\"item\":\"https:\/\/kmkszisz.com\/\"},{\"@type\":\"ListItem\",\"position\":2,\"name\":\"Essz\u00e9p\u00e1ly\u00e1zat: \u201eEgy nap, amikor r\u00e1j\u00f6ttem: sz\u00e1m\u00edtok\u201d\"}]},{\"@type\":\"WebSite\",\"@id\":\"https:\/\/kmkszisz.com\/#website\",\"url\":\"https:\/\/kmkszisz.com\/\",\"name\":\"K\u00e1rp\u00e1taljai Magyar Kultur\u00e1lis Sz\u00f6vegs\u00e9g Ifj\u00fas\u00e1gi Szervezete\",\"description\":\"Ez az oldal a KMKSZISZ hivatalos weblapja.\",\"publisher\":{\"@id\":\"https:\/\/kmkszisz.com\/#organization\"},\"potentialAction\":[{\"@type\":\"SearchAction\",\"target\":{\"@type\":\"EntryPoint\",\"urlTemplate\":\"https:\/\/kmkszisz.com\/?s={search_term_string}\"},\"query-input\":{\"@type\":\"PropertyValueSpecification\",\"valueRequired\":true,\"valueName\":\"search_term_string\"}}],\"inLanguage\":\"uk\"},{\"@type\":\"Organization\",\"@id\":\"https:\/\/kmkszisz.com\/#organization\",\"name\":\"K\u00e1rp\u00e1taljai Magyar Kultur\u00e1lis Sz\u00f6vegs\u00e9g Ifj\u00fas\u00e1gi Szervezete\",\"url\":\"https:\/\/kmkszisz.com\/\",\"logo\":{\"@type\":\"ImageObject\",\"inLanguage\":\"uk\",\"@id\":\"https:\/\/kmkszisz.com\/#\/schema\/logo\/image\/\",\"url\":\"https:\/\/kmkszisz.com\/wp-content\/uploads\/2025\/03\/cropped-KMKSZ-ISZ-logo-szines-hatternelkul-1-scaled.png\",\"contentUrl\":\"https:\/\/kmkszisz.com\/wp-content\/uploads\/2025\/03\/cropped-KMKSZ-ISZ-logo-szines-hatternelkul-1-scaled.png\",\"width\":2560,\"height\":2230,\"caption\":\"K\u00e1rp\u00e1taljai Magyar Kultur\u00e1lis Sz\u00f6vegs\u00e9g Ifj\u00fas\u00e1gi Szervezete\"},\"image\":{\"@id\":\"https:\/\/kmkszisz.com\/#\/schema\/logo\/image\/\"}},{\"@type\":\"Person\",\"@id\":\"https:\/\/kmkszisz.com\/#\/schema\/person\/65627e728e4eb8a7da6351356bcdbbd2\",\"name\":\"zbocx6n7zj65\",\"image\":{\"@type\":\"ImageObject\",\"inLanguage\":\"uk\",\"@id\":\"https:\/\/kmkszisz.com\/#\/schema\/person\/image\/\",\"url\":\"https:\/\/secure.gravatar.com\/avatar\/8a15a507d04ef98009579dd2a80305aa411710be28eabbfe8b948e9a2687f6ad?s=96&d=mm&r=g\",\"contentUrl\":\"https:\/\/secure.gravatar.com\/avatar\/8a15a507d04ef98009579dd2a80305aa411710be28eabbfe8b948e9a2687f6ad?s=96&d=mm&r=g\",\"caption\":\"zbocx6n7zj65\"},\"url\":\"https:\/\/kmkszisz.com\/ua\/author\/zbocx6n7zj65\/\"}]}<\/script>\n<!-- \/ Yoast SEO plugin. -->","yoast_head_json":{"title":"Essz\u00e9p\u00e1ly\u00e1zat: \u201eEgy nap, amikor r\u00e1j\u00f6ttem: sz\u00e1m\u00edtok\u201d - K\u00e1rp\u00e1taljai Magyar Kultur\u00e1lis Sz\u00f6vegs\u00e9g Ifj\u00fas\u00e1gi Szervezete","robots":{"index":"index","follow":"follow","max-snippet":"max-snippet:-1","max-image-preview":"max-image-preview:large","max-video-preview":"max-video-preview:-1"},"canonical":"https:\/\/kmkszisz.com\/ua\/esszepalyazat-egy-nap-amikor-rajottem-szamitok\/","og_locale":"uk_UA","og_type":"article","og_title":"Essz\u00e9p\u00e1ly\u00e1zat: \u201eEgy nap, amikor r\u00e1j\u00f6ttem: sz\u00e1m\u00edtok\u201d - K\u00e1rp\u00e1taljai Magyar Kultur\u00e1lis Sz\u00f6vegs\u00e9g Ifj\u00fas\u00e1gi Szervezete","og_description":"A KMKSZ Ifj\u00fas\u00e1gi Szervezete essz\u00e9p\u00e1ly\u00e1zatot hirdet Barta J\u00f3zsef, a KMKSZ egykori aleln\u00f6k\u00e9nek eml\u00e9k\u00e9re. A felh\u00edv\u00e1s azon fiatalokhoz sz\u00f3l, akik szeretn\u00e9k [&hellip;]","og_url":"https:\/\/kmkszisz.com\/ua\/esszepalyazat-egy-nap-amikor-rajottem-szamitok\/","og_site_name":"K\u00e1rp\u00e1taljai Magyar Kultur\u00e1lis Sz\u00f6vegs\u00e9g Ifj\u00fas\u00e1gi Szervezete","article_published_time":"2026-03-16T11:11:15+00:00","article_modified_time":"2026-03-16T11:17:04+00:00","og_image":[{"width":1440,"height":1018,"url":"https:\/\/kmkszisz.com\/wp-content\/uploads\/2026\/03\/619308470_1371352048370121_2228410784114458546_n-1.jpg","type":"image\/jpeg"}],"author":"zbocx6n7zj65","twitter_card":"summary_large_image","twitter_misc":{"\u041d\u0430\u043f\u0438\u0441\u0430\u043d\u043e":"zbocx6n7zj65","\u041f\u0440\u0438\u0431\u043b. \u0447\u0430\u0441 \u0447\u0438\u0442\u0430\u043d\u043d\u044f":"2 \u0445\u0432\u0438\u043b\u0438\u043d\u0438"},"schema":{"@context":"https:\/\/schema.org","@graph":[{"@type":"Article","@id":"https:\/\/kmkszisz.com\/esszepalyazat-egy-nap-amikor-rajottem-szamitok\/#article","isPartOf":{"@id":"https:\/\/kmkszisz.com\/esszepalyazat-egy-nap-amikor-rajottem-szamitok\/"},"author":{"name":"zbocx6n7zj65","@id":"https:\/\/kmkszisz.com\/#\/schema\/person\/65627e728e4eb8a7da6351356bcdbbd2"},"headline":"Essz\u00e9p\u00e1ly\u00e1zat: \u201eEgy nap, amikor r\u00e1j\u00f6ttem: sz\u00e1m\u00edtok\u201d","datePublished":"2026-03-16T11:11:15+00:00","dateModified":"2026-03-16T11:17:04+00:00","mainEntityOfPage":{"@id":"https:\/\/kmkszisz.com\/esszepalyazat-egy-nap-amikor-rajottem-szamitok\/"},"wordCount":488,"commentCount":0,"publisher":{"@id":"https:\/\/kmkszisz.com\/#organization"},"image":{"@id":"https:\/\/kmkszisz.com\/esszepalyazat-egy-nap-amikor-rajottem-szamitok\/#primaryimage"},"thumbnailUrl":"https:\/\/kmkszisz.com\/wp-content\/uploads\/2026\/03\/619308470_1371352048370121_2228410784114458546_n-1.jpg","articleSection":["Uncategorized"],"inLanguage":"uk","potentialAction":[{"@type":"CommentAction","name":"Comment","target":["https:\/\/kmkszisz.com\/esszepalyazat-egy-nap-amikor-rajottem-szamitok\/#respond"]}]},{"@type":"WebPage","@id":"https:\/\/kmkszisz.com\/esszepalyazat-egy-nap-amikor-rajottem-szamitok\/","url":"https:\/\/kmkszisz.com\/esszepalyazat-egy-nap-amikor-rajottem-szamitok\/","name":"Essz\u00e9p\u00e1ly\u00e1zat: \u201eEgy nap, amikor r\u00e1j\u00f6ttem: sz\u00e1m\u00edtok\u201d - K\u00e1rp\u00e1taljai Magyar Kultur\u00e1lis Sz\u00f6vegs\u00e9g Ifj\u00fas\u00e1gi Szervezete","isPartOf":{"@id":"https:\/\/kmkszisz.com\/#website"},"primaryImageOfPage":{"@id":"https:\/\/kmkszisz.com\/esszepalyazat-egy-nap-amikor-rajottem-szamitok\/#primaryimage"},"image":{"@id":"https:\/\/kmkszisz.com\/esszepalyazat-egy-nap-amikor-rajottem-szamitok\/#primaryimage"},"thumbnailUrl":"https:\/\/kmkszisz.com\/wp-content\/uploads\/2026\/03\/619308470_1371352048370121_2228410784114458546_n-1.jpg","datePublished":"2026-03-16T11:11:15+00:00","dateModified":"2026-03-16T11:17:04+00:00","breadcrumb":{"@id":"https:\/\/kmkszisz.com\/esszepalyazat-egy-nap-amikor-rajottem-szamitok\/#breadcrumb"},"inLanguage":"uk","potentialAction":[{"@type":"ReadAction","target":["https:\/\/kmkszisz.com\/esszepalyazat-egy-nap-amikor-rajottem-szamitok\/"]}]},{"@type":"ImageObject","inLanguage":"uk","@id":"https:\/\/kmkszisz.com\/esszepalyazat-egy-nap-amikor-rajottem-szamitok\/#primaryimage","url":"https:\/\/kmkszisz.com\/wp-content\/uploads\/2026\/03\/619308470_1371352048370121_2228410784114458546_n-1.jpg","contentUrl":"https:\/\/kmkszisz.com\/wp-content\/uploads\/2026\/03\/619308470_1371352048370121_2228410784114458546_n-1.jpg","width":1440,"height":1018},{"@type":"BreadcrumbList","@id":"https:\/\/kmkszisz.com\/esszepalyazat-egy-nap-amikor-rajottem-szamitok\/#breadcrumb","itemListElement":[{"@type":"ListItem","position":1,"name":"Kezd\u0151lap","item":"https:\/\/kmkszisz.com\/"},{"@type":"ListItem","position":2,"name":"Essz\u00e9p\u00e1ly\u00e1zat: \u201eEgy nap, amikor r\u00e1j\u00f6ttem: sz\u00e1m\u00edtok\u201d"}]},{"@type":"WebSite","@id":"https:\/\/kmkszisz.com\/#website","url":"https:\/\/kmkszisz.com\/","name":"K\u00e1rp\u00e1taljai Magyar Kultur\u00e1lis Sz\u00f6vegs\u00e9g Ifj\u00fas\u00e1gi Szervezete","description":"Ez az oldal a KMKSZISZ hivatalos weblapja.","publisher":{"@id":"https:\/\/kmkszisz.com\/#organization"},"potentialAction":[{"@type":"SearchAction","target":{"@type":"EntryPoint","urlTemplate":"https:\/\/kmkszisz.com\/?s={search_term_string}"},"query-input":{"@type":"PropertyValueSpecification","valueRequired":true,"valueName":"search_term_string"}}],"inLanguage":"uk"},{"@type":"Organization","@id":"https:\/\/kmkszisz.com\/#organization","name":"K\u00e1rp\u00e1taljai Magyar Kultur\u00e1lis Sz\u00f6vegs\u00e9g Ifj\u00fas\u00e1gi Szervezete","url":"https:\/\/kmkszisz.com\/","logo":{"@type":"ImageObject","inLanguage":"uk","@id":"https:\/\/kmkszisz.com\/#\/schema\/logo\/image\/","url":"https:\/\/kmkszisz.com\/wp-content\/uploads\/2025\/03\/cropped-KMKSZ-ISZ-logo-szines-hatternelkul-1-scaled.png","contentUrl":"https:\/\/kmkszisz.com\/wp-content\/uploads\/2025\/03\/cropped-KMKSZ-ISZ-logo-szines-hatternelkul-1-scaled.png","width":2560,"height":2230,"caption":"K\u00e1rp\u00e1taljai Magyar Kultur\u00e1lis Sz\u00f6vegs\u00e9g Ifj\u00fas\u00e1gi Szervezete"},"image":{"@id":"https:\/\/kmkszisz.com\/#\/schema\/logo\/image\/"}},{"@type":"Person","@id":"https:\/\/kmkszisz.com\/#\/schema\/person\/65627e728e4eb8a7da6351356bcdbbd2","name":"zbocx6n7zj65","image":{"@type":"ImageObject","inLanguage":"uk","@id":"https:\/\/kmkszisz.com\/#\/schema\/person\/image\/","url":"https:\/\/secure.gravatar.com\/avatar\/8a15a507d04ef98009579dd2a80305aa411710be28eabbfe8b948e9a2687f6ad?s=96&d=mm&r=g","contentUrl":"https:\/\/secure.gravatar.com\/avatar\/8a15a507d04ef98009579dd2a80305aa411710be28eabbfe8b948e9a2687f6ad?s=96&d=mm&r=g","caption":"zbocx6n7zj65"},"url":"https:\/\/kmkszisz.com\/ua\/author\/zbocx6n7zj65\/"}]}},"uagb_featured_image_src":{"full":["https:\/\/kmkszisz.com\/wp-content\/uploads\/2026\/03\/619308470_1371352048370121_2228410784114458546_n-1.jpg",1440,1018,false],"thumbnail":["https:\/\/kmkszisz.com\/wp-content\/uploads\/2026\/03\/619308470_1371352048370121_2228410784114458546_n-1-150x150.jpg",150,150,true],"medium":["https:\/\/kmkszisz.com\/wp-content\/uploads\/2026\/03\/619308470_1371352048370121_2228410784114458546_n-1-300x212.jpg",300,212,true],"medium_large":["https:\/\/kmkszisz.com\/wp-content\/uploads\/2026\/03\/619308470_1371352048370121_2228410784114458546_n-1-768x543.jpg",768,543,true],"large":["https:\/\/kmkszisz.com\/wp-content\/uploads\/2026\/03\/619308470_1371352048370121_2228410784114458546_n-1-1024x724.jpg",1024,724,true],"1536x1536":["https:\/\/kmkszisz.com\/wp-content\/uploads\/2026\/03\/619308470_1371352048370121_2228410784114458546_n-1.jpg",1440,1018,false],"2048x2048":["https:\/\/kmkszisz.com\/wp-content\/uploads\/2026\/03\/619308470_1371352048370121_2228410784114458546_n-1.jpg",1440,1018,false],"trp-custom-language-flag":["https:\/\/kmkszisz.com\/wp-content\/uploads\/2026\/03\/619308470_1371352048370121_2228410784114458546_n-1-18x12.jpg",18,12,true]},"uagb_author_info":{"display_name":"zbocx6n7zj65","author_link":"https:\/\/kmkszisz.com\/ua\/author\/zbocx6n7zj65\/"},"uagb_comment_info":0,"uagb_excerpt":"A KMKSZ Ifj\u00fas\u00e1gi Szervezete essz\u00e9p\u00e1ly\u00e1zatot hirdet Barta J\u00f3zsef, a KMKSZ egykori aleln\u00f6k\u00e9nek eml\u00e9k\u00e9re. A felh\u00edv\u00e1s azon fiatalokhoz sz\u00f3l, akik szeretn\u00e9k [&hellip;]","brizy_media":[],"_links":{"self":[{"href":"https:\/\/kmkszisz.com\/ua\/wp-json\/wp\/v2\/posts\/625","targetHints":{"allow":["GET"]}}],"collection":[{"href":"https:\/\/kmkszisz.com\/ua\/wp-json\/wp\/v2\/posts"}],"about":[{"href":"https:\/\/kmkszisz.com\/ua\/wp-json\/wp\/v2\/types\/post"}],"author":[{"embeddable":true,"href":"https:\/\/kmkszisz.com\/ua\/wp-json\/wp\/v2\/users\/4"}],"replies":[{"embeddable":true,"href":"https:\/\/kmkszisz.com\/ua\/wp-json\/wp\/v2\/comments?post=625"}],"version-history":[{"count":1,"href":"https:\/\/kmkszisz.com\/ua\/wp-json\/wp\/v2\/posts\/625\/revisions"}],"predecessor-version":[{"id":630,"href":"https:\/\/kmkszisz.com\/ua\/wp-json\/wp\/v2\/posts\/625\/revisions\/630"}],"wp:featuredmedia":[{"embeddable":true,"href":"https:\/\/kmkszisz.com\/ua\/wp-json\/wp\/v2\/media\/636"}],"wp:attachment":[{"href":"https:\/\/kmkszisz.com\/ua\/wp-json\/wp\/v2\/media?parent=625"}],"wp:term":[{"taxonomy":"category","embeddable":true,"href":"https:\/\/kmkszisz.com\/ua\/wp-json\/wp\/v2\/categories?post=625"},{"taxonomy":"post_tag","embeddable":true,"href":"https:\/\/kmkszisz.com\/ua\/wp-json\/wp\/v2\/tags?post=625"}],"curies":[{"name":"wp","href":"https:\/\/api.w.org\/{rel}","templated":true}]}}