{"id":627,"date":"2026-03-13T11:09:12","date_gmt":"2026-03-13T11:09:12","guid":{"rendered":"https:\/\/kmkszisz.com\/?p=627"},"modified":"2026-03-16T11:10:39","modified_gmt":"2026-03-16T11:10:39","slug":"golzaporral-es-unnepi-koszontokkel-rajtolt-az-i-beregszaszi-jarasi-kispalyas-focibajnoksag","status":"publish","type":"post","link":"https:\/\/kmkszisz.com\/ua\/golzaporral-es-unnepi-koszontokkel-rajtolt-az-i-beregszaszi-jarasi-kispalyas-focibajnoksag\/","title":{"rendered":"G\u00f3lz\u00e1porral \u00e9s \u00fcnnepi k\u00f6sz\u00f6nt\u0151kkel rajtolt az I. Beregsz\u00e1szi J\u00e1r\u00e1si Kisp\u00e1ly\u00e1s Focibajnoks\u00e1g"},"content":{"rendered":"<p><strong>A k\u00e1rp\u00e1taljai magyar k\u00f6z\u00f6ss\u00e9g sport\u00e9let\u00e9nek \u00fajabb m\u00e9rf\u00f6ldk\u00f6v\u00e9hez \u00e9rkezt\u00fcnk: a KMKSZ Ifj\u00fas\u00e1gi Szervezete (ISZ) \u00fatj\u00e1ra ind\u00edtotta az I. Beregsz\u00e1szi J\u00e1r\u00e1si Kisp\u00e1ly\u00e1s Focibajnoks\u00e1got. A rendezv\u00e9ny nemcsak a verseng\u00e9sr\u0151l, hanem a nemzeti \u00f6sszetartoz\u00e1sr\u00f3l \u00e9s a fiatalok akt\u00edv k\u00f6z\u00f6ss\u00e9gi szerepv\u00e1llal\u00e1s\u00e1r\u00f3l is tan\u00fabizonys\u00e1got tett.<\/strong><\/p>\n\n\n\n<p>A bajnoks\u00e1g megnyit\u00f3 \u00fcnneps\u00e9g\u00e9n a k\u00f6z\u00e9let \u00e9s a sportvil\u00e1g prominens k\u00e9pvisel\u0151i k\u00f6sz\u00f6nt\u00f6tt\u00e9k a csapatokat \u00e9s a szurkol\u00f3kat a beregsz\u00e1szi Bar\u00e1ts\u00e1g Stadionban. <strong>Balogh Gy\u00f6rgy konzul \u00far<\/strong> besz\u00e9d\u00e9ben hangs\u00falyozta, hogy a sport az egyik legjobb eszk\u00f6z a fegyelem \u00e9s a csapatszellem elsaj\u00e1t\u00edt\u00e1s\u00e1ra. <strong>Ohar Roman, a Beregvid\u00e9k SC vezet\u0151edz\u0151je<\/strong> a szakmai alapok fontoss\u00e1g\u00e1t emelte ki, m\u00edg <strong>Dobsa Istv\u00e1n, a KMKSZ ISZ eln\u00f6ke<\/strong> eml\u00e9keztetett: a szervezet c\u00e9lja egy olyan platform megteremt\u00e9se volt, ahol a k\u00e1rp\u00e1taljai fiatalok a p\u00e1ly\u00e1n \u00e9s azon k\u00edv\u00fcl is er\u0151s\u00edthetik egym\u00e1st.<\/p>\n\n\n\n<h3 class=\"wp-block-heading\">G\u00f3lz\u00e1poros nyit\u00e1ny \u00e9s taktikus k\u00fczdelmek<\/h3>\n\n\n\n<p>A bajnoks\u00e1g sportszakmai sz\u00ednvonala m\u00e1r az els\u0151 percekben megmutatkozott. A nyit\u00f3m\u00e9rk\u0151z\u00e9sen a <strong>II. R\u00e1k\u00f3czi Ferenc K\u00e1rp\u00e1taljai Magyar F\u0151iskola<\/strong> v\u00e1logatottja domin\u00e1lt: prec\u00edz passzj\u00e1t\u00e9kkal \u00e9s hat\u00e9kony befejez\u00e9sekkel <strong>6\u20130-s, magabiztos gy\u0151zelmet<\/strong> arattak a Zatysne csapata felett.<\/p>\n\n\n\n<p>A nap m\u00e1sodik \u00f6sszecsap\u00e1sa m\u00e1r j\u00f3val kiegyenl\u00edtettebb j\u00e1t\u00e9kot hozott. A <strong>Tiszakereszt\u00far FC<\/strong> \u00e9s a <strong>K\u00edgy\u00f3s FC<\/strong> k\u00fczdelme igazi taktikai csat\u00e1t tartogatott a n\u00e9z\u0151k sz\u00e1m\u00e1ra. A fordulatos m\u00e9rk\u0151z\u00e9sen v\u00e9g\u00fcl a tiszakereszt\u00fari alakulat bizonyult higadtabbnak, \u00e9s k\u00e9tg\u00f3los el\u0151nnyel siker\u00fclt fel\u00fclkerekedni\u00fck ellenfel\u00fck\u00f6n.<\/p>\n\n\n\n<h3 class=\"wp-block-heading\">A k\u00f6z\u00f6ss\u00e9g ereje a p\u00e1lya sz\u00e9l\u00e9n is<\/h3>\n\n\n\n<p>A szervez\u0151k \u00e9s a megh\u00edvott vend\u00e9gek egyet\u00e9rtettek abban, hogy az ilyen \u00e9s ehhez hasonl\u00f3 kezdem\u00e9nyez\u00e9seknek kulcsszerep\u00fck van a helyi magyars\u00e1g megmarad\u00e1s\u00e1ban \u00e9s a fiatalok sz\u00fcl\u0151f\u00f6ld\u00f6n val\u00f3 boldogul\u00e1s\u00e1ban. A bajnoks\u00e1g sor\u00e1n a Bar\u00e1ts\u00e1g Stadion megtelt \u00e9lettel, bizony\u00edtva, hogy a sport ereje k\u00e9pes mozg\u00f3s\u00edtani \u00e9s egys\u00e9gbe kov\u00e1csolni a beregsz\u00e1szi j\u00e1r\u00e1s telep\u00fcl\u00e9seit.<\/p>\n\n\n\n<p>A torna tov\u00e1bbi m\u00e9rk\u0151z\u00e9sei \u00e9s a v\u00e9gs\u0151 eredm\u00e9nyek folyamatosan k\u00f6vethet\u0151ek lesznek a KMKSZ ISZ hivatalos fel\u00fcletein.<\/p>","protected":false},"excerpt":{"rendered":"<p>A k\u00e1rp\u00e1taljai magyar k\u00f6z\u00f6ss\u00e9g sport\u00e9let\u00e9nek \u00fajabb m\u00e9rf\u00f6ldk\u00f6v\u00e9hez \u00e9rkezt\u00fcnk: a KMKSZ Ifj\u00fas\u00e1gi Szervezete (ISZ) \u00fatj\u00e1ra ind\u00edtotta az I. Beregsz\u00e1szi J\u00e1r\u00e1si Kisp\u00e1ly\u00e1s [&hellip;]<\/p>","protected":false},"author":4,"featured_media":628,"comment_status":"open","ping_status":"open","sticky":false,"template":"","format":"standard","meta":{"_uag_custom_page_level_css":"","site-sidebar-layout":"default","site-content-layout":"","ast-site-content-layout":"default","site-content-style":"default","site-sidebar-style":"default","ast-global-header-display":"","ast-banner-title-visibility":"","ast-main-header-display":"","ast-hfb-above-header-display":"","ast-hfb-below-header-display":"","ast-hfb-mobile-header-display":"","site-post-title":"","ast-breadcrumbs-content":"","ast-featured-img":"","footer-sml-layout":"","ast-disable-related-posts":"","theme-transparent-header-meta":"","adv-header-id-meta":"","stick-header-meta":"","header-above-stick-meta":"","header-main-stick-meta":"","header-below-stick-meta":"","astra-migrate-meta-layouts":"default","ast-page-background-enabled":"default","ast-page-background-meta":{"desktop":{"background-color":"var(--ast-global-color-4)","background-image":"","background-repeat":"repeat","background-position":"center center","background-size":"auto","background-attachment":"scroll","background-type":"","background-media":"","overlay-type":"","overlay-color":"","overlay-opacity":"","overlay-gradient":""},"tablet":{"background-color":"","background-image":"","background-repeat":"repeat","background-position":"center center","background-size":"auto","background-attachment":"scroll","background-type":"","background-media":"","overlay-type":"","overlay-color":"","overlay-opacity":"","overlay-gradient":""},"mobile":{"background-color":"","background-image":"","background-repeat":"repeat","background-position":"center center","background-size":"auto","background-attachment":"scroll","background-type":"","background-media":"","overlay-type":"","overlay-color":"","overlay-opacity":"","overlay-gradient":""}},"ast-content-background-meta":{"desktop":{"background-color":"var(--ast-global-color-5)","background-image":"","background-repeat":"repeat","background-position":"center center","background-size":"auto","background-attachment":"scroll","background-type":"","background-media":"","overlay-type":"","overlay-color":"","overlay-opacity":"","overlay-gradient":""},"tablet":{"background-color":"var(--ast-global-color-5)","background-image":"","background-repeat":"repeat","background-position":"center center","background-size":"auto","background-attachment":"scroll","background-type":"","background-media":"","overlay-type":"","overlay-color":"","overlay-opacity":"","overlay-gradient":""},"mobile":{"background-color":"var(--ast-global-color-5)","background-image":"","background-repeat":"repeat","background-position":"center center","background-size":"auto","background-attachment":"scroll","background-type":"","background-media":"","overlay-type":"","overlay-color":"","overlay-opacity":"","overlay-gradient":""}},"footnotes":""},"categories":[1],"tags":[],"class_list":["post-627","post","type-post","status-publish","format-standard","has-post-thumbnail","hentry","category-uncategorized"],"yoast_head":"<!-- This site is optimized with the Yoast SEO plugin v25.2 - https:\/\/yoast.com\/wordpress\/plugins\/seo\/ -->\n<title>G\u00f3lz\u00e1porral \u00e9s \u00fcnnepi k\u00f6sz\u00f6nt\u0151kkel rajtolt az I. Beregsz\u00e1szi J\u00e1r\u00e1si Kisp\u00e1ly\u00e1s Focibajnoks\u00e1g - K\u00e1rp\u00e1taljai Magyar Kultur\u00e1lis Sz\u00f6vegs\u00e9g Ifj\u00fas\u00e1gi Szervezete<\/title>\n<meta name=\"robots\" content=\"index, follow, max-snippet:-1, max-image-preview:large, max-video-preview:-1\" \/>\n<link rel=\"canonical\" href=\"https:\/\/kmkszisz.com\/ua\/golzaporral-es-unnepi-koszontokkel-rajtolt-az-i-beregszaszi-jarasi-kispalyas-focibajnoksag\/\" \/>\n<meta property=\"og:locale\" content=\"uk_UA\" \/>\n<meta property=\"og:type\" content=\"article\" \/>\n<meta property=\"og:title\" content=\"G\u00f3lz\u00e1porral \u00e9s \u00fcnnepi k\u00f6sz\u00f6nt\u0151kkel rajtolt az I. Beregsz\u00e1szi J\u00e1r\u00e1si Kisp\u00e1ly\u00e1s Focibajnoks\u00e1g - K\u00e1rp\u00e1taljai Magyar Kultur\u00e1lis Sz\u00f6vegs\u00e9g Ifj\u00fas\u00e1gi Szervezete\" \/>\n<meta property=\"og:description\" content=\"A k\u00e1rp\u00e1taljai magyar k\u00f6z\u00f6ss\u00e9g sport\u00e9let\u00e9nek \u00fajabb m\u00e9rf\u00f6ldk\u00f6v\u00e9hez \u00e9rkezt\u00fcnk: a KMKSZ Ifj\u00fas\u00e1gi Szervezete (ISZ) \u00fatj\u00e1ra ind\u00edtotta az I. Beregsz\u00e1szi J\u00e1r\u00e1si Kisp\u00e1ly\u00e1s [&hellip;]\" \/>\n<meta property=\"og:url\" content=\"https:\/\/kmkszisz.com\/ua\/golzaporral-es-unnepi-koszontokkel-rajtolt-az-i-beregszaszi-jarasi-kispalyas-focibajnoksag\/\" \/>\n<meta property=\"og:site_name\" content=\"K\u00e1rp\u00e1taljai Magyar Kultur\u00e1lis Sz\u00f6vegs\u00e9g Ifj\u00fas\u00e1gi Szervezete\" \/>\n<meta property=\"article:published_time\" content=\"2026-03-13T11:09:12+00:00\" \/>\n<meta property=\"article:modified_time\" content=\"2026-03-16T11:10:39+00:00\" \/>\n<meta property=\"og:image\" content=\"https:\/\/kmkszisz.com\/wp-content\/uploads\/2026\/03\/649327618_1412926994212626_1596642213155820972_n.jpg\" \/>\n\t<meta property=\"og:image:width\" content=\"2048\" \/>\n\t<meta property=\"og:image:height\" content=\"1155\" \/>\n\t<meta property=\"og:image:type\" content=\"image\/jpeg\" \/>\n<meta name=\"author\" content=\"zbocx6n7zj65\" \/>\n<meta name=\"twitter:card\" content=\"summary_large_image\" \/>\n<meta name=\"twitter:label1\" content=\"\u041d\u0430\u043f\u0438\u0441\u0430\u043d\u043e\" \/>\n\t<meta name=\"twitter:data1\" content=\"zbocx6n7zj65\" \/>\n\t<meta name=\"twitter:label2\" content=\"\u041f\u0440\u0438\u0431\u043b. \u0447\u0430\u0441 \u0447\u0438\u0442\u0430\u043d\u043d\u044f\" \/>\n\t<meta name=\"twitter:data2\" content=\"2 \u0445\u0432\u0438\u043b\u0438\u043d\u0438\" \/>\n<script type=\"application\/ld+json\" class=\"yoast-schema-graph\">{\"@context\":\"https:\/\/schema.org\",\"@graph\":[{\"@type\":\"Article\",\"@id\":\"https:\/\/kmkszisz.com\/golzaporral-es-unnepi-koszontokkel-rajtolt-az-i-beregszaszi-jarasi-kispalyas-focibajnoksag\/#article\",\"isPartOf\":{\"@id\":\"https:\/\/kmkszisz.com\/golzaporral-es-unnepi-koszontokkel-rajtolt-az-i-beregszaszi-jarasi-kispalyas-focibajnoksag\/\"},\"author\":{\"name\":\"zbocx6n7zj65\",\"@id\":\"https:\/\/kmkszisz.com\/#\/schema\/person\/65627e728e4eb8a7da6351356bcdbbd2\"},\"headline\":\"G\u00f3lz\u00e1porral \u00e9s \u00fcnnepi k\u00f6sz\u00f6nt\u0151kkel rajtolt az I. Beregsz\u00e1szi J\u00e1r\u00e1si Kisp\u00e1ly\u00e1s Focibajnoks\u00e1g\",\"datePublished\":\"2026-03-13T11:09:12+00:00\",\"dateModified\":\"2026-03-16T11:10:39+00:00\",\"mainEntityOfPage\":{\"@id\":\"https:\/\/kmkszisz.com\/golzaporral-es-unnepi-koszontokkel-rajtolt-az-i-beregszaszi-jarasi-kispalyas-focibajnoksag\/\"},\"wordCount\":472,\"commentCount\":0,\"publisher\":{\"@id\":\"https:\/\/kmkszisz.com\/#organization\"},\"image\":{\"@id\":\"https:\/\/kmkszisz.com\/golzaporral-es-unnepi-koszontokkel-rajtolt-az-i-beregszaszi-jarasi-kispalyas-focibajnoksag\/#primaryimage\"},\"thumbnailUrl\":\"https:\/\/kmkszisz.com\/wp-content\/uploads\/2026\/03\/649327618_1412926994212626_1596642213155820972_n.jpg\",\"articleSection\":[\"Uncategorized\"],\"inLanguage\":\"uk\",\"potentialAction\":[{\"@type\":\"CommentAction\",\"name\":\"Comment\",\"target\":[\"https:\/\/kmkszisz.com\/golzaporral-es-unnepi-koszontokkel-rajtolt-az-i-beregszaszi-jarasi-kispalyas-focibajnoksag\/#respond\"]}]},{\"@type\":\"WebPage\",\"@id\":\"https:\/\/kmkszisz.com\/golzaporral-es-unnepi-koszontokkel-rajtolt-az-i-beregszaszi-jarasi-kispalyas-focibajnoksag\/\",\"url\":\"https:\/\/kmkszisz.com\/golzaporral-es-unnepi-koszontokkel-rajtolt-az-i-beregszaszi-jarasi-kispalyas-focibajnoksag\/\",\"name\":\"G\u00f3lz\u00e1porral \u00e9s \u00fcnnepi k\u00f6sz\u00f6nt\u0151kkel rajtolt az I. Beregsz\u00e1szi J\u00e1r\u00e1si Kisp\u00e1ly\u00e1s Focibajnoks\u00e1g - K\u00e1rp\u00e1taljai Magyar Kultur\u00e1lis Sz\u00f6vegs\u00e9g Ifj\u00fas\u00e1gi Szervezete\",\"isPartOf\":{\"@id\":\"https:\/\/kmkszisz.com\/#website\"},\"primaryImageOfPage\":{\"@id\":\"https:\/\/kmkszisz.com\/golzaporral-es-unnepi-koszontokkel-rajtolt-az-i-beregszaszi-jarasi-kispalyas-focibajnoksag\/#primaryimage\"},\"image\":{\"@id\":\"https:\/\/kmkszisz.com\/golzaporral-es-unnepi-koszontokkel-rajtolt-az-i-beregszaszi-jarasi-kispalyas-focibajnoksag\/#primaryimage\"},\"thumbnailUrl\":\"https:\/\/kmkszisz.com\/wp-content\/uploads\/2026\/03\/649327618_1412926994212626_1596642213155820972_n.jpg\",\"datePublished\":\"2026-03-13T11:09:12+00:00\",\"dateModified\":\"2026-03-16T11:10:39+00:00\",\"breadcrumb\":{\"@id\":\"https:\/\/kmkszisz.com\/golzaporral-es-unnepi-koszontokkel-rajtolt-az-i-beregszaszi-jarasi-kispalyas-focibajnoksag\/#breadcrumb\"},\"inLanguage\":\"uk\",\"potentialAction\":[{\"@type\":\"ReadAction\",\"target\":[\"https:\/\/kmkszisz.com\/golzaporral-es-unnepi-koszontokkel-rajtolt-az-i-beregszaszi-jarasi-kispalyas-focibajnoksag\/\"]}]},{\"@type\":\"ImageObject\",\"inLanguage\":\"uk\",\"@id\":\"https:\/\/kmkszisz.com\/golzaporral-es-unnepi-koszontokkel-rajtolt-az-i-beregszaszi-jarasi-kispalyas-focibajnoksag\/#primaryimage\",\"url\":\"https:\/\/kmkszisz.com\/wp-content\/uploads\/2026\/03\/649327618_1412926994212626_1596642213155820972_n.jpg\",\"contentUrl\":\"https:\/\/kmkszisz.com\/wp-content\/uploads\/2026\/03\/649327618_1412926994212626_1596642213155820972_n.jpg\",\"width\":2048,\"height\":1155},{\"@type\":\"BreadcrumbList\",\"@id\":\"https:\/\/kmkszisz.com\/golzaporral-es-unnepi-koszontokkel-rajtolt-az-i-beregszaszi-jarasi-kispalyas-focibajnoksag\/#breadcrumb\",\"itemListElement\":[{\"@type\":\"ListItem\",\"position\":1,\"name\":\"Kezd\u0151lap\",\"item\":\"https:\/\/kmkszisz.com\/\"},{\"@type\":\"ListItem\",\"position\":2,\"name\":\"G\u00f3lz\u00e1porral \u00e9s \u00fcnnepi k\u00f6sz\u00f6nt\u0151kkel rajtolt az I. Beregsz\u00e1szi J\u00e1r\u00e1si Kisp\u00e1ly\u00e1s Focibajnoks\u00e1g\"}]},{\"@type\":\"WebSite\",\"@id\":\"https:\/\/kmkszisz.com\/#website\",\"url\":\"https:\/\/kmkszisz.com\/\",\"name\":\"K\u00e1rp\u00e1taljai Magyar Kultur\u00e1lis Sz\u00f6vegs\u00e9g Ifj\u00fas\u00e1gi Szervezete\",\"description\":\"Ez az oldal a KMKSZISZ hivatalos weblapja.\",\"publisher\":{\"@id\":\"https:\/\/kmkszisz.com\/#organization\"},\"potentialAction\":[{\"@type\":\"SearchAction\",\"target\":{\"@type\":\"EntryPoint\",\"urlTemplate\":\"https:\/\/kmkszisz.com\/?s={search_term_string}\"},\"query-input\":{\"@type\":\"PropertyValueSpecification\",\"valueRequired\":true,\"valueName\":\"search_term_string\"}}],\"inLanguage\":\"uk\"},{\"@type\":\"Organization\",\"@id\":\"https:\/\/kmkszisz.com\/#organization\",\"name\":\"K\u00e1rp\u00e1taljai Magyar Kultur\u00e1lis Sz\u00f6vegs\u00e9g Ifj\u00fas\u00e1gi Szervezete\",\"url\":\"https:\/\/kmkszisz.com\/\",\"logo\":{\"@type\":\"ImageObject\",\"inLanguage\":\"uk\",\"@id\":\"https:\/\/kmkszisz.com\/#\/schema\/logo\/image\/\",\"url\":\"https:\/\/kmkszisz.com\/wp-content\/uploads\/2025\/03\/cropped-KMKSZ-ISZ-logo-szines-hatternelkul-1-scaled.png\",\"contentUrl\":\"https:\/\/kmkszisz.com\/wp-content\/uploads\/2025\/03\/cropped-KMKSZ-ISZ-logo-szines-hatternelkul-1-scaled.png\",\"width\":2560,\"height\":2230,\"caption\":\"K\u00e1rp\u00e1taljai Magyar Kultur\u00e1lis Sz\u00f6vegs\u00e9g Ifj\u00fas\u00e1gi Szervezete\"},\"image\":{\"@id\":\"https:\/\/kmkszisz.com\/#\/schema\/logo\/image\/\"}},{\"@type\":\"Person\",\"@id\":\"https:\/\/kmkszisz.com\/#\/schema\/person\/65627e728e4eb8a7da6351356bcdbbd2\",\"name\":\"zbocx6n7zj65\",\"image\":{\"@type\":\"ImageObject\",\"inLanguage\":\"uk\",\"@id\":\"https:\/\/kmkszisz.com\/#\/schema\/person\/image\/\",\"url\":\"https:\/\/secure.gravatar.com\/avatar\/8a15a507d04ef98009579dd2a80305aa411710be28eabbfe8b948e9a2687f6ad?s=96&d=mm&r=g\",\"contentUrl\":\"https:\/\/secure.gravatar.com\/avatar\/8a15a507d04ef98009579dd2a80305aa411710be28eabbfe8b948e9a2687f6ad?s=96&d=mm&r=g\",\"caption\":\"zbocx6n7zj65\"},\"url\":\"https:\/\/kmkszisz.com\/ua\/author\/zbocx6n7zj65\/\"}]}<\/script>\n<!-- \/ Yoast SEO plugin. -->","yoast_head_json":{"title":"G\u00f3lz\u00e1porral \u00e9s \u00fcnnepi k\u00f6sz\u00f6nt\u0151kkel rajtolt az I. Beregsz\u00e1szi J\u00e1r\u00e1si Kisp\u00e1ly\u00e1s Focibajnoks\u00e1g - K\u00e1rp\u00e1taljai Magyar Kultur\u00e1lis Sz\u00f6vegs\u00e9g Ifj\u00fas\u00e1gi Szervezete","robots":{"index":"index","follow":"follow","max-snippet":"max-snippet:-1","max-image-preview":"max-image-preview:large","max-video-preview":"max-video-preview:-1"},"canonical":"https:\/\/kmkszisz.com\/ua\/golzaporral-es-unnepi-koszontokkel-rajtolt-az-i-beregszaszi-jarasi-kispalyas-focibajnoksag\/","og_locale":"uk_UA","og_type":"article","og_title":"G\u00f3lz\u00e1porral \u00e9s \u00fcnnepi k\u00f6sz\u00f6nt\u0151kkel rajtolt az I. Beregsz\u00e1szi J\u00e1r\u00e1si Kisp\u00e1ly\u00e1s Focibajnoks\u00e1g - K\u00e1rp\u00e1taljai Magyar Kultur\u00e1lis Sz\u00f6vegs\u00e9g Ifj\u00fas\u00e1gi Szervezete","og_description":"A k\u00e1rp\u00e1taljai magyar k\u00f6z\u00f6ss\u00e9g sport\u00e9let\u00e9nek \u00fajabb m\u00e9rf\u00f6ldk\u00f6v\u00e9hez \u00e9rkezt\u00fcnk: a KMKSZ Ifj\u00fas\u00e1gi Szervezete (ISZ) \u00fatj\u00e1ra ind\u00edtotta az I. Beregsz\u00e1szi J\u00e1r\u00e1si Kisp\u00e1ly\u00e1s [&hellip;]","og_url":"https:\/\/kmkszisz.com\/ua\/golzaporral-es-unnepi-koszontokkel-rajtolt-az-i-beregszaszi-jarasi-kispalyas-focibajnoksag\/","og_site_name":"K\u00e1rp\u00e1taljai Magyar Kultur\u00e1lis Sz\u00f6vegs\u00e9g Ifj\u00fas\u00e1gi Szervezete","article_published_time":"2026-03-13T11:09:12+00:00","article_modified_time":"2026-03-16T11:10:39+00:00","og_image":[{"width":2048,"height":1155,"url":"https:\/\/kmkszisz.com\/wp-content\/uploads\/2026\/03\/649327618_1412926994212626_1596642213155820972_n.jpg","type":"image\/jpeg"}],"author":"zbocx6n7zj65","twitter_card":"summary_large_image","twitter_misc":{"\u041d\u0430\u043f\u0438\u0441\u0430\u043d\u043e":"zbocx6n7zj65","\u041f\u0440\u0438\u0431\u043b. \u0447\u0430\u0441 \u0447\u0438\u0442\u0430\u043d\u043d\u044f":"2 \u0445\u0432\u0438\u043b\u0438\u043d\u0438"},"schema":{"@context":"https:\/\/schema.org","@graph":[{"@type":"Article","@id":"https:\/\/kmkszisz.com\/golzaporral-es-unnepi-koszontokkel-rajtolt-az-i-beregszaszi-jarasi-kispalyas-focibajnoksag\/#article","isPartOf":{"@id":"https:\/\/kmkszisz.com\/golzaporral-es-unnepi-koszontokkel-rajtolt-az-i-beregszaszi-jarasi-kispalyas-focibajnoksag\/"},"author":{"name":"zbocx6n7zj65","@id":"https:\/\/kmkszisz.com\/#\/schema\/person\/65627e728e4eb8a7da6351356bcdbbd2"},"headline":"G\u00f3lz\u00e1porral \u00e9s \u00fcnnepi k\u00f6sz\u00f6nt\u0151kkel rajtolt az I. Beregsz\u00e1szi J\u00e1r\u00e1si Kisp\u00e1ly\u00e1s Focibajnoks\u00e1g","datePublished":"2026-03-13T11:09:12+00:00","dateModified":"2026-03-16T11:10:39+00:00","mainEntityOfPage":{"@id":"https:\/\/kmkszisz.com\/golzaporral-es-unnepi-koszontokkel-rajtolt-az-i-beregszaszi-jarasi-kispalyas-focibajnoksag\/"},"wordCount":472,"commentCount":0,"publisher":{"@id":"https:\/\/kmkszisz.com\/#organization"},"image":{"@id":"https:\/\/kmkszisz.com\/golzaporral-es-unnepi-koszontokkel-rajtolt-az-i-beregszaszi-jarasi-kispalyas-focibajnoksag\/#primaryimage"},"thumbnailUrl":"https:\/\/kmkszisz.com\/wp-content\/uploads\/2026\/03\/649327618_1412926994212626_1596642213155820972_n.jpg","articleSection":["Uncategorized"],"inLanguage":"uk","potentialAction":[{"@type":"CommentAction","name":"Comment","target":["https:\/\/kmkszisz.com\/golzaporral-es-unnepi-koszontokkel-rajtolt-az-i-beregszaszi-jarasi-kispalyas-focibajnoksag\/#respond"]}]},{"@type":"WebPage","@id":"https:\/\/kmkszisz.com\/golzaporral-es-unnepi-koszontokkel-rajtolt-az-i-beregszaszi-jarasi-kispalyas-focibajnoksag\/","url":"https:\/\/kmkszisz.com\/golzaporral-es-unnepi-koszontokkel-rajtolt-az-i-beregszaszi-jarasi-kispalyas-focibajnoksag\/","name":"G\u00f3lz\u00e1porral \u00e9s \u00fcnnepi k\u00f6sz\u00f6nt\u0151kkel rajtolt az I. Beregsz\u00e1szi J\u00e1r\u00e1si Kisp\u00e1ly\u00e1s Focibajnoks\u00e1g - K\u00e1rp\u00e1taljai Magyar Kultur\u00e1lis Sz\u00f6vegs\u00e9g Ifj\u00fas\u00e1gi Szervezete","isPartOf":{"@id":"https:\/\/kmkszisz.com\/#website"},"primaryImageOfPage":{"@id":"https:\/\/kmkszisz.com\/golzaporral-es-unnepi-koszontokkel-rajtolt-az-i-beregszaszi-jarasi-kispalyas-focibajnoksag\/#primaryimage"},"image":{"@id":"https:\/\/kmkszisz.com\/golzaporral-es-unnepi-koszontokkel-rajtolt-az-i-beregszaszi-jarasi-kispalyas-focibajnoksag\/#primaryimage"},"thumbnailUrl":"https:\/\/kmkszisz.com\/wp-content\/uploads\/2026\/03\/649327618_1412926994212626_1596642213155820972_n.jpg","datePublished":"2026-03-13T11:09:12+00:00","dateModified":"2026-03-16T11:10:39+00:00","breadcrumb":{"@id":"https:\/\/kmkszisz.com\/golzaporral-es-unnepi-koszontokkel-rajtolt-az-i-beregszaszi-jarasi-kispalyas-focibajnoksag\/#breadcrumb"},"inLanguage":"uk","potentialAction":[{"@type":"ReadAction","target":["https:\/\/kmkszisz.com\/golzaporral-es-unnepi-koszontokkel-rajtolt-az-i-beregszaszi-jarasi-kispalyas-focibajnoksag\/"]}]},{"@type":"ImageObject","inLanguage":"uk","@id":"https:\/\/kmkszisz.com\/golzaporral-es-unnepi-koszontokkel-rajtolt-az-i-beregszaszi-jarasi-kispalyas-focibajnoksag\/#primaryimage","url":"https:\/\/kmkszisz.com\/wp-content\/uploads\/2026\/03\/649327618_1412926994212626_1596642213155820972_n.jpg","contentUrl":"https:\/\/kmkszisz.com\/wp-content\/uploads\/2026\/03\/649327618_1412926994212626_1596642213155820972_n.jpg","width":2048,"height":1155},{"@type":"BreadcrumbList","@id":"https:\/\/kmkszisz.com\/golzaporral-es-unnepi-koszontokkel-rajtolt-az-i-beregszaszi-jarasi-kispalyas-focibajnoksag\/#breadcrumb","itemListElement":[{"@type":"ListItem","position":1,"name":"Kezd\u0151lap","item":"https:\/\/kmkszisz.com\/"},{"@type":"ListItem","position":2,"name":"G\u00f3lz\u00e1porral \u00e9s \u00fcnnepi k\u00f6sz\u00f6nt\u0151kkel rajtolt az I. Beregsz\u00e1szi J\u00e1r\u00e1si Kisp\u00e1ly\u00e1s Focibajnoks\u00e1g"}]},{"@type":"WebSite","@id":"https:\/\/kmkszisz.com\/#website","url":"https:\/\/kmkszisz.com\/","name":"K\u00e1rp\u00e1taljai Magyar Kultur\u00e1lis Sz\u00f6vegs\u00e9g Ifj\u00fas\u00e1gi Szervezete","description":"Ez az oldal a KMKSZISZ hivatalos weblapja.","publisher":{"@id":"https:\/\/kmkszisz.com\/#organization"},"potentialAction":[{"@type":"SearchAction","target":{"@type":"EntryPoint","urlTemplate":"https:\/\/kmkszisz.com\/?s={search_term_string}"},"query-input":{"@type":"PropertyValueSpecification","valueRequired":true,"valueName":"search_term_string"}}],"inLanguage":"uk"},{"@type":"Organization","@id":"https:\/\/kmkszisz.com\/#organization","name":"K\u00e1rp\u00e1taljai Magyar Kultur\u00e1lis Sz\u00f6vegs\u00e9g Ifj\u00fas\u00e1gi Szervezete","url":"https:\/\/kmkszisz.com\/","logo":{"@type":"ImageObject","inLanguage":"uk","@id":"https:\/\/kmkszisz.com\/#\/schema\/logo\/image\/","url":"https:\/\/kmkszisz.com\/wp-content\/uploads\/2025\/03\/cropped-KMKSZ-ISZ-logo-szines-hatternelkul-1-scaled.png","contentUrl":"https:\/\/kmkszisz.com\/wp-content\/uploads\/2025\/03\/cropped-KMKSZ-ISZ-logo-szines-hatternelkul-1-scaled.png","width":2560,"height":2230,"caption":"K\u00e1rp\u00e1taljai Magyar Kultur\u00e1lis Sz\u00f6vegs\u00e9g Ifj\u00fas\u00e1gi Szervezete"},"image":{"@id":"https:\/\/kmkszisz.com\/#\/schema\/logo\/image\/"}},{"@type":"Person","@id":"https:\/\/kmkszisz.com\/#\/schema\/person\/65627e728e4eb8a7da6351356bcdbbd2","name":"zbocx6n7zj65","image":{"@type":"ImageObject","inLanguage":"uk","@id":"https:\/\/kmkszisz.com\/#\/schema\/person\/image\/","url":"https:\/\/secure.gravatar.com\/avatar\/8a15a507d04ef98009579dd2a80305aa411710be28eabbfe8b948e9a2687f6ad?s=96&d=mm&r=g","contentUrl":"https:\/\/secure.gravatar.com\/avatar\/8a15a507d04ef98009579dd2a80305aa411710be28eabbfe8b948e9a2687f6ad?s=96&d=mm&r=g","caption":"zbocx6n7zj65"},"url":"https:\/\/kmkszisz.com\/ua\/author\/zbocx6n7zj65\/"}]}},"uagb_featured_image_src":{"full":["https:\/\/kmkszisz.com\/wp-content\/uploads\/2026\/03\/649327618_1412926994212626_1596642213155820972_n.jpg",2048,1155,false],"thumbnail":["https:\/\/kmkszisz.com\/wp-content\/uploads\/2026\/03\/649327618_1412926994212626_1596642213155820972_n-150x150.jpg",150,150,true],"medium":["https:\/\/kmkszisz.com\/wp-content\/uploads\/2026\/03\/649327618_1412926994212626_1596642213155820972_n-300x169.jpg",300,169,true],"medium_large":["https:\/\/kmkszisz.com\/wp-content\/uploads\/2026\/03\/649327618_1412926994212626_1596642213155820972_n-768x433.jpg",768,433,true],"large":["https:\/\/kmkszisz.com\/wp-content\/uploads\/2026\/03\/649327618_1412926994212626_1596642213155820972_n-1024x578.jpg",1024,578,true],"1536x1536":["https:\/\/kmkszisz.com\/wp-content\/uploads\/2026\/03\/649327618_1412926994212626_1596642213155820972_n-1536x866.jpg",1536,866,true],"2048x2048":["https:\/\/kmkszisz.com\/wp-content\/uploads\/2026\/03\/649327618_1412926994212626_1596642213155820972_n.jpg",2048,1155,false],"trp-custom-language-flag":["https:\/\/kmkszisz.com\/wp-content\/uploads\/2026\/03\/649327618_1412926994212626_1596642213155820972_n-18x10.jpg",18,10,true]},"uagb_author_info":{"display_name":"zbocx6n7zj65","author_link":"https:\/\/kmkszisz.com\/ua\/author\/zbocx6n7zj65\/"},"uagb_comment_info":0,"uagb_excerpt":"A k\u00e1rp\u00e1taljai magyar k\u00f6z\u00f6ss\u00e9g sport\u00e9let\u00e9nek \u00fajabb m\u00e9rf\u00f6ldk\u00f6v\u00e9hez \u00e9rkezt\u00fcnk: a KMKSZ Ifj\u00fas\u00e1gi Szervezete (ISZ) \u00fatj\u00e1ra ind\u00edtotta az I. Beregsz\u00e1szi J\u00e1r\u00e1si Kisp\u00e1ly\u00e1s [&hellip;]","brizy_media":[],"_links":{"self":[{"href":"https:\/\/kmkszisz.com\/ua\/wp-json\/wp\/v2\/posts\/627","targetHints":{"allow":["GET"]}}],"collection":[{"href":"https:\/\/kmkszisz.com\/ua\/wp-json\/wp\/v2\/posts"}],"about":[{"href":"https:\/\/kmkszisz.com\/ua\/wp-json\/wp\/v2\/types\/post"}],"author":[{"embeddable":true,"href":"https:\/\/kmkszisz.com\/ua\/wp-json\/wp\/v2\/users\/4"}],"replies":[{"embeddable":true,"href":"https:\/\/kmkszisz.com\/ua\/wp-json\/wp\/v2\/comments?post=627"}],"version-history":[{"count":1,"href":"https:\/\/kmkszisz.com\/ua\/wp-json\/wp\/v2\/posts\/627\/revisions"}],"predecessor-version":[{"id":629,"href":"https:\/\/kmkszisz.com\/ua\/wp-json\/wp\/v2\/posts\/627\/revisions\/629"}],"wp:featuredmedia":[{"embeddable":true,"href":"https:\/\/kmkszisz.com\/ua\/wp-json\/wp\/v2\/media\/628"}],"wp:attachment":[{"href":"https:\/\/kmkszisz.com\/ua\/wp-json\/wp\/v2\/media?parent=627"}],"wp:term":[{"taxonomy":"category","embeddable":true,"href":"https:\/\/kmkszisz.com\/ua\/wp-json\/wp\/v2\/categories?post=627"},{"taxonomy":"post_tag","embeddable":true,"href":"https:\/\/kmkszisz.com\/ua\/wp-json\/wp\/v2\/tags?post=627"}],"curies":[{"name":"wp","href":"https:\/\/api.w.org\/{rel}","templated":true}]}}