{"id":632,"date":"2026-03-16T11:14:16","date_gmt":"2026-03-16T11:14:16","guid":{"rendered":"https:\/\/kmkszisz.com\/?p=632"},"modified":"2026-03-16T11:14:20","modified_gmt":"2026-03-16T11:14:20","slug":"legyen-beke-szabadsag-es-egyetertes-marcius-15-uzenete-karpataljan","status":"publish","type":"post","link":"https:\/\/kmkszisz.com\/ua\/legyen-beke-szabadsag-es-egyetertes-marcius-15-uzenete-karpataljan\/","title":{"rendered":"\u201eLegyen b\u00e9ke, szabads\u00e1g \u00e9s egyet\u00e9rt\u00e9s!\u201d \u2013 M\u00e1rcius 15. \u00fczenete K\u00e1rp\u00e1talj\u00e1n"},"content":{"rendered":"<p><strong>1848. m\u00e1rcius 15-e a magyar nemzet szabads\u00e1gv\u00e1gy\u00e1nak \u00e9s rend\u00edthetetlen egys\u00e9g\u00e9nek \u00f6r\u00f6k szimb\u00f3luma. Ma, t\u00f6bb mint m\u00e1sf\u00e9l \u00e9vsz\u00e1zaddal a pesti esem\u00e9nyek ut\u00e1n, a Pilvax k\u00e1v\u00e9h\u00e1z \u00e9s a M\u00fazeumkert falai k\u00f6z\u00f6tt sz\u00fcletett eszme nemcsak t\u00f6rt\u00e9nelem, hanem \u00e9l\u0151 ir\u00e1nyt\u0171 minden magyar sz\u00e1m\u00e1ra, \u00e9ljen b\u00e1rhol is a vil\u00e1gban.<\/strong><\/p>\n\n\n\n<p>Amikor a m\u00e1rciusi ifjak megfogalmazt\u00e1k a 12 pontot, az els\u0151 \u00e9s legfontosabb mondatuk \u00edgy hangzott: <em>\u201eLegyen b\u00e9ke, szabads\u00e1g \u00e9s egyet\u00e9rt\u00e9s!\u201d<\/em> Ez a h\u00e1rom sz\u00f3 ma, K\u00e1rp\u00e1talj\u00e1n tal\u00e1n aktu\u00e1lisabb \u00e9s s\u00falyosabb, mint valaha.<\/p>\n\n\n\n<h3 class=\"wp-block-heading\">A szabads\u00e1g, mint k\u00f6z\u00f6s \u00f6r\u00f6ks\u00e9g<\/h3>\n\n\n\n<p>M\u00e1rcius 15-e nem csup\u00e1n a kok\u00e1rd\u00e1kr\u00f3l \u00e9s az \u00fcnnepi besz\u00e9dekr\u0151l sz\u00f3l. Arr\u00f3l a b\u00e1tors\u00e1gr\u00f3l eml\u00e9kez\u00fcnk meg, amellyel d\u00e9dap\u00e1ink ki\u00e1lltak a jogaik\u00e9rt, a nyelv\u00fck\u00e9rt \u00e9s a j\u00f6v\u0151j\u00fck\u00e9rt. 1848 tavasza bebizony\u00edtotta, hogy a magyar nemzet k\u00e9pes az \u00f6sszefog\u00e1sra, ha a szabads\u00e1g a t\u00e9t. Ez az az \u00f6r\u00f6ks\u00e9g, amelyet mi, k\u00e1rp\u00e1taljai magyarok is a sz\u00edv\u00fcnkben hordozunk: a h\u0171s\u00e9g a sz\u00fcl\u0151f\u00f6ldh\u00f6z \u00e9s a szabads\u00e1gunkhoz val\u00f3 ragaszkod\u00e1s.<\/p>\n\n\n\n<h3 class=\"wp-block-heading\">B\u00e9ke \u00e9s egyet\u00e9rt\u00e9s a mindennapokban<\/h3>\n\n\n\n<p>A 12 pont z\u00e1r\u00f3mondata nem v\u00e9letlen\u00fcl kezd\u0151dik a <strong>b\u00e9ke<\/strong> szav\u00e1val. Sz\u00e1munkra ez ma nem csup\u00e1n politikai fogalom, hanem a legm\u00e9lyebb emberi v\u00e1gyunk. A b\u00e9ke alapozza meg a j\u00f6v\u0151t, a szabads\u00e1g adja meg annak m\u00e9lt\u00f3s\u00e1g\u00e1t, az egyet\u00e9rt\u00e9s pedig azt az er\u0151t, amellyel k\u00f6z\u00f6ss\u00e9gk\u00e9nt talpon maradhatunk.<\/p>\n\n\n\n<p>A KMKSZ hitvall\u00e1sa szerint az egyet\u00e9rt\u00e9s nem azt jelenti, hogy mindenben ugyanazt gondoljuk, hanem azt, hogy a legfontosabb k\u00e9rd\u00e9sekben \u2013 mint a megmarad\u00e1sunk, az oktat\u00e1sunk \u00e9s a kult\u00far\u00e1nk v\u00e9delme \u2013 egy ir\u00e1nyba n\u00e9z\u00fcnk.<\/p>\n\n\n\n<h3 class=\"wp-block-heading\">A jelen felel\u0151ss\u00e9ge<\/h3>\n\n\n\n<p>A szabads\u00e1gharc h\u0151sei, Pet\u0151fi S\u00e1ndor, Sz\u00e9chenyi Istv\u00e1n vagy Kossuth Lajos p\u00e9ld\u00e1ja arra tan\u00edt minket, hogy a szabads\u00e1g nem aj\u00e1nd\u00e9k, hanem folyamatos munka \u00e9s felel\u0151ss\u00e9gv\u00e1llal\u00e1s. Amikor anyanyelv\u00fcnk\u00f6n tanulunk, amikor \u00e1poljuk hagyom\u00e1nyainkat, vagy amikor seg\u00edtj\u00fck bajba jutott felebar\u00e1tainkat, mi magunk is a &#8217;48-as eszm\u00e9k \u00f6r\u00f6k\u00f6sei vagyunk.<\/p>\n\n\n\n<p><strong>\u201eLegyen b\u00e9ke, szabads\u00e1g \u00e9s egyet\u00e9rt\u00e9s!\u201d<\/strong> \u2013 hirdess\u00fck ezen az \u00fcnnepen is, b\u00edzva abban, hogy a m\u00e1rciusi sz\u00e9l ereje ma is k\u00e9pes meg\u00faj\u00edtani k\u00f6z\u00f6ss\u00e9g\u00fcnket, \u00e9s hitet adni a holnaphoz.<\/p>\n\n\n\n<p><\/p>","protected":false},"excerpt":{"rendered":"<p>1848. m\u00e1rcius 15-e a magyar nemzet szabads\u00e1gv\u00e1gy\u00e1nak \u00e9s rend\u00edthetetlen egys\u00e9g\u00e9nek \u00f6r\u00f6k szimb\u00f3luma. Ma, t\u00f6bb mint m\u00e1sf\u00e9l \u00e9vsz\u00e1zaddal a pesti esem\u00e9nyek [&hellip;]<\/p>","protected":false},"author":4,"featured_media":634,"comment_status":"open","ping_status":"open","sticky":false,"template":"","format":"standard","meta":{"_uag_custom_page_level_css":"","site-sidebar-layout":"default","site-content-layout":"","ast-site-content-layout":"default","site-content-style":"default","site-sidebar-style":"default","ast-global-header-display":"","ast-banner-title-visibility":"","ast-main-header-display":"","ast-hfb-above-header-display":"","ast-hfb-below-header-display":"","ast-hfb-mobile-header-display":"","site-post-title":"","ast-breadcrumbs-content":"","ast-featured-img":"","footer-sml-layout":"","ast-disable-related-posts":"","theme-transparent-header-meta":"","adv-header-id-meta":"","stick-header-meta":"","header-above-stick-meta":"","header-main-stick-meta":"","header-below-stick-meta":"","astra-migrate-meta-layouts":"default","ast-page-background-enabled":"default","ast-page-background-meta":{"desktop":{"background-color":"var(--ast-global-color-4)","background-image":"","background-repeat":"repeat","background-position":"center center","background-size":"auto","background-attachment":"scroll","background-type":"","background-media":"","overlay-type":"","overlay-color":"","overlay-opacity":"","overlay-gradient":""},"tablet":{"background-color":"","background-image":"","background-repeat":"repeat","background-position":"center center","background-size":"auto","background-attachment":"scroll","background-type":"","background-media":"","overlay-type":"","overlay-color":"","overlay-opacity":"","overlay-gradient":""},"mobile":{"background-color":"","background-image":"","background-repeat":"repeat","background-position":"center center","background-size":"auto","background-attachment":"scroll","background-type":"","background-media":"","overlay-type":"","overlay-color":"","overlay-opacity":"","overlay-gradient":""}},"ast-content-background-meta":{"desktop":{"background-color":"var(--ast-global-color-5)","background-image":"","background-repeat":"repeat","background-position":"center center","background-size":"auto","background-attachment":"scroll","background-type":"","background-media":"","overlay-type":"","overlay-color":"","overlay-opacity":"","overlay-gradient":""},"tablet":{"background-color":"var(--ast-global-color-5)","background-image":"","background-repeat":"repeat","background-position":"center center","background-size":"auto","background-attachment":"scroll","background-type":"","background-media":"","overlay-type":"","overlay-color":"","overlay-opacity":"","overlay-gradient":""},"mobile":{"background-color":"var(--ast-global-color-5)","background-image":"","background-repeat":"repeat","background-position":"center center","background-size":"auto","background-attachment":"scroll","background-type":"","background-media":"","overlay-type":"","overlay-color":"","overlay-opacity":"","overlay-gradient":""}},"footnotes":""},"categories":[1],"tags":[],"class_list":["post-632","post","type-post","status-publish","format-standard","has-post-thumbnail","hentry","category-uncategorized"],"yoast_head":"<!-- This site is optimized with the Yoast SEO plugin v25.2 - https:\/\/yoast.com\/wordpress\/plugins\/seo\/ -->\n<title>\u201eLegyen b\u00e9ke, szabads\u00e1g \u00e9s egyet\u00e9rt\u00e9s!\u201d \u2013 M\u00e1rcius 15. \u00fczenete K\u00e1rp\u00e1talj\u00e1n - K\u00e1rp\u00e1taljai Magyar Kultur\u00e1lis Sz\u00f6vegs\u00e9g Ifj\u00fas\u00e1gi Szervezete<\/title>\n<meta name=\"robots\" content=\"index, follow, max-snippet:-1, max-image-preview:large, max-video-preview:-1\" \/>\n<link rel=\"canonical\" href=\"https:\/\/kmkszisz.com\/ua\/legyen-beke-szabadsag-es-egyetertes-marcius-15-uzenete-karpataljan\/\" \/>\n<meta property=\"og:locale\" content=\"uk_UA\" \/>\n<meta property=\"og:type\" content=\"article\" \/>\n<meta property=\"og:title\" content=\"\u201eLegyen b\u00e9ke, szabads\u00e1g \u00e9s egyet\u00e9rt\u00e9s!\u201d \u2013 M\u00e1rcius 15. \u00fczenete K\u00e1rp\u00e1talj\u00e1n - K\u00e1rp\u00e1taljai Magyar Kultur\u00e1lis Sz\u00f6vegs\u00e9g Ifj\u00fas\u00e1gi Szervezete\" \/>\n<meta property=\"og:description\" content=\"1848. m\u00e1rcius 15-e a magyar nemzet szabads\u00e1gv\u00e1gy\u00e1nak \u00e9s rend\u00edthetetlen egys\u00e9g\u00e9nek \u00f6r\u00f6k szimb\u00f3luma. Ma, t\u00f6bb mint m\u00e1sf\u00e9l \u00e9vsz\u00e1zaddal a pesti esem\u00e9nyek [&hellip;]\" \/>\n<meta property=\"og:url\" content=\"https:\/\/kmkszisz.com\/ua\/legyen-beke-szabadsag-es-egyetertes-marcius-15-uzenete-karpataljan\/\" \/>\n<meta property=\"og:site_name\" content=\"K\u00e1rp\u00e1taljai Magyar Kultur\u00e1lis Sz\u00f6vegs\u00e9g Ifj\u00fas\u00e1gi Szervezete\" \/>\n<meta property=\"article:published_time\" content=\"2026-03-16T11:14:16+00:00\" \/>\n<meta property=\"article:modified_time\" content=\"2026-03-16T11:14:20+00:00\" \/>\n<meta property=\"og:image\" content=\"https:\/\/kmkszisz.com\/wp-content\/uploads\/2026\/03\/653701330_1414168330755159_7722000309574044605_n.jpg\" \/>\n\t<meta property=\"og:image:width\" content=\"1108\" \/>\n\t<meta property=\"og:image:height\" content=\"623\" \/>\n\t<meta property=\"og:image:type\" content=\"image\/jpeg\" \/>\n<meta name=\"author\" content=\"zbocx6n7zj65\" \/>\n<meta name=\"twitter:card\" content=\"summary_large_image\" \/>\n<meta name=\"twitter:label1\" content=\"\u041d\u0430\u043f\u0438\u0441\u0430\u043d\u043e\" \/>\n\t<meta name=\"twitter:data1\" content=\"zbocx6n7zj65\" \/>\n\t<meta name=\"twitter:label2\" content=\"\u041f\u0440\u0438\u0431\u043b. \u0447\u0430\u0441 \u0447\u0438\u0442\u0430\u043d\u043d\u044f\" \/>\n\t<meta name=\"twitter:data2\" content=\"2 \u0445\u0432\u0438\u043b\u0438\u043d\u0438\" \/>\n<script type=\"application\/ld+json\" class=\"yoast-schema-graph\">{\"@context\":\"https:\/\/schema.org\",\"@graph\":[{\"@type\":\"Article\",\"@id\":\"https:\/\/kmkszisz.com\/legyen-beke-szabadsag-es-egyetertes-marcius-15-uzenete-karpataljan\/#article\",\"isPartOf\":{\"@id\":\"https:\/\/kmkszisz.com\/legyen-beke-szabadsag-es-egyetertes-marcius-15-uzenete-karpataljan\/\"},\"author\":{\"name\":\"zbocx6n7zj65\",\"@id\":\"https:\/\/kmkszisz.com\/#\/schema\/person\/65627e728e4eb8a7da6351356bcdbbd2\"},\"headline\":\"\u201eLegyen b\u00e9ke, szabads\u00e1g \u00e9s egyet\u00e9rt\u00e9s!\u201d \u2013 M\u00e1rcius 15. \u00fczenete K\u00e1rp\u00e1talj\u00e1n\",\"datePublished\":\"2026-03-16T11:14:16+00:00\",\"dateModified\":\"2026-03-16T11:14:20+00:00\",\"mainEntityOfPage\":{\"@id\":\"https:\/\/kmkszisz.com\/legyen-beke-szabadsag-es-egyetertes-marcius-15-uzenete-karpataljan\/\"},\"wordCount\":483,\"commentCount\":0,\"publisher\":{\"@id\":\"https:\/\/kmkszisz.com\/#organization\"},\"image\":{\"@id\":\"https:\/\/kmkszisz.com\/legyen-beke-szabadsag-es-egyetertes-marcius-15-uzenete-karpataljan\/#primaryimage\"},\"thumbnailUrl\":\"https:\/\/kmkszisz.com\/wp-content\/uploads\/2026\/03\/653701330_1414168330755159_7722000309574044605_n.jpg\",\"articleSection\":[\"Uncategorized\"],\"inLanguage\":\"uk\",\"potentialAction\":[{\"@type\":\"CommentAction\",\"name\":\"Comment\",\"target\":[\"https:\/\/kmkszisz.com\/legyen-beke-szabadsag-es-egyetertes-marcius-15-uzenete-karpataljan\/#respond\"]}]},{\"@type\":\"WebPage\",\"@id\":\"https:\/\/kmkszisz.com\/legyen-beke-szabadsag-es-egyetertes-marcius-15-uzenete-karpataljan\/\",\"url\":\"https:\/\/kmkszisz.com\/legyen-beke-szabadsag-es-egyetertes-marcius-15-uzenete-karpataljan\/\",\"name\":\"\u201eLegyen b\u00e9ke, szabads\u00e1g \u00e9s egyet\u00e9rt\u00e9s!\u201d \u2013 M\u00e1rcius 15. \u00fczenete K\u00e1rp\u00e1talj\u00e1n - K\u00e1rp\u00e1taljai Magyar Kultur\u00e1lis Sz\u00f6vegs\u00e9g Ifj\u00fas\u00e1gi Szervezete\",\"isPartOf\":{\"@id\":\"https:\/\/kmkszisz.com\/#website\"},\"primaryImageOfPage\":{\"@id\":\"https:\/\/kmkszisz.com\/legyen-beke-szabadsag-es-egyetertes-marcius-15-uzenete-karpataljan\/#primaryimage\"},\"image\":{\"@id\":\"https:\/\/kmkszisz.com\/legyen-beke-szabadsag-es-egyetertes-marcius-15-uzenete-karpataljan\/#primaryimage\"},\"thumbnailUrl\":\"https:\/\/kmkszisz.com\/wp-content\/uploads\/2026\/03\/653701330_1414168330755159_7722000309574044605_n.jpg\",\"datePublished\":\"2026-03-16T11:14:16+00:00\",\"dateModified\":\"2026-03-16T11:14:20+00:00\",\"breadcrumb\":{\"@id\":\"https:\/\/kmkszisz.com\/legyen-beke-szabadsag-es-egyetertes-marcius-15-uzenete-karpataljan\/#breadcrumb\"},\"inLanguage\":\"uk\",\"potentialAction\":[{\"@type\":\"ReadAction\",\"target\":[\"https:\/\/kmkszisz.com\/legyen-beke-szabadsag-es-egyetertes-marcius-15-uzenete-karpataljan\/\"]}]},{\"@type\":\"ImageObject\",\"inLanguage\":\"uk\",\"@id\":\"https:\/\/kmkszisz.com\/legyen-beke-szabadsag-es-egyetertes-marcius-15-uzenete-karpataljan\/#primaryimage\",\"url\":\"https:\/\/kmkszisz.com\/wp-content\/uploads\/2026\/03\/653701330_1414168330755159_7722000309574044605_n.jpg\",\"contentUrl\":\"https:\/\/kmkszisz.com\/wp-content\/uploads\/2026\/03\/653701330_1414168330755159_7722000309574044605_n.jpg\",\"width\":1108,\"height\":623},{\"@type\":\"BreadcrumbList\",\"@id\":\"https:\/\/kmkszisz.com\/legyen-beke-szabadsag-es-egyetertes-marcius-15-uzenete-karpataljan\/#breadcrumb\",\"itemListElement\":[{\"@type\":\"ListItem\",\"position\":1,\"name\":\"Kezd\u0151lap\",\"item\":\"https:\/\/kmkszisz.com\/\"},{\"@type\":\"ListItem\",\"position\":2,\"name\":\"\u201eLegyen b\u00e9ke, szabads\u00e1g \u00e9s egyet\u00e9rt\u00e9s!\u201d \u2013 M\u00e1rcius 15. \u00fczenete K\u00e1rp\u00e1talj\u00e1n\"}]},{\"@type\":\"WebSite\",\"@id\":\"https:\/\/kmkszisz.com\/#website\",\"url\":\"https:\/\/kmkszisz.com\/\",\"name\":\"K\u00e1rp\u00e1taljai Magyar Kultur\u00e1lis Sz\u00f6vegs\u00e9g Ifj\u00fas\u00e1gi Szervezete\",\"description\":\"Ez az oldal a KMKSZISZ hivatalos weblapja.\",\"publisher\":{\"@id\":\"https:\/\/kmkszisz.com\/#organization\"},\"potentialAction\":[{\"@type\":\"SearchAction\",\"target\":{\"@type\":\"EntryPoint\",\"urlTemplate\":\"https:\/\/kmkszisz.com\/?s={search_term_string}\"},\"query-input\":{\"@type\":\"PropertyValueSpecification\",\"valueRequired\":true,\"valueName\":\"search_term_string\"}}],\"inLanguage\":\"uk\"},{\"@type\":\"Organization\",\"@id\":\"https:\/\/kmkszisz.com\/#organization\",\"name\":\"K\u00e1rp\u00e1taljai Magyar Kultur\u00e1lis Sz\u00f6vegs\u00e9g Ifj\u00fas\u00e1gi Szervezete\",\"url\":\"https:\/\/kmkszisz.com\/\",\"logo\":{\"@type\":\"ImageObject\",\"inLanguage\":\"uk\",\"@id\":\"https:\/\/kmkszisz.com\/#\/schema\/logo\/image\/\",\"url\":\"https:\/\/kmkszisz.com\/wp-content\/uploads\/2025\/03\/cropped-KMKSZ-ISZ-logo-szines-hatternelkul-1-scaled.png\",\"contentUrl\":\"https:\/\/kmkszisz.com\/wp-content\/uploads\/2025\/03\/cropped-KMKSZ-ISZ-logo-szines-hatternelkul-1-scaled.png\",\"width\":2560,\"height\":2230,\"caption\":\"K\u00e1rp\u00e1taljai Magyar Kultur\u00e1lis Sz\u00f6vegs\u00e9g Ifj\u00fas\u00e1gi Szervezete\"},\"image\":{\"@id\":\"https:\/\/kmkszisz.com\/#\/schema\/logo\/image\/\"}},{\"@type\":\"Person\",\"@id\":\"https:\/\/kmkszisz.com\/#\/schema\/person\/65627e728e4eb8a7da6351356bcdbbd2\",\"name\":\"zbocx6n7zj65\",\"image\":{\"@type\":\"ImageObject\",\"inLanguage\":\"uk\",\"@id\":\"https:\/\/kmkszisz.com\/#\/schema\/person\/image\/\",\"url\":\"https:\/\/secure.gravatar.com\/avatar\/8a15a507d04ef98009579dd2a80305aa411710be28eabbfe8b948e9a2687f6ad?s=96&d=mm&r=g\",\"contentUrl\":\"https:\/\/secure.gravatar.com\/avatar\/8a15a507d04ef98009579dd2a80305aa411710be28eabbfe8b948e9a2687f6ad?s=96&d=mm&r=g\",\"caption\":\"zbocx6n7zj65\"},\"url\":\"https:\/\/kmkszisz.com\/ua\/author\/zbocx6n7zj65\/\"}]}<\/script>\n<!-- \/ Yoast SEO plugin. -->","yoast_head_json":{"title":"\u201eLegyen b\u00e9ke, szabads\u00e1g \u00e9s egyet\u00e9rt\u00e9s!\u201d \u2013 M\u00e1rcius 15. \u00fczenete K\u00e1rp\u00e1talj\u00e1n - K\u00e1rp\u00e1taljai Magyar Kultur\u00e1lis Sz\u00f6vegs\u00e9g Ifj\u00fas\u00e1gi Szervezete","robots":{"index":"index","follow":"follow","max-snippet":"max-snippet:-1","max-image-preview":"max-image-preview:large","max-video-preview":"max-video-preview:-1"},"canonical":"https:\/\/kmkszisz.com\/ua\/legyen-beke-szabadsag-es-egyetertes-marcius-15-uzenete-karpataljan\/","og_locale":"uk_UA","og_type":"article","og_title":"\u201eLegyen b\u00e9ke, szabads\u00e1g \u00e9s egyet\u00e9rt\u00e9s!\u201d \u2013 M\u00e1rcius 15. \u00fczenete K\u00e1rp\u00e1talj\u00e1n - K\u00e1rp\u00e1taljai Magyar Kultur\u00e1lis Sz\u00f6vegs\u00e9g Ifj\u00fas\u00e1gi Szervezete","og_description":"1848. m\u00e1rcius 15-e a magyar nemzet szabads\u00e1gv\u00e1gy\u00e1nak \u00e9s rend\u00edthetetlen egys\u00e9g\u00e9nek \u00f6r\u00f6k szimb\u00f3luma. Ma, t\u00f6bb mint m\u00e1sf\u00e9l \u00e9vsz\u00e1zaddal a pesti esem\u00e9nyek [&hellip;]","og_url":"https:\/\/kmkszisz.com\/ua\/legyen-beke-szabadsag-es-egyetertes-marcius-15-uzenete-karpataljan\/","og_site_name":"K\u00e1rp\u00e1taljai Magyar Kultur\u00e1lis Sz\u00f6vegs\u00e9g Ifj\u00fas\u00e1gi Szervezete","article_published_time":"2026-03-16T11:14:16+00:00","article_modified_time":"2026-03-16T11:14:20+00:00","og_image":[{"width":1108,"height":623,"url":"https:\/\/kmkszisz.com\/wp-content\/uploads\/2026\/03\/653701330_1414168330755159_7722000309574044605_n.jpg","type":"image\/jpeg"}],"author":"zbocx6n7zj65","twitter_card":"summary_large_image","twitter_misc":{"\u041d\u0430\u043f\u0438\u0441\u0430\u043d\u043e":"zbocx6n7zj65","\u041f\u0440\u0438\u0431\u043b. \u0447\u0430\u0441 \u0447\u0438\u0442\u0430\u043d\u043d\u044f":"2 \u0445\u0432\u0438\u043b\u0438\u043d\u0438"},"schema":{"@context":"https:\/\/schema.org","@graph":[{"@type":"Article","@id":"https:\/\/kmkszisz.com\/legyen-beke-szabadsag-es-egyetertes-marcius-15-uzenete-karpataljan\/#article","isPartOf":{"@id":"https:\/\/kmkszisz.com\/legyen-beke-szabadsag-es-egyetertes-marcius-15-uzenete-karpataljan\/"},"author":{"name":"zbocx6n7zj65","@id":"https:\/\/kmkszisz.com\/#\/schema\/person\/65627e728e4eb8a7da6351356bcdbbd2"},"headline":"\u201eLegyen b\u00e9ke, szabads\u00e1g \u00e9s egyet\u00e9rt\u00e9s!\u201d \u2013 M\u00e1rcius 15. \u00fczenete K\u00e1rp\u00e1talj\u00e1n","datePublished":"2026-03-16T11:14:16+00:00","dateModified":"2026-03-16T11:14:20+00:00","mainEntityOfPage":{"@id":"https:\/\/kmkszisz.com\/legyen-beke-szabadsag-es-egyetertes-marcius-15-uzenete-karpataljan\/"},"wordCount":483,"commentCount":0,"publisher":{"@id":"https:\/\/kmkszisz.com\/#organization"},"image":{"@id":"https:\/\/kmkszisz.com\/legyen-beke-szabadsag-es-egyetertes-marcius-15-uzenete-karpataljan\/#primaryimage"},"thumbnailUrl":"https:\/\/kmkszisz.com\/wp-content\/uploads\/2026\/03\/653701330_1414168330755159_7722000309574044605_n.jpg","articleSection":["Uncategorized"],"inLanguage":"uk","potentialAction":[{"@type":"CommentAction","name":"Comment","target":["https:\/\/kmkszisz.com\/legyen-beke-szabadsag-es-egyetertes-marcius-15-uzenete-karpataljan\/#respond"]}]},{"@type":"WebPage","@id":"https:\/\/kmkszisz.com\/legyen-beke-szabadsag-es-egyetertes-marcius-15-uzenete-karpataljan\/","url":"https:\/\/kmkszisz.com\/legyen-beke-szabadsag-es-egyetertes-marcius-15-uzenete-karpataljan\/","name":"\u201eLegyen b\u00e9ke, szabads\u00e1g \u00e9s egyet\u00e9rt\u00e9s!\u201d \u2013 M\u00e1rcius 15. \u00fczenete K\u00e1rp\u00e1talj\u00e1n - K\u00e1rp\u00e1taljai Magyar Kultur\u00e1lis Sz\u00f6vegs\u00e9g Ifj\u00fas\u00e1gi Szervezete","isPartOf":{"@id":"https:\/\/kmkszisz.com\/#website"},"primaryImageOfPage":{"@id":"https:\/\/kmkszisz.com\/legyen-beke-szabadsag-es-egyetertes-marcius-15-uzenete-karpataljan\/#primaryimage"},"image":{"@id":"https:\/\/kmkszisz.com\/legyen-beke-szabadsag-es-egyetertes-marcius-15-uzenete-karpataljan\/#primaryimage"},"thumbnailUrl":"https:\/\/kmkszisz.com\/wp-content\/uploads\/2026\/03\/653701330_1414168330755159_7722000309574044605_n.jpg","datePublished":"2026-03-16T11:14:16+00:00","dateModified":"2026-03-16T11:14:20+00:00","breadcrumb":{"@id":"https:\/\/kmkszisz.com\/legyen-beke-szabadsag-es-egyetertes-marcius-15-uzenete-karpataljan\/#breadcrumb"},"inLanguage":"uk","potentialAction":[{"@type":"ReadAction","target":["https:\/\/kmkszisz.com\/legyen-beke-szabadsag-es-egyetertes-marcius-15-uzenete-karpataljan\/"]}]},{"@type":"ImageObject","inLanguage":"uk","@id":"https:\/\/kmkszisz.com\/legyen-beke-szabadsag-es-egyetertes-marcius-15-uzenete-karpataljan\/#primaryimage","url":"https:\/\/kmkszisz.com\/wp-content\/uploads\/2026\/03\/653701330_1414168330755159_7722000309574044605_n.jpg","contentUrl":"https:\/\/kmkszisz.com\/wp-content\/uploads\/2026\/03\/653701330_1414168330755159_7722000309574044605_n.jpg","width":1108,"height":623},{"@type":"BreadcrumbList","@id":"https:\/\/kmkszisz.com\/legyen-beke-szabadsag-es-egyetertes-marcius-15-uzenete-karpataljan\/#breadcrumb","itemListElement":[{"@type":"ListItem","position":1,"name":"Kezd\u0151lap","item":"https:\/\/kmkszisz.com\/"},{"@type":"ListItem","position":2,"name":"\u201eLegyen b\u00e9ke, szabads\u00e1g \u00e9s egyet\u00e9rt\u00e9s!\u201d \u2013 M\u00e1rcius 15. \u00fczenete K\u00e1rp\u00e1talj\u00e1n"}]},{"@type":"WebSite","@id":"https:\/\/kmkszisz.com\/#website","url":"https:\/\/kmkszisz.com\/","name":"K\u00e1rp\u00e1taljai Magyar Kultur\u00e1lis Sz\u00f6vegs\u00e9g Ifj\u00fas\u00e1gi Szervezete","description":"Ez az oldal a KMKSZISZ hivatalos weblapja.","publisher":{"@id":"https:\/\/kmkszisz.com\/#organization"},"potentialAction":[{"@type":"SearchAction","target":{"@type":"EntryPoint","urlTemplate":"https:\/\/kmkszisz.com\/?s={search_term_string}"},"query-input":{"@type":"PropertyValueSpecification","valueRequired":true,"valueName":"search_term_string"}}],"inLanguage":"uk"},{"@type":"Organization","@id":"https:\/\/kmkszisz.com\/#organization","name":"K\u00e1rp\u00e1taljai Magyar Kultur\u00e1lis Sz\u00f6vegs\u00e9g Ifj\u00fas\u00e1gi Szervezete","url":"https:\/\/kmkszisz.com\/","logo":{"@type":"ImageObject","inLanguage":"uk","@id":"https:\/\/kmkszisz.com\/#\/schema\/logo\/image\/","url":"https:\/\/kmkszisz.com\/wp-content\/uploads\/2025\/03\/cropped-KMKSZ-ISZ-logo-szines-hatternelkul-1-scaled.png","contentUrl":"https:\/\/kmkszisz.com\/wp-content\/uploads\/2025\/03\/cropped-KMKSZ-ISZ-logo-szines-hatternelkul-1-scaled.png","width":2560,"height":2230,"caption":"K\u00e1rp\u00e1taljai Magyar Kultur\u00e1lis Sz\u00f6vegs\u00e9g Ifj\u00fas\u00e1gi Szervezete"},"image":{"@id":"https:\/\/kmkszisz.com\/#\/schema\/logo\/image\/"}},{"@type":"Person","@id":"https:\/\/kmkszisz.com\/#\/schema\/person\/65627e728e4eb8a7da6351356bcdbbd2","name":"zbocx6n7zj65","image":{"@type":"ImageObject","inLanguage":"uk","@id":"https:\/\/kmkszisz.com\/#\/schema\/person\/image\/","url":"https:\/\/secure.gravatar.com\/avatar\/8a15a507d04ef98009579dd2a80305aa411710be28eabbfe8b948e9a2687f6ad?s=96&d=mm&r=g","contentUrl":"https:\/\/secure.gravatar.com\/avatar\/8a15a507d04ef98009579dd2a80305aa411710be28eabbfe8b948e9a2687f6ad?s=96&d=mm&r=g","caption":"zbocx6n7zj65"},"url":"https:\/\/kmkszisz.com\/ua\/author\/zbocx6n7zj65\/"}]}},"uagb_featured_image_src":{"full":["https:\/\/kmkszisz.com\/wp-content\/uploads\/2026\/03\/653701330_1414168330755159_7722000309574044605_n.jpg",1108,623,false],"thumbnail":["https:\/\/kmkszisz.com\/wp-content\/uploads\/2026\/03\/653701330_1414168330755159_7722000309574044605_n-150x150.jpg",150,150,true],"medium":["https:\/\/kmkszisz.com\/wp-content\/uploads\/2026\/03\/653701330_1414168330755159_7722000309574044605_n-300x169.jpg",300,169,true],"medium_large":["https:\/\/kmkszisz.com\/wp-content\/uploads\/2026\/03\/653701330_1414168330755159_7722000309574044605_n-768x432.jpg",768,432,true],"large":["https:\/\/kmkszisz.com\/wp-content\/uploads\/2026\/03\/653701330_1414168330755159_7722000309574044605_n-1024x576.jpg",1024,576,true],"1536x1536":["https:\/\/kmkszisz.com\/wp-content\/uploads\/2026\/03\/653701330_1414168330755159_7722000309574044605_n.jpg",1108,623,false],"2048x2048":["https:\/\/kmkszisz.com\/wp-content\/uploads\/2026\/03\/653701330_1414168330755159_7722000309574044605_n.jpg",1108,623,false],"trp-custom-language-flag":["https:\/\/kmkszisz.com\/wp-content\/uploads\/2026\/03\/653701330_1414168330755159_7722000309574044605_n-18x10.jpg",18,10,true]},"uagb_author_info":{"display_name":"zbocx6n7zj65","author_link":"https:\/\/kmkszisz.com\/ua\/author\/zbocx6n7zj65\/"},"uagb_comment_info":7,"uagb_excerpt":"1848. m\u00e1rcius 15-e a magyar nemzet szabads\u00e1gv\u00e1gy\u00e1nak \u00e9s rend\u00edthetetlen egys\u00e9g\u00e9nek \u00f6r\u00f6k szimb\u00f3luma. Ma, t\u00f6bb mint m\u00e1sf\u00e9l \u00e9vsz\u00e1zaddal a pesti esem\u00e9nyek [&hellip;]","brizy_media":[],"_links":{"self":[{"href":"https:\/\/kmkszisz.com\/ua\/wp-json\/wp\/v2\/posts\/632","targetHints":{"allow":["GET"]}}],"collection":[{"href":"https:\/\/kmkszisz.com\/ua\/wp-json\/wp\/v2\/posts"}],"about":[{"href":"https:\/\/kmkszisz.com\/ua\/wp-json\/wp\/v2\/types\/post"}],"author":[{"embeddable":true,"href":"https:\/\/kmkszisz.com\/ua\/wp-json\/wp\/v2\/users\/4"}],"replies":[{"embeddable":true,"href":"https:\/\/kmkszisz.com\/ua\/wp-json\/wp\/v2\/comments?post=632"}],"version-history":[{"count":1,"href":"https:\/\/kmkszisz.com\/ua\/wp-json\/wp\/v2\/posts\/632\/revisions"}],"predecessor-version":[{"id":635,"href":"https:\/\/kmkszisz.com\/ua\/wp-json\/wp\/v2\/posts\/632\/revisions\/635"}],"wp:featuredmedia":[{"embeddable":true,"href":"https:\/\/kmkszisz.com\/ua\/wp-json\/wp\/v2\/media\/634"}],"wp:attachment":[{"href":"https:\/\/kmkszisz.com\/ua\/wp-json\/wp\/v2\/media?parent=632"}],"wp:term":[{"taxonomy":"category","embeddable":true,"href":"https:\/\/kmkszisz.com\/ua\/wp-json\/wp\/v2\/categories?post=632"},{"taxonomy":"post_tag","embeddable":true,"href":"https:\/\/kmkszisz.com\/ua\/wp-json\/wp\/v2\/tags?post=632"}],"curies":[{"name":"wp","href":"https:\/\/api.w.org\/{rel}","templated":true}]}}